{"id":257838,"date":"2020-01-20T12:03:05","date_gmt":"2020-01-20T09:03:05","guid":{"rendered":"http:\/\/www.tvturk.com\/index.php\/samsunspor-31-yil-onceki-kazada-vefat-eden-teknik-adam-ve-futbolculari-andi\/"},"modified":"2020-01-20T12:03:05","modified_gmt":"2020-01-20T09:03:05","slug":"samsunspor-31-yil-onceki-kazada-vefat-eden-teknik-adam-ve-futbolculari-andi","status":"publish","type":"post","link":"http:\/\/www.tvturk.com\/index.php\/samsunspor-31-yil-onceki-kazada-vefat-eden-teknik-adam-ve-futbolculari-andi\/","title":{"rendered":"Samsunspor, 31 y\u0131l \u00f6nceki kazada vefat eden teknik adam ve futbolcular\u0131 and\u0131"},"content":{"rendered":"<p>Samsunspor, 31 y\u0131l \u00f6nce, 20 Ocak 1989\u2019da ya\u015fanan trafik kazas\u0131nda hayat\u0131n\u0131 kaybeden teknik adam, futbolcular ve personelleri and\u0131.<\/p>\n<p>Samsunspor\u2019da anma g\u00fcn\u00fc ger\u00e7ekle\u015fti. T\u00fcrk futbolunun en ac\u0131 g\u00fcnlerinden birisi olarak tarihe ge\u00e7en, 20 Ocak 1989 tarihinde ya\u015fanan kazada Samsunspor Teknik Direkt\u00f6r\u00fc Nuri Asan, futbolculardan Muzaffer Badal\u0131o\u011flu, Mete Adan\u0131r, Zoran Tomi\u00e7 ve otob\u00fcs \u015fof\u00f6r\u00fc As\u0131m \u00d6zkan hayat\u0131n\u0131 kaybetmi\u015fti. Bundan 31 y\u0131l \u00f6nce ya\u015fanan olay\u0131n Samsun\u2019a verdi\u011fi ac\u0131 ge\u00e7en zamana ra\u011fmen hala ilk g\u00fcnk\u00fc kadar hissediliyor. Malatya deplasman\u0131na gitmek i\u00e7in yola \u00e7\u0131kan kafile, Havza\u2019da kamyonla \u00e7arp\u0131\u015fmas\u0131 sonucunda u\u00e7uruma yuvarlanm\u0131\u015ft\u0131.<\/p>\n<p>Asri Mezarl\u0131\u011f\u0131 ve K\u0131rank\u00f6y Mezarl\u0131\u011f\u0131\u2019nda anma t\u00f6reni d\u00fczenlendi<\/p>\n<p>Samsunspor, kazan\u0131n 31. y\u0131l d\u00f6n\u00fcm\u00fcnde elim kazay\u0131 hat\u0131rlatmak i\u00e7in Asri Mezarl\u0131\u011f\u0131 ve K\u0131rank\u00f6y Mezarl\u0131\u011f\u0131\u2019nda anma t\u00f6reni d\u00fczenledi. Teknik Direkt\u00f6r Nuri Asan\u2019\u0131n Asri Mezarl\u0131\u011f\u0131\u2019ndaki kabri ba\u015f\u0131na \u00e7elenk koyuldu ve dua edildi. Ayn\u0131 mezarl\u0131kta bulunan ve kazada yaralan\u0131p y\u0131llar sonra vefat eden menajer Y\u00fcksel \u00d6zan\u2019\u0131n da kabri ba\u015f\u0131nda dua yap\u0131ld\u0131.<\/p>\n<p>Samsunspor Genel Sekreteri Haluk Tan yapt\u0131\u011f\u0131 konu\u015fmada, &#8220;Ayn\u0131 ac\u0131y\u0131 31 y\u0131ld\u0131r ya\u015f\u0131yoruz. 31 y\u0131ld\u0131r kazan\u0131n an\u0131t\u0131n\u0131n yap\u0131lmamas\u0131n\u0131 eksiklik olarak g\u00f6r\u00fcyorum. \u0130n\u015fallah en k\u0131sa s\u00fcrede an\u0131t\u0131n yap\u0131m\u0131 tamamlan\u0131r. Kazada hayat\u0131n\u0131 kaybedenlere Allah\u2019tan rahmet, yaral\u0131 kurtulanlara da uzun \u00f6m\u00fcrler diliyorum&#8221; dedi.<\/p>\n<p>Emin Kar: &#8220;O kazay\u0131 her g\u00fcn ya\u015f\u0131yorum&#8221;<\/p>\n<p>Kazada sakat kalan ve belden a\u015fa\u011f\u0131s\u0131 fel\u00e7 olan Samsunspor\u2019un eski kaptan\u0131 ve ba\u015fkan\u0131 Emin Kar, &#8220;Kazan\u0131n ard\u0131ndan 31 sene ge\u00e7ti. Bu sene de hayat\u0131n\u0131 kaybedenleri anmaya geldik. Bug\u00fcn de o g\u00fcne benzeyen ya\u011fmurlu ve puslu bir g\u00fcn var. Baz\u0131 insanlar o g\u00fcn\u00fc unutabilir ama benim i\u00e7in zor g\u00fcnlerdi. O kazay\u0131 her g\u00fcn ya\u015f\u0131yorum \u00e7\u00fcnk\u00fc hayat\u0131m\u0131 tekerlekli sandalye \u00fczerinde idame ettiriyorum. Zor bir s\u00fcre\u00e7ti ve hala devam ediyor. Allah kazada hayat\u0131n\u0131 kaybedenlere rahmet eylesin&#8221; diye konu\u015ftu.<\/p>\n<p>T\u00f6ren daha sonras\u0131nda K\u0131rank\u00f6y Mezarl\u0131\u011f\u0131\u2019ndaki As\u0131m \u00d6zkan\u2019\u0131n kabrinde de devam etti. \u00d6zkan\u2019\u0131n mezar\u0131 ba\u015f\u0131nda dua yap\u0131ld\u0131 ve kabrine \u00e7i\u00e7ek b\u0131rak\u0131ld\u0131. Ayn\u0131 zamanda Mete Atan\u0131r i\u00e7in K\u0131br\u0131s\u2019ta, Muzaffer Badal\u0131o\u011flu i\u00e7in Zonguldak\u2019ta ve Tomi\u00e7 i\u00e7in de S\u0131rbistan\u2019da t\u00f6ren d\u00fczenlendi\u011fi \u00f6\u011frenildi.<\/p>\n<p>T\u00f6renlere ayr\u0131ca, Samsunspor Kul\u00fcb\u00fc Derne\u011fi Y\u00f6netim Kurulu Ba\u015fkan\u0131 Suat \u00c7ak\u0131r, Samsun B\u00fcy\u00fck\u015fehir Belediyesi Ba\u015fkanvekili Nihat So\u011fuk, \u0130lkad\u0131m Belediye Ba\u015fkan\u0131 Necattin Demirta\u015f, Canik Belediye Ba\u015fkan\u0131 \u0130brahim Sand\u0131k\u00e7\u0131, Samsunspor Y\u00f6netim Kurulu \u00dcyeleri ve taraftarlar kat\u0131ld\u0131.<\/p>\n","protected":false},"excerpt":{"rendered":"<p>SAMSUNSPOR, 31 YIL \u00d6NCE, 20 OCAK 1989\u2019DA YA\u015eANAN TRAF\u0130K KAZASINDA HAYATINI KAYBEDEN TEKN\u0130K ADAM, FUTBOLCULAR VE PERSONELLER\u0130 \u0130\u00c7\u0130N ANMA T\u00d6REN\u0130 D\u00dcZENLED\u0130.<\/p>\n","protected":false},"author":1,"featured_media":257839,"comment_status":"closed","ping_status":"open","sticky":false,"template":"","format":"standard","meta":{"jetpack_post_was_ever_published":false,"_jetpack_newsletter_access":"","_jetpack_dont_email_post_to_subs":false,"_jetpack_newsletter_tier_id":0,"_jetpack_memberships_contains_paywalled_content":false,"_jetpack_memberships_contains_paid_content":false,"footnotes":"","jetpack_publicize_message":"","jetpack_publicize_feature_enabled":true,"jetpack_social_post_already_shared":true,"jetpack_social_options":{"image_generator_settings":{"template":"highway","default_image_id":0,"font":"","enabled":false},"version":2}},"categories":[657],"tags":[5386,16697,2393,11853,1210,5335,8450,2082,15559,231],"class_list":["post-257838","post","type-post","status-publish","format-standard","has-post-thumbnail","hentry","category-spor","tag-adam","tag-andi","tag-eden","tag-futbolculari","tag-kazada","tag-onceki","tag-samsunspor","tag-teknik","tag-vefat","tag-yil"],"jetpack_publicize_connections":[],"jetpack_featured_media_url":"https:\/\/i0.wp.com\/www.tvturk.com\/wp-content\/uploads\/2020\/01\/samsunspor-31-yil-onceki-kazada-vefat-eden-teknik-adam-ve-futbolculari-andi_1928425.jpg?fit=1000%2C666","jetpack_sharing_enabled":true,"jetpack_shortlink":"https:\/\/wp.me\/paKIfm-154G","_links":{"self":[{"href":"http:\/\/www.tvturk.com\/index.php\/wp-json\/wp\/v2\/posts\/257838","targetHints":{"allow":["GET"]}}],"collection":[{"href":"http:\/\/www.tvturk.com\/index.php\/wp-json\/wp\/v2\/posts"}],"about":[{"href":"http:\/\/www.tvturk.com\/index.php\/wp-json\/wp\/v2\/types\/post"}],"author":[{"embeddable":true,"href":"http:\/\/www.tvturk.com\/index.php\/wp-json\/wp\/v2\/users\/1"}],"replies":[{"embeddable":true,"href":"http:\/\/www.tvturk.com\/index.php\/wp-json\/wp\/v2\/comments?post=257838"}],"version-history":[{"count":0,"href":"http:\/\/www.tvturk.com\/index.php\/wp-json\/wp\/v2\/posts\/257838\/revisions"}],"wp:featuredmedia":[{"embeddable":true,"href":"http:\/\/www.tvturk.com\/index.php\/wp-json\/wp\/v2\/media\/257839"}],"wp:attachment":[{"href":"http:\/\/www.tvturk.com\/index.php\/wp-json\/wp\/v2\/media?parent=257838"}],"wp:term":[{"taxonomy":"category","embeddable":true,"href":"http:\/\/www.tvturk.com\/index.php\/wp-json\/wp\/v2\/categories?post=257838"},{"taxonomy":"post_tag","embeddable":true,"href":"http:\/\/www.tvturk.com\/index.php\/wp-json\/wp\/v2\/tags?post=257838"}],"curies":[{"name":"wp","href":"https:\/\/api.w.org\/{rel}","templated":true}]}}