{"id":257842,"date":"2020-01-20T12:16:45","date_gmt":"2020-01-20T09:16:45","guid":{"rendered":"http:\/\/www.tvturk.com\/index.php\/avcilarin-buldugu-yarali-karaca-tedavi-altina-alindi\/"},"modified":"2020-01-20T12:16:45","modified_gmt":"2020-01-20T09:16:45","slug":"avcilarin-buldugu-yarali-karaca-tedavi-altina-alindi","status":"publish","type":"post","link":"http:\/\/www.tvturk.com\/index.php\/avcilarin-buldugu-yarali-karaca-tedavi-altina-alindi\/","title":{"rendered":"Avc\u0131lar\u0131n buldu\u011fu yaral\u0131 karaca tedavi alt\u0131na al\u0131nd\u0131"},"content":{"rendered":"<p>D\u00fczce\u2019nin Cumayeri il\u00e7esinde avc\u0131lar taraf\u0131ndan ormanl\u0131k alanda bulunan sa\u011f \u00f6n aya\u011f\u0131 k\u0131r\u0131k oldu\u011fu tespit edilen yaral\u0131 karaca tedavi alt\u0131na al\u0131nd\u0131.<\/p>\n<p>D\u00fczce\u2019nin Cumayeri \u0130l\u00e7esi ile Ak\u00e7akoca \u0130l\u00e7esi aras\u0131nda ki ormanl\u0131k alanda av yapan avc\u0131lar, yaral\u0131 karacay\u0131 fark ettiler. Sa\u011f \u00f6n aya\u011f\u0131n\u0131n k\u0131r\u0131k oldu\u011funu fark eden avc\u0131lar, yaral\u0131 karacay\u0131 ara\u00e7lar\u0131n\u0131n bagaj\u0131na alarak Dokuzde\u011firmen K\u00f6y\u00fc\u2019ne kadar indirdiler. Burada yaral\u0131 karacay\u0131 Do\u011fa Koruma ve Milli Parklar \u015eube M\u00fcd\u00fcrl\u00fc\u011f\u00fc ekiplerine teslim ettiler. Ekipler yaral\u0131 hayvan\u0131 alarak veterinere g\u00f6t\u00fcr\u00fcp tedavi ettirdikten sonra Efteni Do\u011fal hayat\u0131 koruma ve rehabilitasyon merkezinde bak\u0131ma ald\u0131lar. Karaca aya\u011f\u0131 iyile\u015fti\u011finde yeniden do\u011faya sal\u0131naca\u011f\u0131 \u00f6\u011frenildi.<\/p>\n","protected":false},"excerpt":{"rendered":"<p>D\u00dcZCE\u2019N\u0130N CUMAYER\u0130 \u0130L\u00c7ES\u0130NDE AVCILAR TARAFINDAN ORMANLIK ALANDA BULUNAN SA\u011e \u00d6N AYA\u011eI KIRIK OLDU\u011eU TESP\u0130T ED\u0130LEN YARALI KARACA TEDAV\u0130 ALTINA ALINDI<\/p>\n","protected":false},"author":1,"featured_media":257843,"comment_status":"closed","ping_status":"open","sticky":false,"template":"","format":"standard","meta":{"jetpack_post_was_ever_published":false,"_jetpack_newsletter_access":"","_jetpack_dont_email_post_to_subs":false,"_jetpack_newsletter_tier_id":0,"_jetpack_memberships_contains_paywalled_content":false,"_jetpack_memberships_contains_paid_content":false,"footnotes":"","jetpack_publicize_message":"","jetpack_publicize_feature_enabled":true,"jetpack_social_post_already_shared":true,"jetpack_social_options":{"image_generator_settings":{"template":"highway","default_image_id":0,"font":"","enabled":false},"version":2}},"categories":[1],"tags":[1014,1186,534,13747,238,144,774],"class_list":["post-257842","post","type-post","status-publish","format-standard","has-post-thumbnail","hentry","category-genel","tag-alindi","tag-altina","tag-avcilarin","tag-buldugu","tag-karaca","tag-tedavi","tag-yarali"],"jetpack_publicize_connections":[],"jetpack_featured_media_url":"https:\/\/i0.wp.com\/www.tvturk.com\/wp-content\/uploads\/2020\/01\/avcilarin-buldugu-yarali-karaca-tedavi-altina-alindi_6ecf8ca.jpg?fit=750%2C1000","jetpack_sharing_enabled":true,"jetpack_shortlink":"https:\/\/wp.me\/paKIfm-154K","_links":{"self":[{"href":"http:\/\/www.tvturk.com\/index.php\/wp-json\/wp\/v2\/posts\/257842","targetHints":{"allow":["GET"]}}],"collection":[{"href":"http:\/\/www.tvturk.com\/index.php\/wp-json\/wp\/v2\/posts"}],"about":[{"href":"http:\/\/www.tvturk.com\/index.php\/wp-json\/wp\/v2\/types\/post"}],"author":[{"embeddable":true,"href":"http:\/\/www.tvturk.com\/index.php\/wp-json\/wp\/v2\/users\/1"}],"replies":[{"embeddable":true,"href":"http:\/\/www.tvturk.com\/index.php\/wp-json\/wp\/v2\/comments?post=257842"}],"version-history":[{"count":0,"href":"http:\/\/www.tvturk.com\/index.php\/wp-json\/wp\/v2\/posts\/257842\/revisions"}],"wp:featuredmedia":[{"embeddable":true,"href":"http:\/\/www.tvturk.com\/index.php\/wp-json\/wp\/v2\/media\/257843"}],"wp:attachment":[{"href":"http:\/\/www.tvturk.com\/index.php\/wp-json\/wp\/v2\/media?parent=257842"}],"wp:term":[{"taxonomy":"category","embeddable":true,"href":"http:\/\/www.tvturk.com\/index.php\/wp-json\/wp\/v2\/categories?post=257842"},{"taxonomy":"post_tag","embeddable":true,"href":"http:\/\/www.tvturk.com\/index.php\/wp-json\/wp\/v2\/tags?post=257842"}],"curies":[{"name":"wp","href":"https:\/\/api.w.org\/{rel}","templated":true}]}}