{"id":257878,"date":"2020-01-20T12:48:00","date_gmt":"2020-01-20T09:48:00","guid":{"rendered":"http:\/\/www.tvturk.com\/index.php\/kurtulusun-100uncu-yili-turk-halk-muzigi-ile-kutlandi\/"},"modified":"2020-01-20T12:48:00","modified_gmt":"2020-01-20T09:48:00","slug":"kurtulusun-100uncu-yili-turk-halk-muzigi-ile-kutlandi","status":"publish","type":"post","link":"http:\/\/www.tvturk.com\/index.php\/kurtulusun-100uncu-yili-turk-halk-muzigi-ile-kutlandi\/","title":{"rendered":"Kurtulu\u015fun 100\u2019\u00fcnc\u00fc y\u0131l\u0131 \u2018T\u00fcrk Halk M\u00fczi\u011fi\u2019 ile kutland\u0131"},"content":{"rendered":"<p>Kahramanmara\u015f\u2019\u0131n d\u00fc\u015fman i\u015fgalinden kurtulu\u015funun 100 y\u0131l\u0131 \u2018T\u00fcrk Halk M\u00fczi\u011fi\u2019 konseri ile kutland\u0131.<\/p>\n<p>Kahramanmara\u015f\u2019\u0131n d\u00fc\u015fman i\u015fgalinden kurtulu\u015funun 100. y\u0131l\u0131 \u00e7e\u015fitli etkinliklerle kutlan\u0131yor. Cumhurba\u015fkanl\u0131\u011f\u0131 himayesinde ger\u00e7ekle\u015fecek etkinlikler kapsam\u0131nda Necip Faz\u0131l K\u0131sak\u00fcrek K\u00fclt\u00fcr Merkezi\u2019nde d\u00fczenlenen \u2018T\u00fcrk Halk M\u00fczi\u011fi\u2019 konseri izleyenlere keyifli dakikalar ya\u015fatt\u0131.<\/p>\n<p>\u201cT\u00fcrk\u00fclerin \u00e7o\u011funda tarih yat\u0131yor\u201d<\/p>\n<p>Kahramanmara\u015f B\u00fcy\u00fck\u015fehir Belediye ba\u015fkan\u0131 Hayrettin G\u00fcng\u00f6r, T\u00fcrk Halk M\u00fczi\u011fine b\u00fcy\u00fck ilgisi oldu\u011funu ifade ederek &#8220;Bir toplumun k\u00fclt\u00fcr\u00fc,sanat\u0131,m\u00fczi\u011fi o toplumun bir\u00e7ok \u015feyini belirler.Her bir t\u00fcrk\u00fcm\u00fcz\u00fcn ayr\u0131 hikayesi var. Bu nedenle k\u00fclt\u00fcr\u00fcm\u00fczde ayr\u0131 bir \u00f6nemi var&#8221; dedi.<\/p>\n<p>\u00d6\u011frencilik d\u00f6neminde de bir\u00e7ok enstr\u00fcman \u00e7almaya niyetlendi\u011fini dile getiren G\u00fcng\u00f6r &#8220;\u00d6\u011frencilik d\u00f6neminde m\u00fczikle u\u011fra\u015fmay\u0131 \u00e7ok istedim ama olmad\u0131.T\u00fcrk halk m\u00fczi\u011fini dinlemek bana ayr\u0131 bir zevk veriyor. Bu t\u00fcrk\u00fclerin \u00e7o\u011funda tarih yat\u0131yor. Konserde eme\u011fi ge\u00e7en herkese \u00e7ok te\u015fekk\u00fcr ediyorum&#8221;ifadelerini kulland\u0131.<\/p>\n<p>\u201cT\u00fcrkiye\u2019nin bir\u00e7ok y\u00f6resinden eserler seslendirildi\u201d<\/p>\n<p>Kahramanmara\u015f\u2019tan T\u00fcrkiye\u2019ye T\u00fcrk Halk M\u00fczi\u011fi Konseri ba\u015fl\u0131\u011f\u0131 ile Kahramanmara\u015f B\u00fcy\u00fck\u015fehir Belediyesi sorumlulu\u011funda d\u00fczenlenen konser, dinleyenlere duygulu anlar ya\u015fatt\u0131.Ay\u015fe Yasemin G\u00fcl\u2019\u00fcn sundu\u011fu programda koro \u015fefi olarak Hatice Fato\u015f Derebent sahne ald\u0131.<\/p>\n<p>\u00c7ok say\u0131da t\u00fcrk\u00fcseverin kat\u0131ld\u0131\u011f\u0131 konserde T\u00fcrk Halk M\u00fczi\u011fi severler, keyifli bir ak\u015fam ya\u015fad\u0131.Konserde sanat\u00e7\u0131lar T\u00fcrkiye\u2019nin bir\u00e7ok y\u00f6resinden seslendirdikleri koro ve solo eserlerle dinleyenlerin be\u011fenisini kazand\u0131.Programda yap\u0131lan yerel dans g\u00f6sterileri ise ilgiyle izlendi.<\/p>\n<p>Beraber ve solo s\u00f6ylenen t\u00fcrk\u00fclere ise t\u00fcrk\u00fcseverler solistlere e\u015flik etti. Salonu dolduran t\u00fcrk\u00fcseverler sanat\u00e7\u0131lar\u0131 ve saz ekibini uzun s\u00fcre alk\u0131\u015flad\u0131.<\/p>\n","protected":false},"excerpt":{"rendered":"<p>KURTULU\u015eUN 100\u2019\u00dcNC\u00dc YILI \u2018T\u00dcRK HALK M\u00dcZ\u0130\u011e\u0130\u2019 \u0130LE KUTLANDI<\/p>\n","protected":false},"author":1,"featured_media":257879,"comment_status":"closed","ping_status":"open","sticky":false,"template":"","format":"standard","meta":{"jetpack_post_was_ever_published":false,"_jetpack_newsletter_access":"","_jetpack_dont_email_post_to_subs":false,"_jetpack_newsletter_tier_id":0,"_jetpack_memberships_contains_paywalled_content":false,"_jetpack_memberships_contains_paid_content":false,"footnotes":"","jetpack_publicize_message":"","jetpack_publicize_feature_enabled":true,"jetpack_social_post_already_shared":true,"jetpack_social_options":{"image_generator_settings":{"template":"highway","default_image_id":0,"font":"","enabled":false},"version":2}},"categories":[656],"tags":[8970,4563,1933,192,2822,7340,957,2128],"class_list":["post-257878","post","type-post","status-publish","format-standard","has-post-thumbnail","hentry","category-kultur-sanat","tag-kurtulusun","tag-100uncu","tag-halk","tag-ile","tag-kutlandi","tag-muzigi","tag-turk","tag-yili"],"jetpack_publicize_connections":[],"jetpack_featured_media_url":"https:\/\/i0.wp.com\/www.tvturk.com\/wp-content\/uploads\/2020\/01\/kurtulusun-100uncu-yili-turk-halk-muzigi-ile-kutlandi_2c21991.jpg?fit=1000%2C618","jetpack_sharing_enabled":true,"jetpack_shortlink":"https:\/\/wp.me\/paKIfm-155k","_links":{"self":[{"href":"http:\/\/www.tvturk.com\/index.php\/wp-json\/wp\/v2\/posts\/257878","targetHints":{"allow":["GET"]}}],"collection":[{"href":"http:\/\/www.tvturk.com\/index.php\/wp-json\/wp\/v2\/posts"}],"about":[{"href":"http:\/\/www.tvturk.com\/index.php\/wp-json\/wp\/v2\/types\/post"}],"author":[{"embeddable":true,"href":"http:\/\/www.tvturk.com\/index.php\/wp-json\/wp\/v2\/users\/1"}],"replies":[{"embeddable":true,"href":"http:\/\/www.tvturk.com\/index.php\/wp-json\/wp\/v2\/comments?post=257878"}],"version-history":[{"count":0,"href":"http:\/\/www.tvturk.com\/index.php\/wp-json\/wp\/v2\/posts\/257878\/revisions"}],"wp:featuredmedia":[{"embeddable":true,"href":"http:\/\/www.tvturk.com\/index.php\/wp-json\/wp\/v2\/media\/257879"}],"wp:attachment":[{"href":"http:\/\/www.tvturk.com\/index.php\/wp-json\/wp\/v2\/media?parent=257878"}],"wp:term":[{"taxonomy":"category","embeddable":true,"href":"http:\/\/www.tvturk.com\/index.php\/wp-json\/wp\/v2\/categories?post=257878"},{"taxonomy":"post_tag","embeddable":true,"href":"http:\/\/www.tvturk.com\/index.php\/wp-json\/wp\/v2\/tags?post=257878"}],"curies":[{"name":"wp","href":"https:\/\/api.w.org\/{rel}","templated":true}]}}