{"id":257882,"date":"2020-01-20T13:02:07","date_gmt":"2020-01-20T10:02:07","guid":{"rendered":"http:\/\/www.tvturk.com\/index.php\/anadolu-yayincilar-dernegi-baskani-burhan-berat-albayraka-yapilan-medya-lincini-kiniyoruz\/"},"modified":"2020-01-20T13:02:07","modified_gmt":"2020-01-20T10:02:07","slug":"anadolu-yayincilar-dernegi-baskani-burhan-berat-albayraka-yapilan-medya-lincini-kiniyoruz","status":"publish","type":"post","link":"http:\/\/www.tvturk.com\/index.php\/anadolu-yayincilar-dernegi-baskani-burhan-berat-albayraka-yapilan-medya-lincini-kiniyoruz\/","title":{"rendered":"Anadolu Yay\u0131nc\u0131lar Derne\u011fi Ba\u015fkan\u0131 Burhan: \u201cBerat Albayrak\u2019a yap\u0131lan medya lincini k\u0131n\u0131yoruz\u201d"},"content":{"rendered":"<p>Anadolu Yay\u0131nc\u0131lar Derne\u011fi Ba\u015fkan\u0131 Sinan Burhan, \u201cBerat Albayrak\u2019a yap\u0131lan medya lincini k\u0131n\u0131yoruz\u201d dedi.<\/p>\n<p>Anadolu Yay\u0131nc\u0131lar Derne\u011fi Ba\u015fkan\u0131 Sinan Burhan, Hazine ve Maliye Bakan\u0131 Berat Albayrak\u2019a y\u00f6nelik bug\u00fcn \u00e7\u0131kan bir gazete haberi \u00fczerine son zamanlarda Albayrak ailesine medya taraf\u0131ndan sald\u0131r\u0131 oldu\u011funu iddia etti. Burhan konuyla ilgili Bakan Albayrak\u2019a destek verdiklerini a\u00e7\u0131klayan yaz\u0131l\u0131 bir a\u00e7\u0131klama da yapt\u0131.<\/p>\n<p>Anadolu Yay\u0131nc\u0131lar Derne\u011fi Ba\u015fkan\u0131 Burhan, bug\u00fcn bir gazetede \u00e7\u0131kan \u2018Damat i\u015fini biliyor\u2019 haberi \u00fczerine, \u201cSon g\u00fcnlerde Hazine ve Maliye Bakan\u0131 Say\u0131n Berat Albayrak ve ailesine y\u00f6nelik haks\u0131z medya sald\u0131r\u0131lar\u0131 artarak devam ediyor. Bas\u0131n kurulu\u015flar\u0131 haber yaparken d\u00fcr\u00fcstl\u00fck ve \u015feffafl\u0131ktan ayr\u0131lmamal\u0131d\u0131r. Bir medya gurubunun ve beraberindeki di\u011fer medya guruplar\u0131n\u0131n temel amac\u0131 do\u011fru haber vermek olmal\u0131d\u0131r. Hazine ve Maliye Bakan\u0131 Berat Albayrak\u2019\u0131n babas\u0131, k\u0131ymetli meslekta\u015f\u0131m\u0131z, Sad\u0131k Albayrak taraf\u0131ndan 2003 y\u0131l\u0131nda al\u0131nm\u0131\u015f bir arsan\u0131n yeni al\u0131nm\u0131\u015f gibi g\u00f6sterilmesi medya lincinin en a\u00e7\u0131k g\u00f6stergesidir\u201d a\u00e7\u0131klamas\u0131nda bulundu.<\/p>\n<p>T\u00fcrkiye\u2019yi y\u00f6neten kesimin \u015feffaf olmas\u0131 gerekti\u011fini savunan Burhan, herhangi bir konu \u00fczerinde karanl\u0131k bir taraf olmas\u0131 durumunda medyan\u0131n haber yapmas\u0131 gerekti\u011fini s\u00f6yledi. Bakan Albayrak\u2019a ili\u015fkin bug\u00fcn yap\u0131lan haberle ilgili her \u015feyin a\u00e7\u0131k oldu\u011funu vurgulayan Burhan, yap\u0131lan haberi karakter suikast\u0131 olarak de\u011ferlendirdi. Burhan, \u201cElbette memleketi y\u00f6neten \u015feffaf olmal\u0131d\u0131r. Bir karanl\u0131k taraf varsa medya haber yapmal\u0131d\u0131r. Ancak burada her \u015fey a\u00e7\u0131k ve netken yap\u0131lan haber bir karakter suikast\u0131d\u0131r. \u00dcst\u00fcnde k\u00f6y evi ve bah\u00e7e olan bu arsan\u0131n yan\u0131 ba\u015f\u0131ndaki arsan\u0131n al\u0131nmas\u0131 insan\u0131 bir durumdur. T\u00fcm vatanda\u015flar\u0131m\u0131z taraf\u0131ndan yap\u0131lan biti\u015fik arsayla birle\u015ftirme uygulamas\u0131 do\u011fal bir uygulamad\u0131r. 17 y\u0131l \u00f6nce al\u0131nm\u0131\u015f bir arsan\u0131n bug\u00fcn yeni al\u0131nm\u0131\u015f gibi g\u00f6sterilmesi medyatik lin\u00e7tir. Maksatl\u0131 bir kampanyad\u0131r. Bu lin\u00e7 giri\u015fimini k\u0131n\u0131yoruz\u201d ifadelerini kulland\u0131.<\/p>\n","protected":false},"excerpt":{"rendered":"<p>ANADOLU YAYINCILAR DERNE\u011e\u0130 BA\u015eKANI S\u0130NAN BURHAN, \u201cBERAT ALBAYRAK\u2019A YAPILAN MEDYA L\u0130N\u00c7\u0130N\u0130 KINIYORUZ\u201d DED\u0130.<\/p>\n","protected":false},"author":1,"featured_media":257883,"comment_status":"closed","ping_status":"open","sticky":false,"template":"","format":"standard","meta":{"jetpack_post_was_ever_published":false,"_jetpack_newsletter_access":"","_jetpack_dont_email_post_to_subs":false,"_jetpack_newsletter_tier_id":0,"_jetpack_memberships_contains_paywalled_content":false,"_jetpack_memberships_contains_paid_content":false,"footnotes":"","jetpack_publicize_message":"","jetpack_publicize_feature_enabled":true,"jetpack_social_post_already_shared":true,"jetpack_social_options":{"image_generator_settings":{"template":"highway","default_image_id":0,"font":"","enabled":false},"version":2}},"categories":[1],"tags":[19757,1223,216,13187,18737,6333,24208,63693,5066,530,14356],"class_list":["post-257882","post","type-post","status-publish","format-standard","has-post-thumbnail","hentry","category-genel","tag-albayraka","tag-anadolu","tag-baskani","tag-berat","tag-burhan","tag-dernegi","tag-kiniyoruz","tag-lincini","tag-medya","tag-yapilan","tag-yayincilar"],"jetpack_publicize_connections":[],"jetpack_featured_media_url":"https:\/\/i0.wp.com\/www.tvturk.com\/wp-content\/uploads\/2020\/01\/anadolu-yayincilar-dernegi-baskani-burhan-berat-albayraka-yapilan-medya-lincini-kiniyoruz_0e7bafa.jpg?fit=942%2C1000","jetpack_sharing_enabled":true,"jetpack_shortlink":"https:\/\/wp.me\/paKIfm-155o","_links":{"self":[{"href":"http:\/\/www.tvturk.com\/index.php\/wp-json\/wp\/v2\/posts\/257882","targetHints":{"allow":["GET"]}}],"collection":[{"href":"http:\/\/www.tvturk.com\/index.php\/wp-json\/wp\/v2\/posts"}],"about":[{"href":"http:\/\/www.tvturk.com\/index.php\/wp-json\/wp\/v2\/types\/post"}],"author":[{"embeddable":true,"href":"http:\/\/www.tvturk.com\/index.php\/wp-json\/wp\/v2\/users\/1"}],"replies":[{"embeddable":true,"href":"http:\/\/www.tvturk.com\/index.php\/wp-json\/wp\/v2\/comments?post=257882"}],"version-history":[{"count":0,"href":"http:\/\/www.tvturk.com\/index.php\/wp-json\/wp\/v2\/posts\/257882\/revisions"}],"wp:featuredmedia":[{"embeddable":true,"href":"http:\/\/www.tvturk.com\/index.php\/wp-json\/wp\/v2\/media\/257883"}],"wp:attachment":[{"href":"http:\/\/www.tvturk.com\/index.php\/wp-json\/wp\/v2\/media?parent=257882"}],"wp:term":[{"taxonomy":"category","embeddable":true,"href":"http:\/\/www.tvturk.com\/index.php\/wp-json\/wp\/v2\/categories?post=257882"},{"taxonomy":"post_tag","embeddable":true,"href":"http:\/\/www.tvturk.com\/index.php\/wp-json\/wp\/v2\/tags?post=257882"}],"curies":[{"name":"wp","href":"https:\/\/api.w.org\/{rel}","templated":true}]}}