{"id":257886,"date":"2020-01-20T13:02:19","date_gmt":"2020-01-20T10:02:19","guid":{"rendered":"http:\/\/www.tvturk.com\/index.php\/hataydan-idlibe-insani-yardim\/"},"modified":"2020-01-20T13:02:19","modified_gmt":"2020-01-20T10:02:19","slug":"hataydan-idlibe-insani-yardim","status":"publish","type":"post","link":"http:\/\/www.tvturk.com\/index.php\/hataydan-idlibe-insani-yardim\/","title":{"rendered":"Hatay\u2019dan \u0130dlib\u2019e insani yard\u0131m"},"content":{"rendered":"<p>Hatay\u2019da toplanan insani yard\u0131m malzemeleri Suriye\u2019nin \u0130dlib kentine g\u00f6nderildi.<\/p>\n<p>AK Parti il ve il\u00e7e te\u015fkilatlar\u0131 taraf\u0131ndan toplanan i\u00e7erisinde k\u0131\u015fl\u0131k malzemenin yan\u0131 s\u0131ra, yiyecek ve bebek mamas\u0131n\u0131n da oldu\u011fu iki t\u0131rl\u0131k yard\u0131m malzemesi AK Parti Hatay Milletvekili Sabahat \u00d6zg\u00fcrsoy \u00c7elik\u2019in de kat\u0131ld\u0131\u011f\u0131 t\u00f6renle Yaylada\u011f\u0131 il\u00e7esinden \u0130dlib\u2019teki ailelere ula\u015ft\u0131r\u0131lmak \u00fczere yola \u00e7\u0131kt\u0131.<\/p>\n<p>Milletvekili Sabahat \u00d6zg\u00fcrsoy \u00c7elik, &#8220;Bug\u00fcn burada insanl\u0131k dram\u0131na kar\u015f\u0131 AK Parti\u2019nin duru\u015funu g\u00f6zler \u00f6n\u00fcne serdi\u011fimiz bir an\u0131 ya\u015famaktay\u0131z. T\u00fcrkiye Cumhuriyeti olarak her zaman mazlumlar\u0131n yan\u0131nda zalimlerin kar\u015f\u0131s\u0131nda durmu\u015f bir devletiz. Bir kat elbisenin, bir lokma ekme\u011fin bir can\u0131 kurtarabilece\u011fini biliyoruz ve ayn\u0131 \u015fekilde de Suriyeli karde\u015flerimizin bize ihtiya\u00e7lar\u0131 oldu\u011funu biliyoruz. Hava \u015fartlar\u0131 ne kadar a\u011f\u0131r, \u00e7amurun i\u00e7inde ba\u015f ba\u015fa kalm\u0131\u015f durumdalar, bizler elimizden geldi\u011fince Cumhurba\u015fkan\u0131m\u0131z\u0131n \u00f6nderli\u011finde durmaya da devam edece\u011fiz. Bir an \u00f6nce de Suriye\u2019deki insanl\u0131k dram\u0131n\u0131n bitmesini ve oralara esenlik, refah\u0131n getirilmesini niyaz ediyorum&#8221; dedi.<\/p>\n<p>AK Parti Yaylada\u011f\u0131 \u0130l\u00e7e Ba\u015fkan\u0131 Do\u011fan G\u00fcrlen de, &#8220;S\u0131n\u0131r\u0131m\u0131z\u0131n \u00f6b\u00fcr taraf\u0131nda ya\u015fanan insanl\u0131k dram\u0131na sessiz kalamazd\u0131k ve bug\u00fcne kadar da kalmad\u0131k. Burada insanlar\u0131n k\u0131\u015f \u015fartlar\u0131nda ne kadar zorda olduklar\u0131n\u0131 g\u00f6r\u00fcp yard\u0131mlar\u0131m\u0131z\u0131 yapmaya devam edece\u011fiz&#8221; diye konu\u015ftu.<\/p>\n<p>Yaylada\u011f\u0131 Belediye Ba\u015fkan\u0131 Mustafa Say\u0131n ise, \u015funlar\u0131 kaydetti:<\/p>\n<p>&#8220;Yak\u0131n kom\u015fu uzak akrabadan iyidir d\u00fc\u015f\u00fcncesiyle, bu yak\u0131nl\u0131k derecemizde en b\u00fcy\u00fck g\u00f6revi en b\u00fcy\u00fck hizmet \u00e7amur deryas\u0131nda ya\u015fayan Suriyeli karde\u015flerimizin Allah yar ve yard\u0131mc\u0131s\u0131 olsun. S\u0131n\u0131rdaki Suriyeli vatanda\u015flar\u0131m\u0131z\u0131n yanlar\u0131nda oldu\u011fumuzu bilmelerini isterim.&#8221;<\/p>\n<p>Antakya Belediye Ba\u015fkan\u0131 \u0130zzettin Y\u0131lma da konu\u015fmas\u0131nda, &#8220;Art\u0131k herkes kendine gelsin, art\u0131k sadece bir kesime y\u00fcklenilmesin. \u0130nsan oldu\u011fumuzu unutmayal\u0131m ve yard\u0131mlar\u0131m\u0131z\u0131 esirgemeyelim&#8221; dedi.<\/p>\n<p>AK Parti Antakya \u0130l\u00e7e Ba\u015fkan\u0131 Emrullah G\u00fclen ise, &#8220;\u00dc\u00e7 be\u015f kilometre \u00f6temizde bir insanl\u0131k dram\u0131 ya\u015fan\u0131yor. Biz bu drama sessiz kalamazd\u0131k, \u00fczerimize d\u00fc\u015feni yapt\u0131k, yap\u0131yoruz ve yapmaya da devam edece\u011fiz in\u015fallah. T\u00fcm T\u00fcrkiye\u2019ye buradan sesleniyorum, yan\u0131 ba\u015f\u0131m\u0131zda ya\u015fanan insanl\u0131k dram\u0131na sessiz kalmay\u0131p elimizden geldi\u011finde yard\u0131mlar\u0131m\u0131z\u0131 esirgemeyelim&#8221; ifadelerini kulland\u0131.<\/p>\n","protected":false},"excerpt":{"rendered":"<p>HATAY&#8217;DA TOPLANAN \u0130NSAN\u0130 YARDIM MALZEMELER\u0130 SUR\u0130YE&#8217;N\u0130N \u0130DL\u0130B KENT\u0130NE G\u00d6NDER\u0130LD\u0130.<\/p>\n","protected":false},"author":1,"featured_media":257887,"comment_status":"closed","ping_status":"open","sticky":false,"template":"","format":"standard","meta":{"jetpack_post_was_ever_published":false,"_jetpack_newsletter_access":"","_jetpack_dont_email_post_to_subs":false,"_jetpack_newsletter_tier_id":0,"_jetpack_memberships_contains_paywalled_content":false,"_jetpack_memberships_contains_paid_content":false,"footnotes":"","jetpack_publicize_message":"","jetpack_publicize_feature_enabled":true,"jetpack_social_post_already_shared":true,"jetpack_social_options":{"image_generator_settings":{"template":"highway","default_image_id":0,"font":"","enabled":false},"version":2}},"categories":[1],"tags":[27569,2106,4009,1736],"class_list":["post-257886","post","type-post","status-publish","format-standard","has-post-thumbnail","hentry","category-genel","tag-hataydan","tag-idlibe","tag-insani","tag-yardim"],"jetpack_publicize_connections":[],"jetpack_featured_media_url":"https:\/\/i0.wp.com\/www.tvturk.com\/wp-content\/uploads\/2020\/01\/hataydan-idlibe-insani-yardim_dc048e8.jpg?fit=1000%2C666","jetpack_sharing_enabled":true,"jetpack_shortlink":"https:\/\/wp.me\/paKIfm-155s","_links":{"self":[{"href":"http:\/\/www.tvturk.com\/index.php\/wp-json\/wp\/v2\/posts\/257886","targetHints":{"allow":["GET"]}}],"collection":[{"href":"http:\/\/www.tvturk.com\/index.php\/wp-json\/wp\/v2\/posts"}],"about":[{"href":"http:\/\/www.tvturk.com\/index.php\/wp-json\/wp\/v2\/types\/post"}],"author":[{"embeddable":true,"href":"http:\/\/www.tvturk.com\/index.php\/wp-json\/wp\/v2\/users\/1"}],"replies":[{"embeddable":true,"href":"http:\/\/www.tvturk.com\/index.php\/wp-json\/wp\/v2\/comments?post=257886"}],"version-history":[{"count":0,"href":"http:\/\/www.tvturk.com\/index.php\/wp-json\/wp\/v2\/posts\/257886\/revisions"}],"wp:featuredmedia":[{"embeddable":true,"href":"http:\/\/www.tvturk.com\/index.php\/wp-json\/wp\/v2\/media\/257887"}],"wp:attachment":[{"href":"http:\/\/www.tvturk.com\/index.php\/wp-json\/wp\/v2\/media?parent=257886"}],"wp:term":[{"taxonomy":"category","embeddable":true,"href":"http:\/\/www.tvturk.com\/index.php\/wp-json\/wp\/v2\/categories?post=257886"},{"taxonomy":"post_tag","embeddable":true,"href":"http:\/\/www.tvturk.com\/index.php\/wp-json\/wp\/v2\/tags?post=257886"}],"curies":[{"name":"wp","href":"https:\/\/api.w.org\/{rel}","templated":true}]}}