{"id":25789,"date":"2019-02-12T15:26:04","date_gmt":"2019-02-12T12:26:04","guid":{"rendered":"http:\/\/www.tvturk.com\/index.php\/basarili-ogrenci-odullendirildi\/"},"modified":"2019-02-12T15:26:04","modified_gmt":"2019-02-12T12:26:04","slug":"basarili-ogrenci-odullendirildi","status":"publish","type":"post","link":"http:\/\/www.tvturk.com\/index.php\/basarili-ogrenci-odullendirildi\/","title":{"rendered":"Ba\u015far\u0131l\u0131 \u00f6\u011frenci \u00f6d\u00fcllendirildi"},"content":{"rendered":"<p>\u015eANLIURFA (\u0130HA) \u2013 \u015eanl\u0131urfa\u2019n\u0131n Viran\u015fehir il\u00e7esinde ortopedik engelli 5\u2019inci s\u0131n\u0131f \u00f6\u011frencisi Merve Ender, il\u00e7e milli e\u011fitim m\u00fcd\u00fcrl\u00fc\u011f\u00fc taraf\u0131ndan ba\u015far\u0131lar\u0131ndan dolay\u0131 \u00f6d\u00fcllendirildi.<\/p>\n<p>\u015eanl\u0131urfa\u2019n\u0131n Viran\u015fehir il\u00e7esinde bulunan G\u00f6l Ortaokulu\u2019nda okuyan ortopedik engelli 5. s\u0131n\u0131f \u00f6\u011frencisi Merve Ender Viran\u015fehir \u0130l\u00e7e Milli E\u011fitim M\u00fcd\u00fcr\u00fc Sinan Ate\u015f\u2019i ailesiyle birlikte makam odas\u0131nda ziyaret etti. Ender, e\u011fitim \u00f6\u011fretim g\u00f6rd\u00fc\u011f\u00fc okulda 1. d\u00f6nem sonu alm\u0131\u015f oldu\u011fu takdir ve onur belgesini \u0130l\u00e7e Milli E\u011fitim M\u00fcd\u00fcr\u00fc Ate\u015f\u2019e takdim etti. Ate\u015f, ba\u015far\u0131l\u0131 \u00f6\u011frenciye tablet bilgisayar hediye ederek \u00f6d\u00fcllendirdi.<\/p>\n<p>Derslerinde ba\u015far\u0131 g\u00f6steren \u00f6\u011frenciyi \u00f6d\u00fcllendiren Ate\u015f, azim ve gayretle \u00e7al\u0131\u015fman\u0131n her engelli a\u015ft\u0131\u011f\u0131n\u0131 aktararak, \u00f6\u011frenciye ba\u015far\u0131lar\u0131n\u0131n devam\u0131n\u0131 diledi.<\/p>\n","protected":false},"excerpt":{"rendered":"<p>BA\u015eARILI \u00d6\u011eRENC\u0130 \u00d6D\u00dcLLEND\u0130R\u0130LD\u0130<\/p>\n","protected":false},"author":1,"featured_media":25790,"comment_status":"closed","ping_status":"open","sticky":false,"template":"","format":"standard","meta":{"jetpack_post_was_ever_published":false,"_jetpack_newsletter_access":"","_jetpack_dont_email_post_to_subs":false,"_jetpack_newsletter_tier_id":0,"_jetpack_memberships_contains_paywalled_content":false,"_jetpack_memberships_contains_paid_content":false,"footnotes":"","jetpack_publicize_message":"","jetpack_publicize_feature_enabled":true,"jetpack_social_post_already_shared":false,"jetpack_social_options":{"image_generator_settings":{"template":"highway","default_image_id":0,"font":"","enabled":false},"version":2}},"categories":[659],"tags":[3742,3223,773],"class_list":["post-25789","post","type-post","status-publish","format-standard","has-post-thumbnail","hentry","category-egitim","tag-basarili","tag-odullendirildi","tag-ogrenci"],"jetpack_publicize_connections":[],"jetpack_featured_media_url":"https:\/\/i0.wp.com\/www.tvturk.com\/wp-content\/uploads\/2019\/02\/basarili-ogrenci-odullendirildi_2f81e6a.jpg?fit=1000%2C667","jetpack_sharing_enabled":true,"jetpack_shortlink":"https:\/\/wp.me\/paKIfm-6HX","_links":{"self":[{"href":"http:\/\/www.tvturk.com\/index.php\/wp-json\/wp\/v2\/posts\/25789","targetHints":{"allow":["GET"]}}],"collection":[{"href":"http:\/\/www.tvturk.com\/index.php\/wp-json\/wp\/v2\/posts"}],"about":[{"href":"http:\/\/www.tvturk.com\/index.php\/wp-json\/wp\/v2\/types\/post"}],"author":[{"embeddable":true,"href":"http:\/\/www.tvturk.com\/index.php\/wp-json\/wp\/v2\/users\/1"}],"replies":[{"embeddable":true,"href":"http:\/\/www.tvturk.com\/index.php\/wp-json\/wp\/v2\/comments?post=25789"}],"version-history":[{"count":0,"href":"http:\/\/www.tvturk.com\/index.php\/wp-json\/wp\/v2\/posts\/25789\/revisions"}],"wp:featuredmedia":[{"embeddable":true,"href":"http:\/\/www.tvturk.com\/index.php\/wp-json\/wp\/v2\/media\/25790"}],"wp:attachment":[{"href":"http:\/\/www.tvturk.com\/index.php\/wp-json\/wp\/v2\/media?parent=25789"}],"wp:term":[{"taxonomy":"category","embeddable":true,"href":"http:\/\/www.tvturk.com\/index.php\/wp-json\/wp\/v2\/categories?post=25789"},{"taxonomy":"post_tag","embeddable":true,"href":"http:\/\/www.tvturk.com\/index.php\/wp-json\/wp\/v2\/tags?post=25789"}],"curies":[{"name":"wp","href":"https:\/\/api.w.org\/{rel}","templated":true}]}}