{"id":257996,"date":"2020-01-20T15:33:05","date_gmt":"2020-01-20T12:33:05","guid":{"rendered":"http:\/\/www.tvturk.com\/index.php\/genc-raket-fransa-biletini-kapti\/"},"modified":"2020-01-20T15:33:05","modified_gmt":"2020-01-20T12:33:05","slug":"genc-raket-fransa-biletini-kapti","status":"publish","type":"post","link":"http:\/\/www.tvturk.com\/index.php\/genc-raket-fransa-biletini-kapti\/","title":{"rendered":"Gen\u00e7 raket Fransa biletini kapt\u0131"},"content":{"rendered":"<p>Osmangazi Belediyespor Badminton Tak\u0131m\u0131 sporcular\u0131ndan Veysel Ta\u015fdemir, Avrupa Badminton \u015eampiyonas\u0131 i\u00e7in Mill\u00ee Tak\u0131m\u2019a se\u00e7ildi.<\/p>\n<p>T\u00fcrkiye Badminton Federasyonu taraf\u0131ndan Ankara Olimpiyat Haz\u0131rl\u0131k Merkezi\u2019nde d\u00fczenlenen 15 Ya\u015f Alt\u0131 Avrupa Badminton \u015eampiyonas\u0131\u2019n\u0131n Mill\u00ee Tak\u0131m Se\u00e7meleri, k\u0131yas\u0131ya m\u00fccadelelere sahne oldu. T\u00fcrkiye\u2019nin \u00e7e\u015fitli kul\u00fcplerinden toplam 45 sporcunun yer ald\u0131\u011f\u0131 se\u00e7melere, Bursa\u2019y\u0131 temsilen kat\u0131lan Osmangazi Belediyespor sporcusu Veysel Ta\u015fdemir damga vurdu. Rakipleri kar\u015f\u0131s\u0131nda \u00fcst\u00fcn performans sergileyen Ta\u015fdemir, \u015fubat ay\u0131nda ger\u00e7ekle\u015fecek Avrupa \u015eampiyonas\u0131 i\u00e7in Fransa biletini kapt\u0131.<\/p>\n<p>Elde edilen ba\u015far\u0131 nedeniyle sporcu ve antren\u00f6r\u00fcn\u00fc tebrik eden Osmangazi Belediye Ba\u015fkan\u0131 Mustafa D\u00fcndar, \u201cOsmangazi Belediyespor Kul\u00fcb\u00fc\u2019nde 3 bin 962 lisansl\u0131 sporcu bulunuyor. Tak\u0131m ve ferd\u00ee bran\u015flarda m\u00fccadele eden sporcular\u0131m\u0131z\u0131n tamam\u0131 alt yap\u0131dan yeti\u015fmi\u015f sporcular. Bizleri her zaman en g\u00fczel \u015fekilde temsil ediyorlar. Bu \u00f6rneklerimizden bir tanesi Veysel Ta\u015fdemir. Gen\u00e7 badmintoncumuz in\u015fallah Avrupa\u2019da da bizleri gururland\u0131racak\u201d dedi.<\/p>\n","protected":false},"excerpt":{"rendered":"<p>OSMANGAZ\u0130 BELED\u0130YESPOR BADM\u0130NTON TAKIMI SPORCULARINDAN VEYSEL TA\u015eDEM\u0130R, AVRUPA BADM\u0130NTON \u015eAMP\u0130YONASI \u0130\u00c7\u0130N M\u0130LL\u00ce TAKIM\u2019A SE\u00c7\u0130LD\u0130.<\/p>\n","protected":false},"author":1,"featured_media":257997,"comment_status":"closed","ping_status":"open","sticky":false,"template":"","format":"standard","meta":{"jetpack_post_was_ever_published":false,"_jetpack_newsletter_access":"","_jetpack_dont_email_post_to_subs":false,"_jetpack_newsletter_tier_id":0,"_jetpack_memberships_contains_paywalled_content":false,"_jetpack_memberships_contains_paid_content":false,"footnotes":"","jetpack_publicize_message":"","jetpack_publicize_feature_enabled":true,"jetpack_social_post_already_shared":true,"jetpack_social_options":{"image_generator_settings":{"template":"highway","default_image_id":0,"font":"","enabled":false},"version":2}},"categories":[657],"tags":[24273,4545,803,3525,63719],"class_list":["post-257996","post","type-post","status-publish","format-standard","has-post-thumbnail","hentry","category-spor","tag-biletini","tag-fransa","tag-genc","tag-kapti","tag-raket"],"jetpack_publicize_connections":[],"jetpack_featured_media_url":"https:\/\/i0.wp.com\/www.tvturk.com\/wp-content\/uploads\/2020\/01\/genc-raket-fransa-biletini-kapti_0a4780f.jpg?fit=742%2C1000","jetpack_sharing_enabled":true,"jetpack_shortlink":"https:\/\/wp.me\/paKIfm-157e","_links":{"self":[{"href":"http:\/\/www.tvturk.com\/index.php\/wp-json\/wp\/v2\/posts\/257996","targetHints":{"allow":["GET"]}}],"collection":[{"href":"http:\/\/www.tvturk.com\/index.php\/wp-json\/wp\/v2\/posts"}],"about":[{"href":"http:\/\/www.tvturk.com\/index.php\/wp-json\/wp\/v2\/types\/post"}],"author":[{"embeddable":true,"href":"http:\/\/www.tvturk.com\/index.php\/wp-json\/wp\/v2\/users\/1"}],"replies":[{"embeddable":true,"href":"http:\/\/www.tvturk.com\/index.php\/wp-json\/wp\/v2\/comments?post=257996"}],"version-history":[{"count":0,"href":"http:\/\/www.tvturk.com\/index.php\/wp-json\/wp\/v2\/posts\/257996\/revisions"}],"wp:featuredmedia":[{"embeddable":true,"href":"http:\/\/www.tvturk.com\/index.php\/wp-json\/wp\/v2\/media\/257997"}],"wp:attachment":[{"href":"http:\/\/www.tvturk.com\/index.php\/wp-json\/wp\/v2\/media?parent=257996"}],"wp:term":[{"taxonomy":"category","embeddable":true,"href":"http:\/\/www.tvturk.com\/index.php\/wp-json\/wp\/v2\/categories?post=257996"},{"taxonomy":"post_tag","embeddable":true,"href":"http:\/\/www.tvturk.com\/index.php\/wp-json\/wp\/v2\/tags?post=257996"}],"curies":[{"name":"wp","href":"https:\/\/api.w.org\/{rel}","templated":true}]}}