{"id":257998,"date":"2020-01-20T15:46:24","date_gmt":"2020-01-20T12:46:24","guid":{"rendered":"http:\/\/www.tvturk.com\/index.php\/burkay-sanayi-olmadan-kalkinma-olmaz\/"},"modified":"2020-01-20T15:46:24","modified_gmt":"2020-01-20T12:46:24","slug":"burkay-sanayi-olmadan-kalkinma-olmaz","status":"publish","type":"post","link":"http:\/\/www.tvturk.com\/index.php\/burkay-sanayi-olmadan-kalkinma-olmaz\/","title":{"rendered":"Burkay: \u201cSanayi olmadan kalk\u0131nma olmaz\u201d"},"content":{"rendered":"<p>Bursa\u2019daki organize sanayi b\u00f6lgelerinin i\u015ftirakiyle kurulan Bursa Organize Sanayi B\u00f6lgeleri Birli\u011fi A.\u015e. (BOSB\u0130R), Kestel Organize Sanayi B\u00f6lgesi (KOSAB) ev sahipli\u011finde d\u00fczenlenen toplant\u0131da bir araya geldi. BTSO ve TEKNOSAB Y\u00f6netim Kurulu Ba\u015fkan\u0131 \u0130brahim Burkay, k\u00fcresel ekonomi ger\u00e7ekleri do\u011frultusunda sanayi olmadan kalk\u0131nma olamayaca\u011f\u0131n\u0131 s\u00f6yledi.<\/p>\n<p>KOSAB ev sahipli\u011finde d\u00fczenlenen toplant\u0131ya Bursa Ticaret ve Sanayi Odas\u0131 ve TEKNOSAB Y\u00f6netim Kurulu Ba\u015fkan\u0131 \u0130brahim Burkay ile birlikte, DOSAB Y\u00f6netim Kurulu ve BTSO OSB Konseyi Ba\u015fkan\u0131 Ersan \u00d6zsoy, KOSAB Y\u00f6netim Kurulu Ba\u015fkan\u0131 Cem H\u0131s\u0131mc\u0131l ile Bursa\u2019da faaliyet g\u00f6steren organize sanayi b\u00f6lgelerinin y\u00f6neticileri ile b\u00f6lge m\u00fcd\u00fcrleri de kat\u0131ld\u0131. Bursa\u2019daki sanayi kurulu\u015flar\u0131na kaliteli, kesintisiz, \u00e7evreci ve uygun fiyatl\u0131 enerji temin etmek maksad\u0131yla s\u00fcrd\u00fcr\u00fclen \u00e7al\u0131\u015fmalar\u0131n de\u011ferlendirildi\u011fi toplant\u0131da ayr\u0131ca mekansal planlama konusu ele al\u0131nd\u0131.<\/p>\n<p>BTSO Ba\u015fkan\u0131 \u0130brahim Burkay, Bursa\u2019n\u0131n daha fazla \u00fcretime odaklanmas\u0131 ve b\u00fcy\u00fcmesini \u00fcreterek s\u00fcrd\u00fcrmesi gerekti\u011fini s\u00f6yledi. BTSO olarak sanayiyi daha ileriye ta\u015f\u0131mak, \u00fcretimi ve istihdam\u0131 art\u0131rmak hedefiyle \u00f6nemli projeler ortaya koyduklar\u0131n\u0131 kaydeden Ba\u015fkan Burkay, \u201cBursa\u2019da artan n\u00fcfusun ve gen\u00e7lerin ihtiya\u00e7lar\u0131n\u0131 ancak sanayinin geli\u015fmesi ve yeni yat\u0131r\u0131mlarla kar\u015f\u0131layabiliriz. \u00dclkemizde kentle\u015fme oranlar\u0131 y\u00fckseliyor. N\u00fcfusumuzun y\u00fczde 80\u2019i \u015fehirlerde yo\u011funla\u015fm\u0131\u015f durumda. Ancak \u00f6zellikle gen\u00e7lerimizi ve kad\u0131nlar\u0131m\u0131z\u0131 ekonomiye yeterince d\u00e2hil edebilmi\u015f de\u011filiz. OECD ortalamas\u0131nda n\u00fcfusun \u00fcretime i\u015ftiraki y\u00fczde 70 seviyesindeyken T\u00fcrkiye\u2019de bu oran y\u00fczde 30\u2019larda. Bug\u00fcn bakt\u0131\u011f\u0131m\u0131zda 5-6 n\u00fcfuslu ailelerde yaln\u0131zca bir ki\u015finin \u00e7al\u0131\u015ft\u0131\u011f\u0131n\u0131 g\u00f6r\u00fcyoruz. Bu s\u00fcrd\u00fcr\u00fclebilir bir durum de\u011fil. \u0130nsanlar\u0131m\u0131z\u0131 \u00fcretime d\u00e2hil etmek ve gelir seviyemizi y\u00fckseltmek i\u00e7in sanayide yeni yat\u0131r\u0131mlarla yeni istihdam alanlar\u0131 olu\u015fturarak Bursa\u2019y\u0131 daha ileriye ta\u015f\u0131mal\u0131y\u0131z.\u201d dedi.<\/p>\n<p>K\u00fcresel ekonomik ko\u015fullarda sanayi olmadan kalk\u0131nma olmayaca\u011f\u0131n\u0131 vurgulayan Ba\u015fkan Burkay, Bursa\u2019n\u0131n sanayi \u015fehri kimli\u011finden uzakla\u015fmas\u0131n\u0131n \u015fehri ekonomik a\u00e7\u0131dan zay\u0131flataca\u011f\u0131na dikkati \u00e7ekti. S\u00fcrd\u00fcrebilir \u00fcretimi sa\u011flayamayan ve teknolojideki yeni d\u00f6n\u00fc\u015f\u00fcmlere ayak uyduramayan \u00fclkelerin ve kentlerin iflasa s\u00fcr\u00fcklendi\u011finin alt\u0131n\u0131 \u00e7izen Ba\u015fkan Burkay, \u201cBursa\u2019da sanayinin ve ihracat\u0131n sorun ya\u015famamas\u0131 i\u00e7in \u00f6nceli\u011fimiz mek\u00e2n\u00ee stratejik plan\u0131n haz\u0131rlanmas\u0131d\u0131r. T\u00fcrkiye Ekonomi \u015euras\u0131\u2019nda cumhurba\u015fkan\u0131m\u0131zla payla\u015ft\u0131\u011f\u0131m bu ihtiyac\u0131 b\u00fct\u00fcn bulu\u015fmalar\u0131m\u0131zda da bakanlar\u0131m\u0131z, milletvekillerimiz ve yerel y\u00f6neticilerimize de dile getiriyoruz. \u015eehrimizin mevcut mekansal planlamas\u0131nda sanayi ve depolama alanlar\u0131, 11 bin kilometrekarelik toplam y\u00fcz \u00f6l\u00e7\u00fcm\u00fc i\u00e7erisinde yaln\u0131zca binde 8\u2019lik paya sahip. Buna ra\u011fmen sanayimizin \u015fehir ekonomisine sa\u011flad\u0131\u011f\u0131 katma de\u011fer y\u00fczde 46\u2019ya ula\u015fmakta. Almanya gibi geli\u015fmi\u015f ekonomilerde bu oran y\u00fczde 3,5 seviyesinde. Rekabet\u00e7i bir yap\u0131ya ula\u015fmak ad\u0131na kapasite art\u0131\u015f\u0131na imk\u00e2n verecek mekan\u00ee planlama ve y\u00fcksek teknolojili \u00fcretime d\u00f6n\u00fck b\u00fct\u00fcnle\u015fik ve yeni nesil te\u015fviklerle birlikte Bursa, T\u00fcrkiye ekonomisi i\u00e7in zenginlik \u00fcretim merkezi olmaya devam edebilir\u201d diye konu\u015ftu.<\/p>\n<p>KOSAB Ba\u015fkan\u0131 Cem H\u0131s\u0131mc\u0131l da Bursa\u2019n\u0131n sanayi ile b\u00fcy\u00fcmesi gerekti\u011fini ifade ederek, \u00e7evreye duyarl\u0131 temiz \u00fcretim yapan sanayinin \u015fehir hayat\u0131na hi\u00e7bir olumsuz etkisi olmad\u0131\u011f\u0131na vurgu yaparken, kent i\u00e7inde kalm\u0131\u015f \u00fcretim merkezlerini \u015fehir d\u0131\u015f\u0131na ta\u015f\u0131yacak k\u00fcmelenme anlay\u0131\u015f\u0131yla kurgulanm\u0131\u015f yeni stratejiler belirlenmesi gerekti\u011fini dile getirdi.<\/p>\n","protected":false},"excerpt":{"rendered":"<p>BURSA\u2019DAK\u0130 ORGAN\u0130ZE SANAY\u0130 B\u00d6LGELER\u0130N\u0130N \u0130\u015eT\u0130RAK\u0130YLE KURULAN BURSA ORGAN\u0130ZE SANAY\u0130 B\u00d6LGELER\u0130 B\u0130RL\u0130\u011e\u0130 A.\u015e. (BOSB\u0130R), KESTEL ORGAN\u0130ZE SANAY\u0130 B\u00d6LGES\u0130 (KOSAB) EV SAH\u0130PL\u0130\u011e\u0130NDE D\u00dcZENLENEN TOPLANTIDA B\u0130R ARAYA GELD\u0130.<\/p>\n","protected":false},"author":1,"featured_media":257999,"comment_status":"closed","ping_status":"open","sticky":false,"template":"","format":"standard","meta":{"jetpack_post_was_ever_published":false,"_jetpack_newsletter_access":"","_jetpack_dont_email_post_to_subs":false,"_jetpack_newsletter_tier_id":0,"_jetpack_memberships_contains_paywalled_content":false,"_jetpack_memberships_contains_paid_content":false,"footnotes":"","jetpack_publicize_message":"","jetpack_publicize_feature_enabled":true,"jetpack_social_post_already_shared":true,"jetpack_social_options":{"image_generator_settings":{"template":"highway","default_image_id":0,"font":"","enabled":false},"version":2}},"categories":[19],"tags":[4532,24618,1234,12753,1167],"class_list":["post-257998","post","type-post","status-publish","format-standard","has-post-thumbnail","hentry","category-ekonomi","tag-kalkinma","tag-burkay","tag-olmadan","tag-olmaz","tag-sanayi"],"jetpack_publicize_connections":[],"jetpack_featured_media_url":"https:\/\/i0.wp.com\/www.tvturk.com\/wp-content\/uploads\/2020\/01\/burkay-sanayi-olmadan-kalkinma-olmaz_bb6e872.jpg?fit=1000%2C665","jetpack_sharing_enabled":true,"jetpack_shortlink":"https:\/\/wp.me\/paKIfm-157g","_links":{"self":[{"href":"http:\/\/www.tvturk.com\/index.php\/wp-json\/wp\/v2\/posts\/257998","targetHints":{"allow":["GET"]}}],"collection":[{"href":"http:\/\/www.tvturk.com\/index.php\/wp-json\/wp\/v2\/posts"}],"about":[{"href":"http:\/\/www.tvturk.com\/index.php\/wp-json\/wp\/v2\/types\/post"}],"author":[{"embeddable":true,"href":"http:\/\/www.tvturk.com\/index.php\/wp-json\/wp\/v2\/users\/1"}],"replies":[{"embeddable":true,"href":"http:\/\/www.tvturk.com\/index.php\/wp-json\/wp\/v2\/comments?post=257998"}],"version-history":[{"count":0,"href":"http:\/\/www.tvturk.com\/index.php\/wp-json\/wp\/v2\/posts\/257998\/revisions"}],"wp:featuredmedia":[{"embeddable":true,"href":"http:\/\/www.tvturk.com\/index.php\/wp-json\/wp\/v2\/media\/257999"}],"wp:attachment":[{"href":"http:\/\/www.tvturk.com\/index.php\/wp-json\/wp\/v2\/media?parent=257998"}],"wp:term":[{"taxonomy":"category","embeddable":true,"href":"http:\/\/www.tvturk.com\/index.php\/wp-json\/wp\/v2\/categories?post=257998"},{"taxonomy":"post_tag","embeddable":true,"href":"http:\/\/www.tvturk.com\/index.php\/wp-json\/wp\/v2\/tags?post=257998"}],"curies":[{"name":"wp","href":"https:\/\/api.w.org\/{rel}","templated":true}]}}