{"id":258006,"date":"2020-01-20T16:01:32","date_gmt":"2020-01-20T13:01:32","guid":{"rendered":"http:\/\/www.tvturk.com\/index.php\/kosovada-hukumeti-kurma-gorevi-kurtiye-verildi\/"},"modified":"2020-01-20T16:01:32","modified_gmt":"2020-01-20T13:01:32","slug":"kosovada-hukumeti-kurma-gorevi-kurtiye-verildi","status":"publish","type":"post","link":"http:\/\/www.tvturk.com\/index.php\/kosovada-hukumeti-kurma-gorevi-kurtiye-verildi\/","title":{"rendered":"Kosova\u2019da h\u00fck\u00fcmeti kurma g\u00f6revi Kurti\u2019ye verildi"},"content":{"rendered":"<p>Kosova Cumhurba\u015fkan\u0131 Hashim Tha\u00e7i, h\u00fck\u00fcmeti kurma g\u00f6revini Vetevendosje Hareketi lideri Albin Kurti\u2019ye verdi.<\/p>\n<p>Kosova\u2019da ge\u00e7ti\u011fimiz 6 Ekim\u2019de yap\u0131lan erken se\u00e7imlerden zaferle \u00e7\u0131kan Vetevendosje (Kendin Karar Al) Hareketi lideri Albin Kurti, partisi taraf\u0131ndan Cumhurba\u015fkan\u0131 Hashim Tha\u00e7i\u2019ye ba\u015fbakan aday\u0131 olarak \u00f6nerildi. Cumhurba\u015fkan\u0131 Tha\u00e7i de \u00f6neri \u00fczerine Albin Kurti\u2019yi h\u00fck\u00fcmeti kurmakla g\u00f6revlendirdi\u011fine dair yaz\u0131l\u0131 karar\u0131 Vetevendosje Hareketi\u2019ne g\u00f6nderdi.<\/p>\n<p>Kosova\u2019da se\u00e7imlerin \u00fczerinde 3 bu\u00e7uk ay ge\u00e7mesinin ard\u0131ndan h\u00fck\u00fcmeti kurma s\u00fcreci devam ediyor. S\u00fcre\u00e7 15 g\u00fcn daha devam edecek. Ba\u015fbakan aday\u0131 Albin Kurti\u2019nin 15 g\u00fcn i\u00e7inde yeni kabineyi a\u00e7\u0131klamas\u0131 gerekiyor. 4 \u015eubat tarihine kadar yeni h\u00fck\u00fcmet kurulmaz ise \u00fclke tekrar se\u00e7ime gidecek. Ayr\u0131ca koalisyon h\u00fck\u00fcmetinin kurulmas\u0131na y\u00f6nelik \u00e7abalar\u0131n da devam etti\u011fi bildirildi. Kurti, se\u00e7imlerden ikinci parti olarak \u00e7\u0131kan Kosova Demokratik Birli\u011fi (LDK) Genel Ba\u015fkan\u0131 \u0130sa Mustafa ile koalisyon h\u00fck\u00fcmetinin kurulmas\u0131na y\u00f6nelik pazarl\u0131klar\u0131n\u0131 s\u00fcrd\u00fcr\u00fcyor.<\/p>\n<p>\u00d6te yandan birka\u00e7 g\u00f6r\u00fc\u015fmenin ard\u0131ndan iki parti aras\u0131nda koalisyon h\u00fck\u00fcmetin kurulmas\u0131 konusunda hen\u00fcz somut bir anla\u015fma ise sa\u011flanamad\u0131.<\/p>\n","protected":false},"excerpt":{"rendered":"<p>KOSOVA CUMHURBA\u015eKANI HASH\u0130M THA\u00c7\u0130, H\u00dcK\u00dcMET\u0130 KURMA G\u00d6REV\u0130N\u0130 VETEVENDOSJE HAREKET\u0130 L\u0130DER\u0130 ALB\u0130N KURT\u0130&#8217;YE VERD\u0130. (ALB\u0130N KURT\u0130)<\/p>\n","protected":false},"author":1,"featured_media":258007,"comment_status":"closed","ping_status":"open","sticky":false,"template":"","format":"standard","meta":{"jetpack_post_was_ever_published":false,"_jetpack_newsletter_access":"","_jetpack_dont_email_post_to_subs":false,"_jetpack_newsletter_tier_id":0,"_jetpack_memberships_contains_paywalled_content":false,"_jetpack_memberships_contains_paid_content":false,"footnotes":"","jetpack_publicize_message":"","jetpack_publicize_feature_enabled":true,"jetpack_social_post_already_shared":true,"jetpack_social_options":{"image_generator_settings":{"template":"highway","default_image_id":0,"font":"","enabled":false},"version":2}},"categories":[10],"tags":[21860,11572,5348,21230,63720,634],"class_list":["post-258006","post","type-post","status-publish","format-standard","has-post-thumbnail","hentry","category-dunya","tag-gorevi","tag-hukumeti","tag-kosovada","tag-kurma","tag-kurtiye","tag-verildi"],"jetpack_publicize_connections":[],"jetpack_featured_media_url":"https:\/\/i0.wp.com\/www.tvturk.com\/wp-content\/uploads\/2020\/01\/kosovada-hukumeti-kurma-gorevi-kurtiye-verildi_b990c9d.jpg?fit=920%2C613","jetpack_sharing_enabled":true,"jetpack_shortlink":"https:\/\/wp.me\/paKIfm-157o","_links":{"self":[{"href":"http:\/\/www.tvturk.com\/index.php\/wp-json\/wp\/v2\/posts\/258006","targetHints":{"allow":["GET"]}}],"collection":[{"href":"http:\/\/www.tvturk.com\/index.php\/wp-json\/wp\/v2\/posts"}],"about":[{"href":"http:\/\/www.tvturk.com\/index.php\/wp-json\/wp\/v2\/types\/post"}],"author":[{"embeddable":true,"href":"http:\/\/www.tvturk.com\/index.php\/wp-json\/wp\/v2\/users\/1"}],"replies":[{"embeddable":true,"href":"http:\/\/www.tvturk.com\/index.php\/wp-json\/wp\/v2\/comments?post=258006"}],"version-history":[{"count":0,"href":"http:\/\/www.tvturk.com\/index.php\/wp-json\/wp\/v2\/posts\/258006\/revisions"}],"wp:featuredmedia":[{"embeddable":true,"href":"http:\/\/www.tvturk.com\/index.php\/wp-json\/wp\/v2\/media\/258007"}],"wp:attachment":[{"href":"http:\/\/www.tvturk.com\/index.php\/wp-json\/wp\/v2\/media?parent=258006"}],"wp:term":[{"taxonomy":"category","embeddable":true,"href":"http:\/\/www.tvturk.com\/index.php\/wp-json\/wp\/v2\/categories?post=258006"},{"taxonomy":"post_tag","embeddable":true,"href":"http:\/\/www.tvturk.com\/index.php\/wp-json\/wp\/v2\/tags?post=258006"}],"curies":[{"name":"wp","href":"https:\/\/api.w.org\/{rel}","templated":true}]}}