{"id":258036,"date":"2020-01-20T17:03:01","date_gmt":"2020-01-20T14:03:01","guid":{"rendered":"http:\/\/www.tvturk.com\/index.php\/samsunspora-kazanin-31-yilinda-duygusal-anma\/"},"modified":"2020-01-20T17:03:01","modified_gmt":"2020-01-20T14:03:01","slug":"samsunspora-kazanin-31-yilinda-duygusal-anma","status":"publish","type":"post","link":"http:\/\/www.tvturk.com\/index.php\/samsunspora-kazanin-31-yilinda-duygusal-anma\/","title":{"rendered":"Samsunspor\u2019a kazan\u0131n 31. y\u0131l\u0131nda duygusal anma"},"content":{"rendered":"<p>31 y\u0131l \u00f6nce, 20 Ocak 1989\u2019da kaza yapan Samsunspor kafilesinde hayat\u0131n\u0131 kaybeden teknik adam, futbolcular ve personeller duygusal bir t\u00f6renle an\u0131ld\u0131.<\/p>\n<p>T\u00fcrk futbolunun en ac\u0131 g\u00fcnlerinden birisi olarak tarihe ge\u00e7en, 20 Ocak 1989 tarihinde ya\u015fanan kazada Samsunspor Teknik Direkt\u00f6r\u00fc Nuri Asan, futbolculardan Muzaffer Badal\u0131o\u011flu, Mete Adan\u0131r, Zoran Tomi\u00e7 ve otob\u00fcs \u015fof\u00f6r\u00fc As\u0131m \u00d6zkan hayat\u0131n\u0131 kaybetmi\u015fti. Kazan\u0131n 31. y\u0131ld\u00f6n\u00fcm\u00fcnde Piazza AVM\u2019de duygusal bir anma program\u0131 d\u00fczenlendi. Sayg\u0131 duru\u015funda bulunulmas\u0131 ve \u0130stiklal Mar\u015f\u0131\u2019n\u0131n okunmas\u0131yla ba\u015flayan anma t\u00f6reni, kazada hayat\u0131n\u0131 kaybedenlerin resimlerinin bas\u0131l\u0131 oldu\u011fu dev pankart\u0131n AVM\u2019ye \u00e7ekilmesiyle devam etti.<\/p>\n<p>Anma t\u00f6reninin a\u00e7\u0131l\u0131\u015f\u0131nda konu\u015fan d\u00f6nemin Samsunspor Ba\u015fkan\u0131 Hakk\u0131 Toma\u00e7, kazan\u0131n ard\u0131nda her y\u0131l anma t\u00f6reni d\u00fczenlediklerini belirterek, hayat\u0131n\u0131 kaybedenlere Allah\u2019tan rahmet diledi.<\/p>\n<p>Samsunspor Derne\u011fi Y\u00f6netim Kurulu ad\u0131na konu\u015fma yapan Kul\u00fcp Genel Sekreteri Haluk Tan ise, &#8220;Kul\u00fcpler, ya\u015fad\u0131klar\u0131 ac\u0131larla ve sevin\u00e7lerle bir \u015fehir b\u00fct\u00fcnl\u00fc\u011f\u00fc sa\u011flarlar. Bu kaza bizim \u015fehrimizin ac\u0131 g\u00fcn\u00fc. \u00d6lenleri senede 1 defa an\u0131yoruz. Ama o an\u0131 ya\u015fayanlar, futbolcular\u0131n aileleri ve hayatta kalanlar o ac\u0131yla \u00f6m\u00fcrlerinin sonuna kadar ya\u015famak durumundalar. Samsunspor ad\u0131na \u00e7\u0131k\u0131lm\u0131\u015f bir m\u00fcsabaka i\u00e7in yola \u00e7\u0131kt\u0131ktan sonra \u00f6len arkada\u015flar\u0131m\u0131z\u0131 rahmetle an\u0131yoruz. Allah b\u00f6yle bir ac\u0131y\u0131 kimseye ya\u015fatmas\u0131n&#8221; dedi.<\/p>\n<p>T\u00f6ren, konu\u015fmalar\u0131n ard\u0131ndan kazada hayat\u0131n\u0131 kaybedenlerinin adlar\u0131n\u0131n okunmas\u0131 ve toplu foto\u011fraf \u00e7ekimiyle sona erdi.<\/p>\n","protected":false},"excerpt":{"rendered":"<p>T\u00d6REN, KONU\u015eMALARIN ARDINDAN KAZADA HAYATINI KAYBEDENLER\u0130N\u0130N ADLARININ OKUNMASI VE TOPLU FOTO\u011eRAF \u00c7EK\u0130M\u0130YLE SONA ERD\u0130.<\/p>\n","protected":false},"author":1,"featured_media":258037,"comment_status":"closed","ping_status":"open","sticky":false,"template":"","format":"standard","meta":{"jetpack_post_was_ever_published":false,"_jetpack_newsletter_access":"","_jetpack_dont_email_post_to_subs":false,"_jetpack_newsletter_tier_id":0,"_jetpack_memberships_contains_paywalled_content":false,"_jetpack_memberships_contains_paid_content":false,"footnotes":"","jetpack_publicize_message":"","jetpack_publicize_feature_enabled":true,"jetpack_social_post_already_shared":true,"jetpack_social_options":{"image_generator_settings":{"template":"highway","default_image_id":0,"font":"","enabled":false},"version":2}},"categories":[657],"tags":[1864,10306,3649,8843,6292,6266],"class_list":["post-258036","post","type-post","status-publish","format-standard","has-post-thumbnail","hentry","category-spor","tag-1864","tag-anma","tag-duygusal","tag-kazanin","tag-samsunspora","tag-yilinda"],"jetpack_publicize_connections":[],"jetpack_featured_media_url":"https:\/\/i0.wp.com\/www.tvturk.com\/wp-content\/uploads\/2020\/01\/samsunspora-kazanin-31-yilinda-duygusal-anma_19251a1.jpg?fit=1000%2C666","jetpack_sharing_enabled":true,"jetpack_shortlink":"https:\/\/wp.me\/paKIfm-157S","_links":{"self":[{"href":"http:\/\/www.tvturk.com\/index.php\/wp-json\/wp\/v2\/posts\/258036","targetHints":{"allow":["GET"]}}],"collection":[{"href":"http:\/\/www.tvturk.com\/index.php\/wp-json\/wp\/v2\/posts"}],"about":[{"href":"http:\/\/www.tvturk.com\/index.php\/wp-json\/wp\/v2\/types\/post"}],"author":[{"embeddable":true,"href":"http:\/\/www.tvturk.com\/index.php\/wp-json\/wp\/v2\/users\/1"}],"replies":[{"embeddable":true,"href":"http:\/\/www.tvturk.com\/index.php\/wp-json\/wp\/v2\/comments?post=258036"}],"version-history":[{"count":0,"href":"http:\/\/www.tvturk.com\/index.php\/wp-json\/wp\/v2\/posts\/258036\/revisions"}],"wp:featuredmedia":[{"embeddable":true,"href":"http:\/\/www.tvturk.com\/index.php\/wp-json\/wp\/v2\/media\/258037"}],"wp:attachment":[{"href":"http:\/\/www.tvturk.com\/index.php\/wp-json\/wp\/v2\/media?parent=258036"}],"wp:term":[{"taxonomy":"category","embeddable":true,"href":"http:\/\/www.tvturk.com\/index.php\/wp-json\/wp\/v2\/categories?post=258036"},{"taxonomy":"post_tag","embeddable":true,"href":"http:\/\/www.tvturk.com\/index.php\/wp-json\/wp\/v2\/tags?post=258036"}],"curies":[{"name":"wp","href":"https:\/\/api.w.org\/{rel}","templated":true}]}}