{"id":258090,"date":"2020-01-20T22:01:59","date_gmt":"2020-01-20T19:01:59","guid":{"rendered":"http:\/\/www.tvturk.com\/index.php\/diyanet-isleri-baskani-erbasdan-cem-vakfi-genel-baskani-dogana-taziye-ziyareti\/"},"modified":"2020-01-20T22:01:59","modified_gmt":"2020-01-20T19:01:59","slug":"diyanet-isleri-baskani-erbasdan-cem-vakfi-genel-baskani-dogana-taziye-ziyareti","status":"publish","type":"post","link":"http:\/\/www.tvturk.com\/index.php\/diyanet-isleri-baskani-erbasdan-cem-vakfi-genel-baskani-dogana-taziye-ziyareti\/","title":{"rendered":"Diyanet \u0130\u015fleri Ba\u015fkan\u0131 Erba\u015f\u2019dan Cem Vakf\u0131 Genel Ba\u015fkan\u0131 Do\u011fan\u2019a taziye ziyareti"},"content":{"rendered":"<p>Diyanet \u0130\u015fleri Ba\u015fkan\u0131 Ali Erba\u015f, Cem Vakf\u0131 Genel Ba\u015fkan\u0131 \u0130zzettin Do\u011fan\u2019a vefat eden a\u011fabeyi Mazlum Do\u011fan i\u00e7in ba\u015fsa\u011fl\u0131\u011f\u0131 dileklerinde bulundu.<\/p>\n<p>Diyanet \u0130\u015fleri Ba\u015fkan\u0131 Ali Erba\u015f, \u00e7e\u015fitli programlar i\u00e7in bulundu\u011fu \u0130stanbul\u2019da Cem Vakf\u0131 Genel Ba\u015fkan\u0131 \u0130zzettin Do\u011fan\u2019a taziye ziyaretinde bulundu. Erba\u015f, Do\u011fan\u2019a Malatya\u2019da vefat eden a\u011fabeyi Mazlum Do\u011fan i\u00e7in ba\u015fsa\u011fl\u0131\u011f\u0131 dileklerinde bulundu. \u00d6l\u00fcm\u00fcn insan i\u00e7in b\u00fcy\u00fck bir ders oldu\u011funu ifade eden Erba\u015f, d\u00fcnyada \u00f6nemli olan\u0131n iyi bir insan olarak ya\u015famak oldu\u011funu s\u00f6yledi. Erba\u015f, yery\u00fcz\u00fcnde iyili\u011fin hakim olmas\u0131 i\u00e7in \u00e7al\u0131\u015fmak gerekti\u011fini belirterek, \u201cPeygamber Efendimiz bir hadis-i \u015ferifte, \u2018Nas\u0131l ya\u015farsan\u0131z \u00f6yle \u00f6l\u00fcrs\u00fcn\u00fcz. Nas\u0131l \u00f6l\u00fcrseniz \u00f6yle ha\u015frolunursunuz\u2019 diyor. \u0130yi ya\u015famay\u0131 ve Allah\u2019\u0131n huzuruna iyi insan olarak gitmeyi Rabbim hepimize nasip eylesin\u201d dedi.<\/p>\n<p>Cem Vakf\u0131\u2019n\u0131n faaliyetlerini takip ettiklerini dile getiren Erba\u015f, \u201c\u0130yi insan olma yolundaki gayretlerinizi g\u00f6r\u00fcyoruz. Allah yard\u0131mc\u0131n\u0131z olsun. Hepimiz d\u00fcnyada iyili\u011fin hakim olmas\u0131 i\u00e7in bir kenar\u0131ndan tutaca\u011f\u0131z. Siz bir kenar\u0131ndan tutuyorsunuz, biz bir kenar\u0131ndan tutuyoruz. Netice itibar\u0131yla yollar bir yerde birle\u015fiyor. O birle\u015fen noktaya hep birlikte hizmet ediyoruz\u201d \u015feklinde konu\u015ftu.<\/p>\n<p>Cem Vakf\u0131 Ba\u015fkan\u0131 Do\u011fan, ziyaretinden dolay\u0131 Erba\u015f\u2019a te\u015fekk\u00fcr etti.<\/p>\n<p>Ziyarette Diyanet \u0130\u015fleri Ba\u015fkan\u0131 Erba\u015f\u2019a \u0130stanbul \u0130l M\u00fcft\u00fcs\u00fc Mehmet Emin Ma\u015fal\u0131 e\u015flik etti.<\/p>\n","protected":false},"excerpt":{"rendered":"<p>D\u0130YANET \u0130\u015eLER\u0130 BA\u015eKANI AL\u0130 ERBA\u015e, CEM VAKFI GENEL BA\u015eKANI \u0130ZZETT\u0130N DO\u011eAN\u2019A VEFAT EDEN AB\u0130S\u0130 MAZLUM DO\u011eAN \u0130\u00c7\u0130N BA\u015eSA\u011eLI\u011eI D\u0130LEKLER\u0130NDE BULUNDU.<\/p>\n","protected":false},"author":1,"featured_media":258091,"comment_status":"closed","ping_status":"open","sticky":false,"template":"","format":"standard","meta":{"jetpack_post_was_ever_published":false,"_jetpack_newsletter_access":"","_jetpack_dont_email_post_to_subs":false,"_jetpack_newsletter_tier_id":0,"_jetpack_memberships_contains_paywalled_content":false,"_jetpack_memberships_contains_paid_content":false,"footnotes":"","jetpack_publicize_message":"","jetpack_publicize_feature_enabled":true,"jetpack_social_post_already_shared":true,"jetpack_social_options":{"image_generator_settings":{"template":"highway","default_image_id":0,"font":"","enabled":false},"version":2}},"categories":[1],"tags":[216,2438,3150,21308,63733,869,3151,4691,6604,1730],"class_list":["post-258090","post","type-post","status-publish","format-standard","has-post-thumbnail","hentry","category-genel","tag-baskani","tag-cem","tag-diyanet","tag-dogana","tag-erbasdan","tag-genel","tag-isleri","tag-taziye","tag-vakfi","tag-ziyareti"],"jetpack_publicize_connections":[],"jetpack_featured_media_url":"https:\/\/i0.wp.com\/www.tvturk.com\/wp-content\/uploads\/2020\/01\/diyanet-isleri-baskani-erbasdan-cem-vakfi-genel-baskani-dogana-taziye-ziyareti_fe25b4b.jpg?fit=1000%2C666","jetpack_sharing_enabled":true,"jetpack_shortlink":"https:\/\/wp.me\/paKIfm-158K","_links":{"self":[{"href":"http:\/\/www.tvturk.com\/index.php\/wp-json\/wp\/v2\/posts\/258090","targetHints":{"allow":["GET"]}}],"collection":[{"href":"http:\/\/www.tvturk.com\/index.php\/wp-json\/wp\/v2\/posts"}],"about":[{"href":"http:\/\/www.tvturk.com\/index.php\/wp-json\/wp\/v2\/types\/post"}],"author":[{"embeddable":true,"href":"http:\/\/www.tvturk.com\/index.php\/wp-json\/wp\/v2\/users\/1"}],"replies":[{"embeddable":true,"href":"http:\/\/www.tvturk.com\/index.php\/wp-json\/wp\/v2\/comments?post=258090"}],"version-history":[{"count":0,"href":"http:\/\/www.tvturk.com\/index.php\/wp-json\/wp\/v2\/posts\/258090\/revisions"}],"wp:featuredmedia":[{"embeddable":true,"href":"http:\/\/www.tvturk.com\/index.php\/wp-json\/wp\/v2\/media\/258091"}],"wp:attachment":[{"href":"http:\/\/www.tvturk.com\/index.php\/wp-json\/wp\/v2\/media?parent=258090"}],"wp:term":[{"taxonomy":"category","embeddable":true,"href":"http:\/\/www.tvturk.com\/index.php\/wp-json\/wp\/v2\/categories?post=258090"},{"taxonomy":"post_tag","embeddable":true,"href":"http:\/\/www.tvturk.com\/index.php\/wp-json\/wp\/v2\/tags?post=258090"}],"curies":[{"name":"wp","href":"https:\/\/api.w.org\/{rel}","templated":true}]}}