{"id":258094,"date":"2020-01-20T22:17:30","date_gmt":"2020-01-20T19:17:30","guid":{"rendered":"http:\/\/www.tvturk.com\/index.php\/balikesirspor-adana-demirspor-macinin-ardindan\/"},"modified":"2020-01-20T22:17:30","modified_gmt":"2020-01-20T19:17:30","slug":"balikesirspor-adana-demirspor-macinin-ardindan","status":"publish","type":"post","link":"http:\/\/www.tvturk.com\/index.php\/balikesirspor-adana-demirspor-macinin-ardindan\/","title":{"rendered":"Bal\u0131kesirspor &#8211; Adana Demirspor ma\u00e7\u0131n\u0131n ard\u0131ndan"},"content":{"rendered":"<p>TFF 1. Lig\u2019in 18. haftas\u0131nda Bal\u0131kesirspor evinde Adana Demirspor\u2019a 6-1 ma\u011flup oldu. Ma\u00e7\u0131n ard\u0131ndan teknik adamlar m\u00fccadeleyi de\u011ferlendirdi.<\/p>\n<p>Bal\u0131kesirspor Teknik Sorumlusu Mehmet Nuri Ad\u0131g\u00fczel, ma\u00e7\u0131n ard\u0131ndan d\u00fczenlenen bas\u0131n toplant\u0131s\u0131nda yapt\u0131\u011f\u0131 konu\u015fmada, kul\u00fcb\u00fcn zor g\u00fcnler ge\u00e7irdi\u011fini s\u00f6yledi. Devre aras\u0131nda tak\u0131m\u0131n savunmas\u0131ndaki oyuncular\u0131n t\u00fcm\u00fcn\u00fcn gitti\u011fini hat\u0131rlatan Ad\u0131g\u00fczel, \u015f\u00f6yle konu\u015ftu:<\/p>\n<p>&#8220;Elimizde var olan oyuncular\u0131m\u0131zla sahaya \u00e7\u0131kt\u0131k, elimizden geleni yapt\u0131k ama kar\u015f\u0131m\u0131zdaki tak\u0131m \u00e7ok pahal\u0131 bir tak\u0131m. Bu i\u015fler 1-2 ki\u015finin yapaca\u011f\u0131 i\u015fler de\u011fil. Y\u00f6netim kurulu ve teknik heyet elinden geleni yaparak \u00e7ocuklar\u0131 sahaya \u00e7\u0131kar\u0131yoruz, kapasitelerini ne olursa olsun o \u00e7ocuklara g\u00fcvenmek zorunday\u0131z. Bal\u0131kesirspor b\u00fct\u00fcn Bal\u0131kesirlilerindir, herkes elini ta\u015f\u0131n alt\u0131na sokmak zorundad\u0131r. Herkes transfer yap\u0131yor, oyuncu al\u0131yor, bizim tak\u0131m\u0131m\u0131z\u0131n y\u00fczde 80\u2019inin gitmesi ve transfer yapamamam\u0131z, maddi sorunlar\u0131n olu\u015fmas\u0131 oynad\u0131\u011f\u0131m\u0131z ma\u00e7larda kul\u00fcb\u00fcn bir yerde s\u0131k\u0131nt\u0131lar\u0131 ortaya \u00e7\u0131k\u0131yor. Bu tak\u0131m Bal\u0131kesir\u2019in, ma\u011flup olmu\u015f, hoca k\u00f6t\u00fc o k\u00f6t\u00fc, \u00f6yle bir \u015fey yok. Buras\u0131 bir camiad\u0131r, camian\u0131n ve hepimizin sorunudur. Dolay\u0131s\u0131yla b\u00f6yle bir tablonun ortaya \u00e7\u0131kmas\u0131ndan dolay\u0131 biz herkesten \u00f6z\u00fcr diliyoruz. Herkes bize yard\u0131mc\u0131 olursa sorunlar\u0131 \u00e7\u00f6zebiliriz.&#8221;<\/p>\n<p>Adana Demirspor cephesi<\/p>\n<p>Adana Demirspor Teknik Direkt\u00f6r\u00fc U\u011fur T\u00fct\u00fcneker de tak\u0131m olarak iyi bir haz\u0131rl\u0131k d\u00f6nemi ge\u00e7irdiklerini belirtti. T\u00fct\u00fcneker, iyi transferler yapt\u0131klar\u0131n\u0131 anlatarak, \u015funlar\u0131 kaydetti:<\/p>\n<p>&#8220;Ligi bilen, nokta oyuncular ald\u0131k. Dolay\u0131s\u0131yla bu ma\u00e7\u0131 kazanmam\u0131z laz\u0131md\u0131. \u0130yi konsantre oldu\u011fumuzu d\u00fc\u015f\u00fcn\u00fcyorum. Sadece bu ma\u00e7 de\u011fil di\u011fer ma\u00e7lar\u0131m\u0131z da bizim i\u00e7in \u00e7ok \u00f6nemli. Tek tek bak\u0131yoruz, bu ligin \u00e7ok zor oldu\u011funu y\u0131llard\u0131r ya\u015fad\u0131k ve ya\u015f\u0131yoruz. Hi\u00e7 havaya girmeden Boluspor ma\u00e7\u0131na konsantre olup yolumuza devam etmek istiyoruz. Transferlerimizin \u00e7o\u011funu yapt\u0131k, eksik ve sakatl\u0131klar y\u00fcz\u00fcnden 1-2 tane transfer yapabiliriz. \u00dcst ligi istiyorsak gelen oyuncularla birlikte galibiyetlerimizi s\u00fcrd\u00fcrmemiz laz\u0131m.&#8221;<\/p>\n","protected":false},"excerpt":{"rendered":"<p>ADANA DEM\u0130RSPOR TEKN\u0130K D\u0130REKT\u00d6R\u00dc U\u011eUR T\u00dcT\u00dcNEKER DE TAKIM OLARAK \u0130Y\u0130 B\u0130R HAZIRLIK D\u00d6NEM\u0130 GE\u00c7\u0130RD\u0130KLER\u0130N\u0130 BEL\u0130RTT\u0130.<\/p>\n","protected":false},"author":1,"featured_media":258095,"comment_status":"closed","ping_status":"open","sticky":false,"template":"","format":"standard","meta":{"jetpack_post_was_ever_published":false,"_jetpack_newsletter_access":"","_jetpack_dont_email_post_to_subs":false,"_jetpack_newsletter_tier_id":0,"_jetpack_memberships_contains_paywalled_content":false,"_jetpack_memberships_contains_paid_content":false,"footnotes":"","jetpack_publicize_message":"","jetpack_publicize_feature_enabled":true,"jetpack_social_post_already_shared":true,"jetpack_social_options":{"image_generator_settings":{"template":"highway","default_image_id":0,"font":"","enabled":false},"version":2}},"categories":[657],"tags":[2080,3469,2505,2081,3468],"class_list":["post-258094","post","type-post","status-publish","format-standard","has-post-thumbnail","hentry","category-spor","tag-adana","tag-ardindan","tag-balikesirspor","tag-demirspor","tag-macinin"],"jetpack_publicize_connections":[],"jetpack_featured_media_url":"https:\/\/i0.wp.com\/www.tvturk.com\/wp-content\/uploads\/2020\/01\/balikesirspor-adana-demirspor-macinin-ardindan_c59a90d.jpg?fit=1000%2C666","jetpack_sharing_enabled":true,"jetpack_shortlink":"https:\/\/wp.me\/paKIfm-158O","_links":{"self":[{"href":"http:\/\/www.tvturk.com\/index.php\/wp-json\/wp\/v2\/posts\/258094","targetHints":{"allow":["GET"]}}],"collection":[{"href":"http:\/\/www.tvturk.com\/index.php\/wp-json\/wp\/v2\/posts"}],"about":[{"href":"http:\/\/www.tvturk.com\/index.php\/wp-json\/wp\/v2\/types\/post"}],"author":[{"embeddable":true,"href":"http:\/\/www.tvturk.com\/index.php\/wp-json\/wp\/v2\/users\/1"}],"replies":[{"embeddable":true,"href":"http:\/\/www.tvturk.com\/index.php\/wp-json\/wp\/v2\/comments?post=258094"}],"version-history":[{"count":0,"href":"http:\/\/www.tvturk.com\/index.php\/wp-json\/wp\/v2\/posts\/258094\/revisions"}],"wp:featuredmedia":[{"embeddable":true,"href":"http:\/\/www.tvturk.com\/index.php\/wp-json\/wp\/v2\/media\/258095"}],"wp:attachment":[{"href":"http:\/\/www.tvturk.com\/index.php\/wp-json\/wp\/v2\/media?parent=258094"}],"wp:term":[{"taxonomy":"category","embeddable":true,"href":"http:\/\/www.tvturk.com\/index.php\/wp-json\/wp\/v2\/categories?post=258094"},{"taxonomy":"post_tag","embeddable":true,"href":"http:\/\/www.tvturk.com\/index.php\/wp-json\/wp\/v2\/tags?post=258094"}],"curies":[{"name":"wp","href":"https:\/\/api.w.org\/{rel}","templated":true}]}}