{"id":25813,"date":"2019-02-12T15:31:15","date_gmt":"2019-02-12T12:31:15","guid":{"rendered":"http:\/\/www.tvturk.com\/index.php\/tekkekoy-belediyesi-personelinden-birliktelik-vurgusu\/"},"modified":"2019-02-12T15:31:17","modified_gmt":"2019-02-12T12:31:17","slug":"tekkekoy-belediyesi-personelinden-birliktelik-vurgusu","status":"publish","type":"post","link":"http:\/\/www.tvturk.com\/index.php\/tekkekoy-belediyesi-personelinden-birliktelik-vurgusu\/","title":{"rendered":"Tekkek\u00f6y Belediyesi personelinden birliktelik vurgusu"},"content":{"rendered":"<p>Cumhur \u0130ttifak\u0131 Samsun B\u00fcy\u00fck\u015fehir Belediye Ba\u015fkan Aday\u0131 Mustafa Demir ile Tekkek\u00f6y Belediye Ba\u015fkan\u0131 ve Cumhur \u0130ttifak\u0131 Tekkek\u00f6y Belediye Ba\u015fkan Aday\u0131 Hasan Togar, Tekkek\u00f6y Belediyesi personeli ve aileleriyle bir araya geldi.<\/p>\n<p>Program \u00f6ncesi izletilen Tekkek\u00f6y Belediyesi hizmetlerinin anlat\u0131ld\u0131\u011f\u0131 tan\u0131t\u0131m filmi Ba\u015fta B\u00fcy\u00fck\u015fehir Belediye Ba\u015fkan Aday\u0131 Mustafa Demir ve salondakilerden b\u00fcy\u00fck takdir ald\u0131.<\/p>\n<p>Togar: \u201c\u0130l\u00e7emizi bug\u00fcnlere birlikte ta\u015f\u0131d\u0131k\u201d<\/p>\n<p>Tekkek\u00f6y Belediyesi personel birlik beraberlik yeme\u011finde konu\u015fan Togar, \u201c\u0130l\u00e7emize hizmet i\u00e7in gece g\u00fcnd\u00fcz \u00e7al\u0131\u015fan, proje \u00fcreten, emek harcayan Tekkek\u00f6y Belediyesi ailesinin fertleri olarak bu ak\u015fam g\u00fczel bir birliktelik sergiledik. G\u00f6nl\u00fcnde hizmet sevdas\u0131 olan, \u00fcretmek, hizmet etmek i\u00e7in varl\u0131\u011f\u0131n\u0131 ortaya koyan mesai arkada\u015flar\u0131ma ve ailelerine fedakarl\u0131klar\u0131ndan dolay\u0131 bir kez daha te\u015fekk\u00fcr ediyorum. Bu ak\u015famki birlik beraberlik gecemize kat\u0131lan B\u00fcy\u00fck\u015fehir Belediye Ba\u015fkan Aday\u0131m\u0131z Mustafa Demir, \u0130l\u00e7e Ba\u015fkan\u0131m\u0131z Hayri A\u011f\u0131rlar ve te\u015fkilat\u0131m\u0131za bizlerle bu g\u00fczel birlikteli\u011fi payla\u015ft\u0131klar\u0131 i\u00e7in ayr\u0131ca te\u015fekk\u00fcrlerimi sunuyorum\u201d dedi.<\/p>\n<p>\u201cSosyal belediyecilikte fark\u0131m\u0131z\u0131 g\u00f6sterdik\u201d<\/p>\n<p>Tekkek\u00f6y Belediyesi ailesi olarak il\u00e7e halk\u0131n\u0131n her zaman yan\u0131nda olmay\u0131 ba\u015fard\u0131klar\u0131na de\u011finen Togar, \u201cBizler y\u0131llard\u0131r Tekkek\u00f6y\u2019de ba\u015far\u0131lamayan, a\u015f\u0131lamayan, y\u0131k\u0131lamayan tabular\u0131 y\u0131kmay\u0131 ba\u015fard\u0131k. \u00d6zellikle sosyal belediyecilik alan\u0131ndaki \u00f6rnek \u00e7al\u0131\u015fmalar\u0131m\u0131zla g\u00f6n\u00fcllere dokunduk. Bunda en b\u00fcy\u00fck pay sahibi bug\u00fcn bu salonu dolduran siz mesai arkada\u015flar\u0131ms\u0131n\u0131z. Tabii daha yapacak \u00e7ok i\u015fimiz var. Halk\u0131m\u0131zdan ald\u0131\u011f\u0131m\u0131z g\u00fc\u00e7 ve enerjiyle el birli\u011fiyle, omuz omuza Cumhurba\u015fkan\u0131m\u0131z Genel Ba\u015fkan\u0131m\u0131z Say\u0131n Recep Tayyip Erdo\u011fan\u2019dan d\u00fcstur edindi\u011fimiz belediyecilik anlay\u0131\u015f\u0131yla il\u00e7emizi daha g\u00fczel g\u00fcnlere ta\u015f\u0131yaca\u011f\u0131z\u201d diye konu\u015ftu.<\/p>\n<p>Be\u015f y\u0131lda 51 ak\u00fcl\u00fc sandalye<\/p>\n<p>Tekkek\u00f6y\u2019de dezavantajl\u0131 bireylere y\u00f6nelik \u00e7al\u0131\u015fmalar\u0131n aral\u0131ks\u0131n s\u00fcrd\u00fc\u011f\u00fcne dikkat \u00e7eken Togar, \u201cBe\u015f y\u0131lda il\u00e7emizde ikamet eden 51 vatanda\u015f\u0131m\u0131za ak\u00fcl\u00fc sandalye ula\u015ft\u0131rd\u0131k. Karde\u015flerimizin ve ailelerinin \u00f6nlerindeki engelleri bir nebze olsun ortadan kald\u0131rarak, hayat ko\u015fullar\u0131n\u0131 iyile\u015ftirmeye \u00e7al\u0131\u015ft\u0131k. Bizler il\u00e7emizde s\u00fcrd\u00fcrm\u00fc\u015f oldu\u011fumuz sosyal doku anketleri ve \u00e7al\u0131\u015fmalar\u0131m\u0131z ile Tekkek\u00f6y\u00fcm\u00fcz\u00fc masaya yat\u0131rd\u0131k. Belirledi\u011fimiz eksiklikleri be\u015f y\u0131l gibi k\u0131sa s\u00fcre zarf\u0131nda ortadan kald\u0131rmay\u0131 ba\u015fard\u0131k. Bu ve buna benzer \u00e7al\u0131\u015fmalar\u0131m\u0131za aral\u0131ks\u0131z devam edece\u011fiz\u201d \u015feklinde konu\u015ftu.<\/p>\n<p>Demir: \u201cTekkek\u00f6y\u2019\u00fcn be\u015f y\u0131l \u00f6nceki durumu ile \u015fimdiki durumunu bir mukayese edin\u201d<\/p>\n<p>Tekkek\u00f6y Belediyesi personeliyle bir araya gelen Cumhur \u0130ttifak\u0131 Samsun B\u00fcy\u00fck\u015fehir Belediye Ba\u015fkan Aday\u0131 Mustafa Demir, \u201cTekkek\u00f6y\u2019\u00fcn geli\u015fimini en iyi bilen benim. \u015e\u00f6yle bir d\u00fc\u015f\u00fcn\u00fcn be\u015f y\u0131l \u00f6ncesine geri d\u00f6n\u00fcn. Be\u015f y\u0131ll\u0131k yap\u0131lanlar\u0131 geri al\u0131n o zaman fark\u0131 g\u00f6r\u00fcrs\u00fcn\u00fcz. Bug\u00fcn Tekkek\u00f6y\u2019deki uluslararas\u0131 fuar alan\u0131, Ya\u015far Do\u011fu Kapal\u0131 Spor Salonu ve yeni Samsunspor Stadyumunun alan\u0131n\u0131 bizim bakanl\u0131\u011f\u0131m\u0131z d\u00f6neminde planlad\u0131k ve Samsun\u2019umuza kazand\u0131rd\u0131k. Tekkek\u00f6y ile ilgili daha \u00e7ok projelerimiz var. \u00d6n\u00fcm\u00fczdeki s\u00fcre\u00e7te hepsini ad\u0131m ad\u0131m hayata ge\u00e7irece\u011fiz\u201d ifadelerini kulland\u0131.<\/p>\n<p>Programa AK Parti Tekkek\u00f6y \u0130l\u00e7e Ba\u015fkan\u0131 Hayri A\u011f\u0131rlar da kat\u0131ld\u0131.<div class=\"tiled-gallery type-rectangular tiled-gallery-unresized\" data-original-width=\"500\" data-carousel-extra='null' itemscope itemtype=\"http:\/\/schema.org\/ImageGallery\" > <div class=\"gallery-row\" style=\"width: 500px; height: 225px;\" data-original-width=\"500\" data-original-height=\"225\" > <div class=\"gallery-group images-1\" style=\"width: 317px; height: 225px;\" data-original-width=\"317\" data-original-height=\"225\" > <div class=\"tiled-gallery-item tiled-gallery-item-large\" itemprop=\"associatedMedia\" itemscope itemtype=\"http:\/\/schema.org\/ImageObject\"> <a href=\"http:\/\/www.tvturk.com\/index.php\/tekkekoy-belediyesi-personelinden-birliktelik-vurgusu\/tekkekoy-belediyesi-personelinden-birliktelik-vurgusu-3\/\" border=\"0\" itemprop=\"url\"> <meta itemprop=\"width\" content=\"313\"> <meta itemprop=\"height\" content=\"221\"> <img decoding=\"async\" class=\"\" data-attachment-id=\"25815\" data-orig-file=\"http:\/\/www.tvturk.com\/wp-content\/uploads\/2019\/02\/tekkekoy-belediyesi-personelinden-birliktelik-vurgusu_6132350.jpg\" data-orig-size=\"1000,708\" data-comments-opened=\"\" data-image-meta=\"{&quot;aperture&quot;:&quot;0&quot;,&quot;credit&quot;:&quot;IHA&quot;,&quot;camera&quot;:&quot;&quot;,&quot;caption&quot;:&quot;CUMHUR \\u0130TT\\u0130FAKI SAMSUN B\\u00dcY\\u00dcK\\u015eEH\\u0130R BELED\\u0130YE BA\\u015eKAN ADAYI MUSTAFA DEM\\u0130R, TEKKEK\\u00d6Y BELED\\u0130YE BA\\u015eKANI VE CUMHUR \\u0130TT\\u0130FAKI TEKKEK\\u00d6Y BELED\\u0130YE BA\\u015eKAN ADAYI HASAN TOGAR, TEKKEK\\u00d6Y AK PART\\u0130 \\u0130L\\u00c7E BA\\u015eKANI HAYR\\u0130 A\\u011eIRLAR TEKKEK\\u00d6Y BELED\\u0130YES\\u0130 PERSONEL\\u0130 VE A\\u0130LELER\\u0130YLE B\\u0130R ARAYA GELD\\u0130. (\\u0130HA\\\/SAMSUN-\\u0130HA)&quot;,&quot;created_timestamp&quot;:&quot;0&quot;,&quot;copyright&quot;:&quot;\\u0130HLAS HABER AJANSI, www.iha.com.tr&quot;,&quot;focal_length&quot;:&quot;0&quot;,&quot;iso&quot;:&quot;0&quot;,&quot;shutter_speed&quot;:&quot;0&quot;,&quot;title&quot;:&quot;TEKKEK\\u00d6Y BELED\\u0130YES\\u0130 PERSONEL\\u0130NDEN B\\u0130RL\\u0130KTEL\\u0130K VURGUSU&quot;,&quot;orientation&quot;:&quot;0&quot;}\" data-image-title=\"Tekkek\u00f6y Belediyesi personelinden birliktelik vurgusu\" data-image-description=\"&lt;p&gt;Tekkek\u00f6y Belediyesi personelinden birliktelik vurgusu&lt;\/p&gt; \" data-medium-file=\"https:\/\/i0.wp.com\/www.tvturk.com\/wp-content\/uploads\/2019\/02\/tekkekoy-belediyesi-personelinden-birliktelik-vurgusu_6132350.jpg?fit=300%2C212\" data-large-file=\"https:\/\/i0.wp.com\/www.tvturk.com\/wp-content\/uploads\/2019\/02\/tekkekoy-belediyesi-personelinden-birliktelik-vurgusu_6132350.jpg?fit=1000%2C708\" src=\"https:\/\/i0.wp.com\/www.tvturk.com\/wp-content\/uploads\/2019\/02\/tekkekoy-belediyesi-personelinden-birliktelik-vurgusu_6132350.jpg?w=313&#038;h=221\" srcset=\"https:\/\/i0.wp.com\/www.tvturk.com\/wp-content\/uploads\/2019\/02\/tekkekoy-belediyesi-personelinden-birliktelik-vurgusu_6132350.jpg?w=1000 1000w, https:\/\/i0.wp.com\/www.tvturk.com\/wp-content\/uploads\/2019\/02\/tekkekoy-belediyesi-personelinden-birliktelik-vurgusu_6132350.jpg?resize=150%2C106 150w, https:\/\/i0.wp.com\/www.tvturk.com\/wp-content\/uploads\/2019\/02\/tekkekoy-belediyesi-personelinden-birliktelik-vurgusu_6132350.jpg?resize=300%2C212 300w, https:\/\/i0.wp.com\/www.tvturk.com\/wp-content\/uploads\/2019\/02\/tekkekoy-belediyesi-personelinden-birliktelik-vurgusu_6132350.jpg?resize=768%2C544 768w, https:\/\/i0.wp.com\/www.tvturk.com\/wp-content\/uploads\/2019\/02\/tekkekoy-belediyesi-personelinden-birliktelik-vurgusu_6132350.jpg?resize=80%2C55 80w\" width=\"313\" height=\"221\" loading=\"lazy\" data-original-width=\"313\" data-original-height=\"221\" itemprop=\"http:\/\/schema.org\/image\" title=\"Tekkek\u00f6y Belediyesi personelinden birliktelik vurgusu\" alt=\"Tekkek\u00f6y Belediyesi personelinden birliktelik vurgusu\" style=\"width: 313px; height: 221px;\" \/> <\/a> <\/div> <\/div> <!-- close group --> <div class=\"gallery-group images-2\" style=\"width: 183px; height: 225px;\" data-original-width=\"183\" data-original-height=\"225\" > <div class=\"tiled-gallery-item tiled-gallery-item-small\" itemprop=\"associatedMedia\" itemscope itemtype=\"http:\/\/schema.org\/ImageObject\"> <a href=\"http:\/\/www.tvturk.com\/index.php\/tekkekoy-belediyesi-personelinden-birliktelik-vurgusu\/tekkekoy-belediyesi-personelinden-birliktelik-vurgusu-4\/\" border=\"0\" itemprop=\"url\"> <meta itemprop=\"width\" content=\"179\"> <meta itemprop=\"height\" content=\"112\"> <img decoding=\"async\" class=\"\" data-attachment-id=\"25816\" data-orig-file=\"http:\/\/www.tvturk.com\/wp-content\/uploads\/2019\/02\/tekkekoy-belediyesi-personelinden-birliktelik-vurgusu_72443a0.jpg\" data-orig-size=\"1000,625\" data-comments-opened=\"\" data-image-meta=\"{&quot;aperture&quot;:&quot;0&quot;,&quot;credit&quot;:&quot;IHA&quot;,&quot;camera&quot;:&quot;&quot;,&quot;caption&quot;:&quot;CUMHUR \\u0130TT\\u0130FAKI SAMSUN B\\u00dcY\\u00dcK\\u015eEH\\u0130R BELED\\u0130YE BA\\u015eKAN ADAYI MUSTAFA DEM\\u0130R, TEKKEK\\u00d6Y BELED\\u0130YE BA\\u015eKANI VE CUMHUR \\u0130TT\\u0130FAKI TEKKEK\\u00d6Y BELED\\u0130YE BA\\u015eKAN ADAYI HASAN TOGAR, TEKKEK\\u00d6Y AK PART\\u0130 \\u0130L\\u00c7E BA\\u015eKANI HAYR\\u0130 A\\u011eIRLAR TEKKEK\\u00d6Y BELED\\u0130YES\\u0130 PERSONEL\\u0130 VE A\\u0130LELER\\u0130YLE B\\u0130R ARAYA GELD\\u0130. (\\u0130HA\\\/SAMSUN-\\u0130HA)&quot;,&quot;created_timestamp&quot;:&quot;0&quot;,&quot;copyright&quot;:&quot;\\u0130HLAS HABER AJANSI, www.iha.com.tr&quot;,&quot;focal_length&quot;:&quot;0&quot;,&quot;iso&quot;:&quot;0&quot;,&quot;shutter_speed&quot;:&quot;0&quot;,&quot;title&quot;:&quot;TEKKEK\\u00d6Y BELED\\u0130YES\\u0130 PERSONEL\\u0130NDEN B\\u0130RL\\u0130KTEL\\u0130K VURGUSU&quot;,&quot;orientation&quot;:&quot;0&quot;}\" data-image-title=\"Tekkek\u00f6y Belediyesi personelinden birliktelik vurgusu\" data-image-description=\"&lt;p&gt;Tekkek\u00f6y Belediyesi personelinden birliktelik vurgusu&lt;\/p&gt; \" data-medium-file=\"https:\/\/i0.wp.com\/www.tvturk.com\/wp-content\/uploads\/2019\/02\/tekkekoy-belediyesi-personelinden-birliktelik-vurgusu_72443a0.jpg?fit=300%2C188\" data-large-file=\"https:\/\/i0.wp.com\/www.tvturk.com\/wp-content\/uploads\/2019\/02\/tekkekoy-belediyesi-personelinden-birliktelik-vurgusu_72443a0.jpg?fit=1000%2C625\" src=\"https:\/\/i0.wp.com\/www.tvturk.com\/wp-content\/uploads\/2019\/02\/tekkekoy-belediyesi-personelinden-birliktelik-vurgusu_72443a0.jpg?w=179&#038;h=112\" srcset=\"https:\/\/i0.wp.com\/www.tvturk.com\/wp-content\/uploads\/2019\/02\/tekkekoy-belediyesi-personelinden-birliktelik-vurgusu_72443a0.jpg?w=1000 1000w, https:\/\/i0.wp.com\/www.tvturk.com\/wp-content\/uploads\/2019\/02\/tekkekoy-belediyesi-personelinden-birliktelik-vurgusu_72443a0.jpg?resize=150%2C94 150w, https:\/\/i0.wp.com\/www.tvturk.com\/wp-content\/uploads\/2019\/02\/tekkekoy-belediyesi-personelinden-birliktelik-vurgusu_72443a0.jpg?resize=300%2C188 300w, https:\/\/i0.wp.com\/www.tvturk.com\/wp-content\/uploads\/2019\/02\/tekkekoy-belediyesi-personelinden-birliktelik-vurgusu_72443a0.jpg?resize=768%2C480 768w, https:\/\/i0.wp.com\/www.tvturk.com\/wp-content\/uploads\/2019\/02\/tekkekoy-belediyesi-personelinden-birliktelik-vurgusu_72443a0.jpg?resize=460%2C290 460w\" width=\"179\" height=\"112\" loading=\"lazy\" data-original-width=\"179\" data-original-height=\"112\" itemprop=\"http:\/\/schema.org\/image\" title=\"Tekkek\u00f6y Belediyesi personelinden birliktelik vurgusu\" alt=\"Tekkek\u00f6y Belediyesi personelinden birliktelik vurgusu\" style=\"width: 179px; height: 112px;\" \/> <\/a> <\/div> <div class=\"tiled-gallery-item tiled-gallery-item-small\" itemprop=\"associatedMedia\" itemscope itemtype=\"http:\/\/schema.org\/ImageObject\"> <a href=\"http:\/\/www.tvturk.com\/index.php\/tekkekoy-belediyesi-personelinden-birliktelik-vurgusu\/tekkekoy-belediyesi-personelinden-birliktelik-vurgusu-5\/\" border=\"0\" itemprop=\"url\"> <meta itemprop=\"width\" content=\"179\"> <meta itemprop=\"height\" content=\"105\"> <img decoding=\"async\" class=\"\" data-attachment-id=\"25817\" data-orig-file=\"http:\/\/www.tvturk.com\/wp-content\/uploads\/2019\/02\/tekkekoy-belediyesi-personelinden-birliktelik-vurgusu_16ad2c4.jpg\" data-orig-size=\"1000,589\" data-comments-opened=\"\" data-image-meta=\"{&quot;aperture&quot;:&quot;0&quot;,&quot;credit&quot;:&quot;IHA&quot;,&quot;camera&quot;:&quot;&quot;,&quot;caption&quot;:&quot;CUMHUR \\u0130TT\\u0130FAKI SAMSUN B\\u00dcY\\u00dcK\\u015eEH\\u0130R BELED\\u0130YE BA\\u015eKAN ADAYI MUSTAFA DEM\\u0130R, TEKKEK\\u00d6Y BELED\\u0130YE BA\\u015eKANI VE CUMHUR \\u0130TT\\u0130FAKI TEKKEK\\u00d6Y BELED\\u0130YE BA\\u015eKAN ADAYI HASAN TOGAR, TEKKEK\\u00d6Y AK PART\\u0130 \\u0130L\\u00c7E BA\\u015eKANI HAYR\\u0130 A\\u011eIRLAR TEKKEK\\u00d6Y BELED\\u0130YES\\u0130 PERSONEL\\u0130 VE A\\u0130LELER\\u0130YLE B\\u0130R ARAYA GELD\\u0130. (\\u0130HA\\\/SAMSUN-\\u0130HA)&quot;,&quot;created_timestamp&quot;:&quot;0&quot;,&quot;copyright&quot;:&quot;\\u0130HLAS HABER AJANSI, www.iha.com.tr&quot;,&quot;focal_length&quot;:&quot;0&quot;,&quot;iso&quot;:&quot;0&quot;,&quot;shutter_speed&quot;:&quot;0&quot;,&quot;title&quot;:&quot;TEKKEK\\u00d6Y BELED\\u0130YES\\u0130 PERSONEL\\u0130NDEN B\\u0130RL\\u0130KTEL\\u0130K VURGUSU&quot;,&quot;orientation&quot;:&quot;0&quot;}\" data-image-title=\"Tekkek\u00f6y Belediyesi personelinden birliktelik vurgusu\" data-image-description=\"&lt;p&gt;Tekkek\u00f6y Belediyesi personelinden birliktelik vurgusu&lt;\/p&gt; \" data-medium-file=\"https:\/\/i0.wp.com\/www.tvturk.com\/wp-content\/uploads\/2019\/02\/tekkekoy-belediyesi-personelinden-birliktelik-vurgusu_16ad2c4.jpg?fit=300%2C177\" data-large-file=\"https:\/\/i0.wp.com\/www.tvturk.com\/wp-content\/uploads\/2019\/02\/tekkekoy-belediyesi-personelinden-birliktelik-vurgusu_16ad2c4.jpg?fit=1000%2C589\" src=\"https:\/\/i0.wp.com\/www.tvturk.com\/wp-content\/uploads\/2019\/02\/tekkekoy-belediyesi-personelinden-birliktelik-vurgusu_16ad2c4.jpg?w=179&#038;h=105\" srcset=\"https:\/\/i0.wp.com\/www.tvturk.com\/wp-content\/uploads\/2019\/02\/tekkekoy-belediyesi-personelinden-birliktelik-vurgusu_16ad2c4.jpg?w=1000 1000w, https:\/\/i0.wp.com\/www.tvturk.com\/wp-content\/uploads\/2019\/02\/tekkekoy-belediyesi-personelinden-birliktelik-vurgusu_16ad2c4.jpg?resize=150%2C88 150w, https:\/\/i0.wp.com\/www.tvturk.com\/wp-content\/uploads\/2019\/02\/tekkekoy-belediyesi-personelinden-birliktelik-vurgusu_16ad2c4.jpg?resize=300%2C177 300w, https:\/\/i0.wp.com\/www.tvturk.com\/wp-content\/uploads\/2019\/02\/tekkekoy-belediyesi-personelinden-birliktelik-vurgusu_16ad2c4.jpg?resize=768%2C452 768w, https:\/\/i0.wp.com\/www.tvturk.com\/wp-content\/uploads\/2019\/02\/tekkekoy-belediyesi-personelinden-birliktelik-vurgusu_16ad2c4.jpg?resize=380%2C220 380w\" width=\"179\" height=\"105\" loading=\"lazy\" data-original-width=\"179\" data-original-height=\"105\" itemprop=\"http:\/\/schema.org\/image\" title=\"Tekkek\u00f6y Belediyesi personelinden birliktelik vurgusu\" alt=\"Tekkek\u00f6y Belediyesi personelinden birliktelik vurgusu\" style=\"width: 179px; height: 105px;\" \/> <\/a> <\/div> <\/div> <!-- close group --> <\/div> <!-- close row --> <\/div><\/p>\n","protected":false},"excerpt":{"rendered":"<p>CUMHUR \u0130TT\u0130FAKI SAMSUN B\u00dcY\u00dcK\u015eEH\u0130R BELED\u0130YE BA\u015eKAN ADAYI MUSTAFA DEM\u0130R, TEKKEK\u00d6Y BELED\u0130YE BA\u015eKANI VE CUMHUR \u0130TT\u0130FAKI TEKKEK\u00d6Y BELED\u0130YE BA\u015eKAN ADAYI HASAN TOGAR, TEKKEK\u00d6Y AK PART\u0130 \u0130L\u00c7E BA\u015eKANI HAYR\u0130 A\u011eIRLAR TEKKEK\u00d6Y BELED\u0130YES\u0130 PERSONEL\u0130 VE A\u0130LELER\u0130YLE B\u0130R ARAYA GELD\u0130.<\/p>\n","protected":false},"author":1,"featured_media":25814,"comment_status":"closed","ping_status":"open","sticky":false,"template":"","format":"standard","meta":{"jetpack_post_was_ever_published":false,"_jetpack_newsletter_access":"","_jetpack_dont_email_post_to_subs":false,"_jetpack_newsletter_tier_id":0,"_jetpack_memberships_contains_paywalled_content":false,"_jetpack_memberships_contains_paid_content":false,"footnotes":"","jetpack_publicize_message":"","jetpack_publicize_feature_enabled":true,"jetpack_social_post_already_shared":false,"jetpack_social_options":{"image_generator_settings":{"template":"highway","default_image_id":0,"font":"","enabled":false},"version":2}},"categories":[9],"tags":[383,2624,6797,7777,490],"class_list":["post-25813","post","type-post","status-publish","format-standard","has-post-thumbnail","hentry","category-siyaset","tag-belediyesi","tag-birliktelik","tag-personelinden","tag-tekkekoy","tag-vurgusu"],"jetpack_publicize_connections":[],"jetpack_featured_media_url":"https:\/\/i0.wp.com\/www.tvturk.com\/wp-content\/uploads\/2019\/02\/tekkekoy-belediyesi-personelinden-birliktelik-vurgusu_6fdf764.jpg?fit=1000%2C553","jetpack_sharing_enabled":true,"jetpack_shortlink":"https:\/\/wp.me\/paKIfm-6Il","_links":{"self":[{"href":"http:\/\/www.tvturk.com\/index.php\/wp-json\/wp\/v2\/posts\/25813","targetHints":{"allow":["GET"]}}],"collection":[{"href":"http:\/\/www.tvturk.com\/index.php\/wp-json\/wp\/v2\/posts"}],"about":[{"href":"http:\/\/www.tvturk.com\/index.php\/wp-json\/wp\/v2\/types\/post"}],"author":[{"embeddable":true,"href":"http:\/\/www.tvturk.com\/index.php\/wp-json\/wp\/v2\/users\/1"}],"replies":[{"embeddable":true,"href":"http:\/\/www.tvturk.com\/index.php\/wp-json\/wp\/v2\/comments?post=25813"}],"version-history":[{"count":1,"href":"http:\/\/www.tvturk.com\/index.php\/wp-json\/wp\/v2\/posts\/25813\/revisions"}],"predecessor-version":[{"id":25818,"href":"http:\/\/www.tvturk.com\/index.php\/wp-json\/wp\/v2\/posts\/25813\/revisions\/25818"}],"wp:featuredmedia":[{"embeddable":true,"href":"http:\/\/www.tvturk.com\/index.php\/wp-json\/wp\/v2\/media\/25814"}],"wp:attachment":[{"href":"http:\/\/www.tvturk.com\/index.php\/wp-json\/wp\/v2\/media?parent=25813"}],"wp:term":[{"taxonomy":"category","embeddable":true,"href":"http:\/\/www.tvturk.com\/index.php\/wp-json\/wp\/v2\/categories?post=25813"},{"taxonomy":"post_tag","embeddable":true,"href":"http:\/\/www.tvturk.com\/index.php\/wp-json\/wp\/v2\/tags?post=25813"}],"curies":[{"name":"wp","href":"https:\/\/api.w.org\/{rel}","templated":true}]}}