{"id":258142,"date":"2020-01-21T09:46:41","date_gmt":"2020-01-21T06:46:41","guid":{"rendered":"http:\/\/www.tvturk.com\/index.php\/ozel-raylarin-altindan-cikan-tarihi-dev-liman-sehri-havadan-goruntulendi\/"},"modified":"2020-01-21T09:46:41","modified_gmt":"2020-01-21T06:46:41","slug":"ozel-raylarin-altindan-cikan-tarihi-dev-liman-sehri-havadan-goruntulendi","status":"publish","type":"post","link":"http:\/\/www.tvturk.com\/index.php\/ozel-raylarin-altindan-cikan-tarihi-dev-liman-sehri-havadan-goruntulendi\/","title":{"rendered":"(\u00d6zel) Raylar\u0131n alt\u0131ndan \u00e7\u0131kan tarihi dev liman \u015fehri havadan g\u00f6r\u00fcnt\u00fclendi"},"content":{"rendered":"<p>Kad\u0131k\u00f6y Haydarpa\u015fa\u2019da yakla\u015f\u0131k iki y\u0131l \u00f6nce ba\u015flanan arkeolojik kaz\u0131 \u00e7al\u0131\u015fmalar\u0131 h\u0131z kesmeden devam ediyor. Raylar\u0131n alt\u0131ndan \u00e7\u0131kan dev liman \u015fehrinde bulunan \u00e7ok say\u0131da tarihi yap\u0131, sikke ve iskelet, Anadolu tarihine \u0131\u015f\u0131k tutuyor. \u2018K\u00f6rler \u00dclkesi\u2019 olarak bilinen Khalkedon\u2019a ait kal\u0131nt\u0131lar\u0131n g\u00fcn y\u00fcz\u00fcne \u00e7\u0131kt\u0131\u011f\u0131 kaz\u0131 \u00e7al\u0131\u015fmalar\u0131nda gelinen son durum havadan g\u00f6r\u00fcnt\u00fclendi.<\/p>\n<p>Haydarpa\u015fa gar\u0131 ve Marmaray \u00e7al\u0131\u015fmalar\u0131 s\u0131ras\u0131nda kal\u0131nt\u0131lara rastlan\u0131lmas\u0131 \u00fczerine b\u00f6lgede 2018\u2019in May\u0131s ay\u0131nda arkeolojik kaz\u0131 \u00e7al\u0131\u015fmalar\u0131 ba\u015flat\u0131lm\u0131\u015ft\u0131. 1 y\u0131l\u0131 a\u015fk\u0131n s\u00fcredir yap\u0131lan kaz\u0131 \u00e7al\u0131\u015fmalar\u0131 Anadolu\u2019nun k\u00f6kl\u00fc tarihine \u0131\u015f\u0131k tutmaya devam ediyor. Ge\u00e7 Osmanl\u0131, Osmanl\u0131, Bizans, Helenistik ve Klasik D\u00f6neme ait birbirinden farkl\u0131 tarihi yap\u0131lar\u0131 i\u00e7erisinde bar\u0131nd\u0131ran alanda adeta bir \u015fehir ortaya \u00e7\u0131kt\u0131. 300 bin metrekarelik alanda yap\u0131lan \u00e7al\u0131\u015fmalar, Haydarpa\u015fa Gar \u00f6n\u00fc, peron 1, peron 2, menfez ve \u0130brahim A\u011fa b\u00f6lgesi olmak \u00fczere 5 ayr\u0131 b\u00f6lgede y\u00fcr\u00fct\u00fcl\u00fcyor.<\/p>\n<p>\u00c7al\u0131\u015fmalar kapsam\u0131nda bug\u00fcne kadar ortaya \u00e7\u0131kar\u0131lan 6 bine yak\u0131n sikke, 26 adet kafatas\u0131n\u0131n i\u00e7erisinde bulundu\u011fu g\u00f6m\u00fc, kilise kal\u0131nt\u0131lar\u0131, an\u0131t mezar ve benzeri tarihi yap\u0131lar, \u2018K\u00f6rler \u00dclkesi\u2019 olarak adland\u0131r\u0131lan Khalkedon antik \u015fehir tarihinin g\u00fcn\u00fcm\u00fczde ayd\u0131nlat\u0131lmas\u0131n\u0131 sa\u011fl\u0131yor. \u00c7al\u0131\u015fmalar 400 i\u015f\u00e7i, 17 arkeolog ve 3 m\u00fcze uzman\u0131 taraf\u0131ndan y\u00fcr\u00fct\u00fcl\u00fcyor. Arkeoloijik alandaki \u00e7al\u0131\u015fmalar\u0131n son hali drone ile havadan g\u00f6r\u00fcnt\u00fcledi.<\/p>\n","protected":false},"excerpt":{"rendered":"<p>KADIK\u00d6Y HAYDARPA\u015eA\u2019DA YAKLA\u015eIK \u0130K\u0130 YIL \u00d6NCE BA\u015eLANAN ARKEOLOJ\u0130K KAZI \u00c7ALI\u015eMALARI HIZ KESMEDEN DEVAM ED\u0130YOR. RAYLARIN ALTINDAN \u00c7IKAN DEV L\u0130MAN \u015eEHR\u0130NDE BULUNAN \u00c7OK SAYIDA TAR\u0130H\u0130 YAPI, S\u0130KKE VE \u0130SKELET, ANADOLU TAR\u0130H\u0130NE I\u015eIK TUTUYOR. \u2018K\u00d6RLER \u00dcLKES\u0130\u2019 OLARAK B\u0130L\u0130NEN KHALKEDON\u2019A A\u0130T KALINTILARIN G\u00dcN Y\u00dcZ\u00dcNE \u00c7IKTI\u011eI KAZI \u00c7ALI\u015eMALARINDA GEL\u0130NEN SON DURUM HAVADAN G\u00d6R\u00dcNT\u00dcLEND\u0130.<\/p>\n","protected":false},"author":1,"featured_media":258143,"comment_status":"closed","ping_status":"open","sticky":false,"template":"","format":"standard","meta":{"jetpack_post_was_ever_published":false,"_jetpack_newsletter_access":"","_jetpack_dont_email_post_to_subs":false,"_jetpack_newsletter_tier_id":0,"_jetpack_memberships_contains_paywalled_content":false,"_jetpack_memberships_contains_paid_content":false,"footnotes":"","jetpack_publicize_message":"","jetpack_publicize_feature_enabled":true,"jetpack_social_post_already_shared":true,"jetpack_social_options":{"image_generator_settings":{"template":"highway","default_image_id":0,"font":"","enabled":false},"version":2}},"categories":[1],"tags":[7385,1073,3782,2114,3017,3388,3387,4937,37378,800],"class_list":["post-258142","post","type-post","status-publish","format-standard","has-post-thumbnail","hentry","category-genel","tag-sehri","tag-ozel","tag-altindan","tag-cikan","tag-dev","tag-goruntulendi","tag-havadan","tag-liman","tag-raylarin","tag-tarihi"],"jetpack_publicize_connections":[],"jetpack_featured_media_url":"https:\/\/i0.wp.com\/www.tvturk.com\/wp-content\/uploads\/2020\/01\/ozel-raylarin-altindan-cikan-tarihi-dev-liman-sehri-havadan-goruntulendi_49d808e.jpg?fit=1000%2C562","jetpack_sharing_enabled":true,"jetpack_shortlink":"https:\/\/wp.me\/paKIfm-159A","_links":{"self":[{"href":"http:\/\/www.tvturk.com\/index.php\/wp-json\/wp\/v2\/posts\/258142","targetHints":{"allow":["GET"]}}],"collection":[{"href":"http:\/\/www.tvturk.com\/index.php\/wp-json\/wp\/v2\/posts"}],"about":[{"href":"http:\/\/www.tvturk.com\/index.php\/wp-json\/wp\/v2\/types\/post"}],"author":[{"embeddable":true,"href":"http:\/\/www.tvturk.com\/index.php\/wp-json\/wp\/v2\/users\/1"}],"replies":[{"embeddable":true,"href":"http:\/\/www.tvturk.com\/index.php\/wp-json\/wp\/v2\/comments?post=258142"}],"version-history":[{"count":0,"href":"http:\/\/www.tvturk.com\/index.php\/wp-json\/wp\/v2\/posts\/258142\/revisions"}],"wp:featuredmedia":[{"embeddable":true,"href":"http:\/\/www.tvturk.com\/index.php\/wp-json\/wp\/v2\/media\/258143"}],"wp:attachment":[{"href":"http:\/\/www.tvturk.com\/index.php\/wp-json\/wp\/v2\/media?parent=258142"}],"wp:term":[{"taxonomy":"category","embeddable":true,"href":"http:\/\/www.tvturk.com\/index.php\/wp-json\/wp\/v2\/categories?post=258142"},{"taxonomy":"post_tag","embeddable":true,"href":"http:\/\/www.tvturk.com\/index.php\/wp-json\/wp\/v2\/tags?post=258142"}],"curies":[{"name":"wp","href":"https:\/\/api.w.org\/{rel}","templated":true}]}}