{"id":258152,"date":"2020-01-21T10:01:43","date_gmt":"2020-01-21T07:01:43","guid":{"rendered":"http:\/\/www.tvturk.com\/index.php\/avustralya-yangini-turkiyedeki-mobilya-sektorunu-harekete-gecirdi\/"},"modified":"2020-01-21T10:01:43","modified_gmt":"2020-01-21T07:01:43","slug":"avustralya-yangini-turkiyedeki-mobilya-sektorunu-harekete-gecirdi","status":"publish","type":"post","link":"http:\/\/www.tvturk.com\/index.php\/avustralya-yangini-turkiyedeki-mobilya-sektorunu-harekete-gecirdi\/","title":{"rendered":"Avustralya yang\u0131n\u0131 T\u00fcrkiye\u2019deki mobilya sekt\u00f6r\u00fcn\u00fc harekete ge\u00e7irdi"},"content":{"rendered":"<p>T\u00fcm d\u00fcnyan\u0131n g\u00f6zlerini \u00fczerine \u00e7evirdi\u011fi Avustralya\u2019daki orman yang\u0131nlar\u0131, pek \u00e7ok \u00fclkeyi kaynaklar\u0131n\u0131 korumak ad\u0131na harekete ge\u00e7irdi. Son 5 y\u0131lda orman yang\u0131nlar\u0131 nedeniyle zarar g\u00f6ren ye\u015fil alanlar\u0131n y\u00fczde 76 artt\u0131\u011f\u0131 T\u00fcrkiye\u2019de Asortie Mobilya \u00f6nemli bir sosyal sorumluluk hareketi ba\u015flatt\u0131.<\/p>\n<p>Avustralya\u2019da 8 milyar hektar orman\u0131n ve 1,25 milyar hayvan\u0131n kayb\u0131na neden olan orman yang\u0131nlar\u0131, t\u00fcm d\u00fcnyay\u0131 ciddi bir tabloyla kar\u015f\u0131 kar\u015f\u0131ya b\u0131rakt\u0131. Pek \u00e7ok \u00fclkeyi harekete ge\u00e7iren bu felaket, ayn\u0131 zamanda T\u00fcrkiye i\u00e7in de bir uyar\u0131 niteli\u011fi ta\u015f\u0131yor. Tar\u0131m ve Orman Bakanl\u0131\u011f\u0131\u2019n\u0131n son verileri, T\u00fcrkiye\u2019de orman yang\u0131nlar\u0131ndan dolay\u0131 zarar g\u00f6ren ye\u015fil alanlar\u0131n son 5 y\u0131lda y\u00fczde 76 artt\u0131\u011f\u0131n\u0131 g\u00f6steriyor. Mobilya ve dekorasyon sekt\u00f6r\u00fcn\u00fcn \u00f6nde gelen markalar\u0131ndan Asortie Mobilya, bu kayb\u0131 telafi etmek i\u00e7in ba\u015flatt\u0131\u011f\u0131 \u2018Do\u011fadan Ald\u0131\u011f\u0131m\u0131z\u0131 Geri Veriyoruz\u2019 adl\u0131 sosyal sorumluluk projesiyle her m\u00fc\u015fterinin ailesi veya sevdikleri ad\u0131na s\u0131n\u0131rlama olmaks\u0131z\u0131n, T\u00fcrkiye\u2019de fidan dikiyor. Kampanyay\u0131 yurt i\u00e7i ve yurt d\u0131\u015f\u0131 ma\u011fazalar\u0131ndaki t\u00fcm \u00fcr\u00fcnleri i\u00e7in ge\u00e7erli k\u0131lan marka, bir y\u0131lda 3 binden fazla fidan\u0131 topra\u011fa kazand\u0131rd\u0131.<\/p>\n<p>\u201cYa\u015fanan felaketler kaybedecek daha fazla vakit yok diyor\u201d<\/p>\n<p>Do\u011faya en bor\u00e7lu end\u00fcstrilerden birinin mobilya ve dekorasyon end\u00fcstrisi oldu\u011funu alt\u0131n\u0131 \u00e7izen Asortie Mobilya Y\u00f6netim Kurulu Ba\u015fkan\u0131 Murat Erat, \u201c\u00d6zellikle son d\u00f6nemde ya\u015fanan orman yang\u0131nlar\u0131, t\u00fcm d\u00fcnyay\u0131 derinden \u00fczm\u00fc\u015f durumda. A\u011fa\u00e7lar\u0131n durmadan yand\u0131\u011f\u0131, milyonlarca canl\u0131n\u0131n evinden oldu\u011fu ve dahas\u0131 ya\u015fam\u0131n\u0131 yitirdi\u011fi bu felaketler, kaybedecek daha fazla vaktimiz olmad\u0131\u011f\u0131n\u0131 g\u00f6steriyor ve \u00f6de\u015fme zaman\u0131n\u0131n geldi\u011fini haber veriyor. Bizler, ba\u015fta mobilya ve dekorasyon end\u00fcstrisi olmak \u00fczere pek \u00e7ok sekt\u00f6re hayat veren a\u011fa\u00e7lara can suyu olmay\u0131 ve do\u011faya olan borcumuzu \u00f6demeyi ama\u00e7l\u0131yoruz\u201d dedi.<\/p>\n<p>\u2018Do\u011fadan Ald\u0131\u011f\u0131m\u0131z\u0131 Geri Veriyoruz\u2019 kampanyas\u0131yla T\u00fcrkiye, Dubai, S\u0131rbistan ve Ukrayna ma\u011fazalar\u0131nda yap\u0131lan her al\u0131\u015fveri\u015f i\u00e7in T\u00fcrkiye\u2019de bir fidan diken firma, fidan\u0131n\u0131 diledi\u011fi yere dikmek isteyen m\u00fc\u015fteriler i\u00e7in de saks\u0131da fidan hediye ediyor. Ad\u0131na dikilen fidan\u0131 bir an\u0131ya d\u00f6n\u00fc\u015ft\u00fcrmek isteyenler ise sertifika talep edebiliyor.<\/p>\n","protected":false},"excerpt":{"rendered":"<p>AVUSTRALYA YANGINI T\u00dcRK\u0130YE\u2019DEK\u0130 MOB\u0130LYA SEKT\u00d6R\u00dcN\u00dc HAREKETE GE\u00c7\u0130RD\u0130<\/p>\n","protected":false},"author":1,"featured_media":258153,"comment_status":"closed","ping_status":"open","sticky":false,"template":"","format":"standard","meta":{"jetpack_post_was_ever_published":false,"_jetpack_newsletter_access":"","_jetpack_dont_email_post_to_subs":false,"_jetpack_newsletter_tier_id":0,"_jetpack_memberships_contains_paywalled_content":false,"_jetpack_memberships_contains_paid_content":false,"footnotes":"","jetpack_publicize_message":"","jetpack_publicize_feature_enabled":true,"jetpack_social_post_already_shared":true,"jetpack_social_options":{"image_generator_settings":{"template":"highway","default_image_id":0,"font":"","enabled":false},"version":2}},"categories":[19],"tags":[11571,1062,4482,2175,16077,4184,2115],"class_list":["post-258152","post","type-post","status-publish","format-standard","has-post-thumbnail","hentry","category-ekonomi","tag-avustralya","tag-gecirdi","tag-harekete","tag-mobilya","tag-sektorunu","tag-turkiyedeki","tag-yangini"],"jetpack_publicize_connections":[],"jetpack_featured_media_url":"https:\/\/i0.wp.com\/www.tvturk.com\/wp-content\/uploads\/2020\/01\/avustralya-yangini-turkiyedeki-mobilya-sektorunu-harekete-gecirdi_6d850c8.jpg?fit=752%2C395","jetpack_sharing_enabled":true,"jetpack_shortlink":"https:\/\/wp.me\/paKIfm-159K","_links":{"self":[{"href":"http:\/\/www.tvturk.com\/index.php\/wp-json\/wp\/v2\/posts\/258152","targetHints":{"allow":["GET"]}}],"collection":[{"href":"http:\/\/www.tvturk.com\/index.php\/wp-json\/wp\/v2\/posts"}],"about":[{"href":"http:\/\/www.tvturk.com\/index.php\/wp-json\/wp\/v2\/types\/post"}],"author":[{"embeddable":true,"href":"http:\/\/www.tvturk.com\/index.php\/wp-json\/wp\/v2\/users\/1"}],"replies":[{"embeddable":true,"href":"http:\/\/www.tvturk.com\/index.php\/wp-json\/wp\/v2\/comments?post=258152"}],"version-history":[{"count":0,"href":"http:\/\/www.tvturk.com\/index.php\/wp-json\/wp\/v2\/posts\/258152\/revisions"}],"wp:featuredmedia":[{"embeddable":true,"href":"http:\/\/www.tvturk.com\/index.php\/wp-json\/wp\/v2\/media\/258153"}],"wp:attachment":[{"href":"http:\/\/www.tvturk.com\/index.php\/wp-json\/wp\/v2\/media?parent=258152"}],"wp:term":[{"taxonomy":"category","embeddable":true,"href":"http:\/\/www.tvturk.com\/index.php\/wp-json\/wp\/v2\/categories?post=258152"},{"taxonomy":"post_tag","embeddable":true,"href":"http:\/\/www.tvturk.com\/index.php\/wp-json\/wp\/v2\/tags?post=258152"}],"curies":[{"name":"wp","href":"https:\/\/api.w.org\/{rel}","templated":true}]}}