{"id":258164,"date":"2020-01-21T10:16:29","date_gmt":"2020-01-21T07:16:29","guid":{"rendered":"http:\/\/www.tvturk.com\/index.php\/tavas-egeli-gida-ihracatcilarinin-uretim-merkezi-olacak\/"},"modified":"2020-01-21T10:16:29","modified_gmt":"2020-01-21T07:16:29","slug":"tavas-egeli-gida-ihracatcilarinin-uretim-merkezi-olacak","status":"publish","type":"post","link":"http:\/\/www.tvturk.com\/index.php\/tavas-egeli-gida-ihracatcilarinin-uretim-merkezi-olacak\/","title":{"rendered":"Tavas, Egeli g\u0131da ihracat\u00e7\u0131lar\u0131n\u0131n \u00fcretim merkezi olacak"},"content":{"rendered":"<p>Denizli\u2019nin Tavas il\u00e7esi \u00fcretti\u011fi lezzetlerin d\u00fcnyan\u0131n d\u00f6rt bir taraf\u0131na ihra\u00e7 edilmesi i\u00e7in Ege Ya\u015f Meyve Sebze \u0130hracat\u00e7\u0131lar\u0131 Birli\u011fi ile ortak hareket edecek. Tavas, Egeli g\u0131da ihracat\u00e7\u0131lar\u0131n\u0131n \u00fcretim merkezi olacak.<\/p>\n<p>Ege Ya\u015f Meyve Sebze \u0130hracat\u00e7\u0131lar\u0131 Birli\u011fi Y\u00f6netim Kurulu Ba\u015fkan\u0131 Hayrettin U\u00e7ak ve EYMS\u0130B Y\u00f6netim Kurulu, Tavas Belediye Ba\u015fkan\u0131 H\u00fcseyin \u0130naml\u0131k\u2019\u0131n organizasyonunda Tavas\u2019ta ya\u015f meyve sebze \u00fcreticileri ile bir araya geldi.<\/p>\n<p>Tavas\u2019ta d\u00fczenlenen toplant\u0131da s\u00f6z alan Ege Ya\u015f Meyve Sebze \u0130hracat\u00e7\u0131lar\u0131 Birli\u011fi Y\u00f6netim Kurulu Ba\u015fkan\u0131 Hayrettin U\u00e7ak, Tavas\u2019ta yeti\u015fen \u00fcr\u00fcnlerin pazarlanmas\u0131 ve ihra\u00e7 edilmesi konusunda t\u00fcm imkanlar\u0131yla \u00fcreticilerin yan\u0131nda olacaklar\u0131n\u0131, olas\u0131 i\u015fbirlikleriyle sekt\u00f6r\u00fcn konumunu g\u00fc\u00e7lendirmek i\u00e7in \u00e7al\u0131\u015facaklar\u0131n\u0131 dile getirdi.<\/p>\n<p>Tavas\u2019taki potansiyeli yerinde g\u00f6rmenin heyecan ve mutlulu\u011funu ya\u015fad\u0131klar\u0131n\u0131 ifade eden U\u00e7ak, &#8220;Farkl\u0131 klimas\u0131 ile giderek artan sera yeti\u015ftiricili\u011fi, korni\u015fon salatal\u0131\u011f\u0131, domatesi, \u00fcz\u00fcm\u00fc, eri\u011fi, kiraz\u0131, elma \u00e7e\u015fitleri, armut \u00e7e\u015fitleri, kavunu, cevizi, bademi ile Ege B\u00f6lgemizde \u00f6nemli tar\u0131msal \u00fcretim merkezlerinden biri olmaya aday olan Tavas\u2019ta yeti\u015ftirilen \u00fcr\u00fcnler ihracat\u00e7\u0131 firmalar\u0131n ilgisini giderek daha fazla \u00e7ekmektedir. Ziyaretimizin bu anlamda faydal\u0131 olaca\u011f\u0131na inan\u0131yorum&#8221; dedi.<\/p>\n<p>2020 ihracat hedefimiz 1 milyar dolar<\/p>\n<p>Ege Ya\u015f Meyve Sebze \u0130hracat\u00e7\u0131lar\u0131 Birli\u011fi b\u00fcnyesinde meyve sebze mamulleri ihracat\u00e7\u0131lar\u0131n\u0131n da faaliyet g\u00f6sterdi\u011fi bilgisini veren U\u00e7ak s\u00f6zlerini \u015f\u00f6yle s\u00fcrd\u00fcrd\u00fc; &#8220;Bu ovada yeti\u015fen ve taze olarak de\u011ferlendirmenin yan\u0131nda i\u015flemeye uygun meyve ve sebzeler de mamul ihracat\u00e7\u0131s\u0131 firmalar\u0131m\u0131z taraf\u0131ndan de\u011ferlendirilebilir. EYMS\u0130B olarak yurt i\u00e7inde ve yurt d\u0131\u015f\u0131nda \u00e7ok say\u0131da faaliyette bulunuyoruz. Yurt i\u00e7inde \u00fcreticilerimizle her zaman temas halindeyiz. Son 2 y\u0131lda \u0130zmir\u2019de Kemalpa\u015fa, Sel\u00e7uk, Seferihisar, \u00d6demi\u015f il\u00e7elerinde, Manisa Ala\u015fehir\u2019de, Mu\u011fla Ortaca\u2019da, Afyon Sultanda\u011f\u0131\u2019nda \u00fcreticiler ile toplant\u0131lar organize ettik, onlar\u0131n sorunlar\u0131n\u0131 dinledik ve \u00e7\u00f6z\u00fcmler bulmaya \u00e7al\u0131\u015ft\u0131k. Yurt d\u0131\u015f\u0131nda da \u00fcr\u00fcnlerimizin tan\u0131t\u0131m\u0131 i\u00e7in Almanya, Japonya, \u00c7in, Hong Kong, Rusya ve Fransa\u2019da fuarlara kat\u0131larak tad\u0131m etkinlikleri d\u00fczenledik. Bu \u00e7al\u0131\u015fmalar sonunda 2019 y\u0131l\u0131nda 890 milyon dolarl\u0131k ihracat rakam\u0131yla birli\u011fimizin 53 y\u0131ll\u0131k tarihinde ihracat rekorunu k\u0131rd\u0131k. 2020 y\u0131l\u0131 ihracat hedefimiz ise; 1 milyar dolar. Bu ihracat rakam\u0131na Tavas\u2019\u0131n da katk\u0131 sa\u011flamas\u0131 i\u00e7in ortak hareket edece\u011fiz.&#8221;<\/p>\n<p>T\u00fcm ya\u015f meyve sebze grubunda \u00e7al\u0131\u015fmalar\u0131m\u0131z devam ediyor<\/p>\n<p>\u0130l\u00e7ede \u00fcr\u00fcn deseninin artt\u0131r\u0131lmas\u0131, ihracata y\u00f6nelik \u00fcr\u00fcnlerin yeti\u015ftirilmesi, s\u00f6zle\u015fmeli \u00fcretim modeli esas al\u0131narak yeni yat\u0131r\u0131mc\u0131lar\u0131n sekt\u00f6re dahil olmas\u0131 i\u00e7in; sekt\u00f6r\u00fcn ana payda\u015flar\u0131 ile g\u00fc\u00e7 birli\u011fi yapt\u0131klar\u0131n\u0131 belirten Tavas Belediye Ba\u015fkan\u0131 H\u00fcseyin \u0130naml\u0131k; \u2018\u2019Tavas\u0131m\u0131z\u0131 k\u0131sa s\u00fcrede \u2018Yayla Serac\u0131l\u0131k Merkezi\u2019 haline getirip \u0130hracatta kendisinden s\u00f6z ettirecek olan \u00fcretimimiz ile hem \u00fcreticimizin hem de b\u00f6lge halk\u0131m\u0131z\u0131n kazanmas\u0131n\u0131 ama\u00e7lamaktay\u0131z. Sadece Serac\u0131l\u0131k alan\u0131nda de\u011fil, ihracata y\u00f6nelik t\u00fcm ya\u015f meyve sebze grubunda \u00e7al\u0131\u015fmalar da yap\u0131yoruz. B\u00f6lge halk\u0131m\u0131z\u0131n ekonomik y\u00f6nden kalk\u0131nmas\u0131n\u0131 sa\u011flamak, \u00f6zellikle gen\u00e7lerimizin kendi i\u015flerini kurmalar\u0131na \u00f6nc\u00fcl\u00fck etmek en b\u00fcy\u00fck hedefimizdir. Bug\u00fcn burada \u0130l\u00e7emiz Tar\u0131m\u0131na katk\u0131 sa\u011flamak i\u00e7in ziyaretimize gelen de\u011ferli misafirlerimiz Ege Ya\u015f Meyve Sebze \u0130hracat\u00e7\u0131lar Birli\u011fi Ba\u015fkan\u0131m\u0131z Hayrettin U\u00e7ak beye, y\u00f6netim kurulu \u00fcyelerine ve kat\u0131l\u0131m sa\u011flayan herkese te\u015fekk\u00fcr ediyor, toplant\u0131m\u0131z\u0131n Tavas\u2019\u0131m\u0131z i\u00e7in hay\u0131rl\u0131 olmas\u0131n\u0131 diliyorum\u201d dedi.<\/p>\n<p>Tavas Belediyesinde d\u00fczenlenen toplant\u0131ya; Tavas Belediye Ba\u015fkan\u0131 H\u00fcseyin \u0130naml\u0131k, Ege Ya\u015f Meyve Sebze \u0130hracat\u00e7\u0131lar\u0131 Birli\u011fi Ba\u015fkan\u0131 Hayrettin U\u00e7ak ve y\u00f6netim kurulu \u00fcyeleri, Tavas \u0130l\u00e7e Tar\u0131m M\u00fcd\u00fcr\u00fc Halil Nas, Tavas Ziraat Odas\u0131 Ba\u015fkan\u0131 S\u00fcleyman Tozluko\u011flu, Tavas Sebze \u00dcreticileri Birli\u011fi Ba\u015fkan\u0131 Mustafa Ceviz, Tavas Meyve \u00dcreticileri Birli\u011fi Ba\u015fkan\u0131 Orhan Akyol, Biktisel Koruma \u015eube M\u00fcd\u00fcr\u00fc Ali Y\u0131lmaz, muhtarlar ve \u00fcreticiler kat\u0131ld\u0131.<\/p>\n<p>Meyve bah\u00e7eleri ve seralar ziyaret edildi<\/p>\n<p>Ege Ya\u015f Meyve Sebze \u0130hracat\u00e7\u0131lar\u0131 Birli\u011fi Ba\u015fkan\u0131 Hayrettin U\u00e7ak ba\u015fkanl\u0131\u011f\u0131ndaki heyet toplant\u0131 sonras\u0131nda, Tavas Belediye Ba\u015fkan\u0131 H\u00fcseyin \u0130naml\u0131k ile birlikte, meyve-sebze bah\u00e7eleri ve seralar\u0131 ziyaret etti. So\u011fuk hava tesislerinde incelemelerde bulundu.<\/p>\n<p>Ege Ya\u015f Meyve Sebze \u0130hracat\u00e7\u0131lar\u0131 Birli\u011fi Ba\u015fkan\u0131 Hayrettin U\u00e7ak ve EYMS\u0130B Y\u00f6netim Kurulu, Tavas\u2019taki temaslar\u0131 sonras\u0131nda Ge\u00e7mi\u015f D\u00f6nem Ekonomi Bakan\u0131 Nihat Zeybekci ile bir araya geldi. Ziyarette, ihracat\u0131n artt\u0131r\u0131lmas\u0131 ile ilgili g\u00f6r\u00fc\u015f al\u0131\u015fveri\u015finde bulunuldu.<\/p>\n","protected":false},"excerpt":{"rendered":"<p>DEN\u0130ZL\u0130&#8217;N\u0130N TAVAS \u0130L\u00c7ES\u0130 \u00dcRETT\u0130\u011e\u0130 LEZZETLER\u0130N D\u00dcNYANIN D\u00d6RT B\u0130R TARAFINA \u0130HRA\u00c7 ED\u0130LMES\u0130 \u0130\u00c7\u0130N EGE YA\u015e MEYVE SEBZE \u0130HRACAT\u00c7ILARI B\u0130RL\u0130\u011e\u0130 \u0130LE ORTAK HAREKET EDECEK. TAVAS, EGEL\u0130 GIDA \u0130HRACAT\u00c7ILARININ \u00dcRET\u0130M MERKEZ\u0130 OLACAK.<\/p>\n","protected":false},"author":1,"featured_media":258165,"comment_status":"closed","ping_status":"open","sticky":false,"template":"","format":"standard","meta":{"jetpack_post_was_ever_published":false,"_jetpack_newsletter_access":"","_jetpack_dont_email_post_to_subs":false,"_jetpack_newsletter_tier_id":0,"_jetpack_memberships_contains_paywalled_content":false,"_jetpack_memberships_contains_paid_content":false,"footnotes":"","jetpack_publicize_message":"","jetpack_publicize_feature_enabled":true,"jetpack_social_post_already_shared":true,"jetpack_social_options":{"image_generator_settings":{"template":"highway","default_image_id":0,"font":"","enabled":false},"version":2}},"categories":[19],"tags":[29097,507,18314,295,1189,63745,2187],"class_list":["post-258164","post","type-post","status-publish","format-standard","has-post-thumbnail","hentry","category-ekonomi","tag-egeli","tag-gida","tag-ihracatcilarinin","tag-merkezi","tag-olacak","tag-tavas","tag-uretim"],"jetpack_publicize_connections":[],"jetpack_featured_media_url":"https:\/\/i0.wp.com\/www.tvturk.com\/wp-content\/uploads\/2020\/01\/tavas-egeli-gida-ihracatcilarinin-uretim-merkezi-olacak_3930a7b.jpg?fit=1000%2C534","jetpack_sharing_enabled":true,"jetpack_shortlink":"https:\/\/wp.me\/paKIfm-159W","_links":{"self":[{"href":"http:\/\/www.tvturk.com\/index.php\/wp-json\/wp\/v2\/posts\/258164","targetHints":{"allow":["GET"]}}],"collection":[{"href":"http:\/\/www.tvturk.com\/index.php\/wp-json\/wp\/v2\/posts"}],"about":[{"href":"http:\/\/www.tvturk.com\/index.php\/wp-json\/wp\/v2\/types\/post"}],"author":[{"embeddable":true,"href":"http:\/\/www.tvturk.com\/index.php\/wp-json\/wp\/v2\/users\/1"}],"replies":[{"embeddable":true,"href":"http:\/\/www.tvturk.com\/index.php\/wp-json\/wp\/v2\/comments?post=258164"}],"version-history":[{"count":0,"href":"http:\/\/www.tvturk.com\/index.php\/wp-json\/wp\/v2\/posts\/258164\/revisions"}],"wp:featuredmedia":[{"embeddable":true,"href":"http:\/\/www.tvturk.com\/index.php\/wp-json\/wp\/v2\/media\/258165"}],"wp:attachment":[{"href":"http:\/\/www.tvturk.com\/index.php\/wp-json\/wp\/v2\/media?parent=258164"}],"wp:term":[{"taxonomy":"category","embeddable":true,"href":"http:\/\/www.tvturk.com\/index.php\/wp-json\/wp\/v2\/categories?post=258164"},{"taxonomy":"post_tag","embeddable":true,"href":"http:\/\/www.tvturk.com\/index.php\/wp-json\/wp\/v2\/tags?post=258164"}],"curies":[{"name":"wp","href":"https:\/\/api.w.org\/{rel}","templated":true}]}}