{"id":258176,"date":"2020-01-21T10:31:54","date_gmt":"2020-01-21T07:31:54","guid":{"rendered":"http:\/\/www.tvturk.com\/index.php\/universal-havacilik-turkiye-pazarina-adim-atti\/"},"modified":"2020-01-21T10:31:54","modified_gmt":"2020-01-21T07:31:54","slug":"universal-havacilik-turkiye-pazarina-adim-atti","status":"publish","type":"post","link":"http:\/\/www.tvturk.com\/index.php\/universal-havacilik-turkiye-pazarina-adim-atti\/","title":{"rendered":"Universal Havac\u0131l\u0131k, T\u00fcrkiye pazar\u0131na ad\u0131m att\u0131"},"content":{"rendered":"<p>D\u00fcnya genelinde 50\u2019den fazla lokasyonda \u00f6zel u\u00e7u\u015flar i\u00e7in yer hizmetleri sunan Universal Havac\u0131l\u0131k, T\u00fcrkiye pazar\u0131na ad\u0131m att\u0131. \u015eirket, \u0130stanbul Atat\u00fcrk Havaliman\u0131\u2019na \u00f6zel u\u00e7u\u015flarla gelen ziyaret\u00e7ilerin seyahat deneyimini art\u0131rmak i\u00e7in yer hizmetleri deste\u011fi sunacak.<\/p>\n<p>T\u00fcrkiye geli\u015fen ekonomisi ve yak\u0131n co\u011frafyadaki ticari potansiyeli sayesinde her y\u0131l d\u00fcnyan\u0131n bir\u00e7ok noktas\u0131ndan i\u015f insan\u0131n\u0131 a\u011f\u0131rl\u0131yor. \u0130stanbul Havaliman\u0131\u2019n\u0131n a\u00e7\u0131lmas\u0131yla birlikte toplant\u0131 ve g\u00f6r\u00fc\u015fmeler i\u00e7in \u00f6zel u\u00e7aklar\u0131yla \u0130stanbul\u2019a gelenler art\u0131k, ticari u\u00e7u\u015f trafi\u011fi azalan ve \u015fehir merkezine yak\u0131n konumuyla Atat\u00fcrk Havaliman\u0131\u2019na y\u00f6nlendiriliyor. Bu geli\u015fmeyi f\u0131rsat bilen ABD\u2019li havac\u0131l\u0131k \u015firketi Universal Weather and Aviation, merkez ofisi \u0130stanbul Atat\u00fcrk Havaliman\u0131 \u00f6zel hangarlar b\u00f6lgesinde bulunan Universal Havac\u0131l\u0131k T\u00fcrkiye ile, \u00f6zel jet u\u00e7u\u015flar\u0131na yer hizmetleri deste\u011fi sa\u011flayarak k\u00fcresel a\u011f\u0131n\u0131 geni\u015fletmeye devam etti\u011fini duyurdu. T\u00fcrkiye\u2019deki t\u00fcm havalimanlar\u0131nda \u00f6zel jet u\u00e7u\u015flar\u0131na destek verece\u011fini a\u00e7\u0131klayan Universal Havac\u0131l\u0131k T\u00fcrkiye; Kaan Air, Ferda Y\u0131ld\u0131z ve Universal Weather and Aviation i\u015f birli\u011fiyle \u00e7al\u0131\u015fmalar\u0131na ba\u015flad\u0131. T\u00fcrkiye\u2019ye geni\u015fleme karar\u0131n\u0131n T\u00fcrkiye\u2019ye y\u00f6nelik artan m\u00fc\u015fteri talebi ve daha iyi yer destek hizmeti verme amac\u0131yla al\u0131nd\u0131\u011f\u0131 belirtildi.<\/p>\n<p>&#8220;\u0130stanbul\u2019un i\u015f d\u00fcnyas\u0131 i\u00e7in \u00e7ekicili\u011fini art\u0131raca\u011f\u0131z&#8221;<\/p>\n<p>T\u00fcrkiye\u2019nin \u00f6zellikle \u0130stanbul\u2019un, g\u00fc\u00e7l\u00fc altyap\u0131s\u0131 ile b\u00fcy\u00fcme potansiyeline sahip oldu\u011funu ancak i\u015f jetleriyle \u00fclkeye gelen misafirlerin g\u00f6z\u00fcnde; park yeri, konaklama ve di\u011fer yer hizmetleri i\u00e7in zorlu bir var\u0131\u015f noktas\u0131 olarak alg\u0131land\u0131\u011f\u0131n\u0131 s\u00f6yleyen Universal Weather and Aviation CEO\u2019su Greg Evans, &#8220;M\u00fc\u015fterilerimiz uzun s\u00fcredir bize \u0130stanbul\u2019a seyahatlerinde daha h\u0131zl\u0131 d\u00f6n\u00fc\u015f ve daha y\u00fcksek kalitede hizmete ihtiya\u00e7 duyduklar\u0131yla ilgili geri bildirimde bulunuyordu. \u00d6zellikle fiyatland\u0131rmalarda \u015feffafl\u0131k ve h\u0131zl\u0131 park onaylar\u0131 ziyaret\u00e7iler i\u00e7in b\u00fcy\u00fck sorun te\u015fkil ediyordu. Uluslararas\u0131 standartlar\u0131m\u0131za uygun olarak e\u011fitilen uzmanlar\u0131m\u0131zla T\u00fcrkiye genelindeki m\u00fc\u015fterilerimize do\u011frudan yer hizmeti sa\u011flayarak, sorunlar\u0131 ortadan kald\u0131rmay\u0131 hedefliyoruz. \u0130\u015f d\u00fcnyas\u0131n\u0131n g\u00f6z\u00fcnde \u0130stanbul\u2019un hak etti\u011fi de\u011fere kavu\u015fmas\u0131 i\u00e7in \u00e7al\u0131\u015fmalar\u0131m\u0131z\u0131 s\u00fcrd\u00fcr\u00fcyoruz.&#8221; dedi.<\/p>\n<p>\u00d6zel u\u00e7u\u015flar Atat\u00fcrk Havaliman\u0131\u2019ndan devam edecek<\/p>\n<p>T\u00fcrkiye\u2019de \u00f6zel u\u00e7u\u015flar i\u00e7in en do\u011fru tercihin Atat\u00fcrk Havaliman\u0131 oldu\u011funu ve bu nedenle merkezlerini burada kurmaya karar verdiklerini belirten Greg Evans, &#8220;\u0130stanbul Havaliman\u0131\u2019n\u0131n a\u00e7\u0131lmas\u0131yla birlikte \u00f6zel u\u00e7u\u015flar Atat\u00fcrk Havaliman\u0131\u2019na y\u00f6nlendiriliyor. Ticari u\u00e7u\u015f trafi\u011fi olmad\u0131\u011f\u0131ndan; kalk\u0131\u015f-var\u0131\u015f, taksi ve transfer s\u00fcreleri \u00f6nemli \u00f6l\u00e7\u00fcde azal\u0131yor. Ayn\u0131 zamanda \u015fehir merkezine ula\u015f\u0131mda elveri\u015fli bir konumda bulunmas\u0131, otopark, hangar ve bak\u0131m se\u00e7enekleriyle m\u00fc\u015fteriler a\u00e7\u0131s\u0131ndan daha fazla operasyonel esneklik sa\u011fl\u0131yor\u201d ifadelerini kulland\u0131.<\/p>\n<p>2020 y\u0131l\u0131 Universal i\u00e7in b\u00fcy\u00fcme y\u0131l\u0131<\/p>\n<p>Universal Havac\u0131l\u0131k T\u00fcrkiye, Ferda Y\u0131ld\u0131z ve Kaan Air i\u015f birli\u011fiyle Atat\u00fcrk Havaliman\u0131\u2019na ini\u015f yapan misafirlerine i\u015f toplant\u0131lar\u0131 i\u00e7in helikopter ile transfer imk\u00e2n\u0131 da sunacak. Universal Weather and Aviation, T\u00fcrkiye yat\u0131r\u0131m\u0131yla birlikte Avrupa, Orta Do\u011fu ve Afrika B\u00f6lgesi\u2019ndeki 18. hizmet noktas\u0131na ula\u015ft\u0131\u011f\u0131 kaydedildi. \u015eirket ayr\u0131ca, Asya-Pasifik b\u00f6lgesinde 17, Latin Amerika\u2019da 19 lokasyon olmak \u00fczere d\u00fcnya genelinde toplam 25\u2019ten fazla \u00fclkede 50\u2019yi a\u015fk\u0131n lokasyonda hizmetlerine devam ediyor. Universal Havac\u0131l\u0131k T\u00fcrkiye Operasyon M\u00fcd\u00fcrl\u00fc\u011f\u00fc g\u00f6revini ise G\u00f6kmen Senda\u011f \u00fcstleniyor.<\/p>\n","protected":false},"excerpt":{"rendered":"<p>UN\u0130VERSAL HAVACILIK, T\u00dcRK\u0130YE PAZARINA ADIM ATTI.<\/p>\n","protected":false},"author":1,"featured_media":258177,"comment_status":"closed","ping_status":"open","sticky":false,"template":"","format":"standard","meta":{"jetpack_post_was_ever_published":false,"_jetpack_newsletter_access":"","_jetpack_dont_email_post_to_subs":false,"_jetpack_newsletter_tier_id":0,"_jetpack_memberships_contains_paywalled_content":false,"_jetpack_memberships_contains_paid_content":false,"footnotes":"","jetpack_publicize_message":"","jetpack_publicize_feature_enabled":true,"jetpack_social_post_already_shared":true,"jetpack_social_options":{"image_generator_settings":{"template":"highway","default_image_id":0,"font":"","enabled":false},"version":2}},"categories":[19],"tags":[7429,2875,3079,11609,453,63749],"class_list":["post-258176","post","type-post","status-publish","format-standard","has-post-thumbnail","hentry","category-ekonomi","tag-adim","tag-atti","tag-havacilik","tag-pazarina","tag-turkiye","tag-universal"],"jetpack_publicize_connections":[],"jetpack_featured_media_url":"https:\/\/i0.wp.com\/www.tvturk.com\/wp-content\/uploads\/2020\/01\/universal-havacilik-turkiye-pazarina-adim-atti_4567e1b.jpg?fit=1000%2C663","jetpack_sharing_enabled":true,"jetpack_shortlink":"https:\/\/wp.me\/paKIfm-15a8","_links":{"self":[{"href":"http:\/\/www.tvturk.com\/index.php\/wp-json\/wp\/v2\/posts\/258176","targetHints":{"allow":["GET"]}}],"collection":[{"href":"http:\/\/www.tvturk.com\/index.php\/wp-json\/wp\/v2\/posts"}],"about":[{"href":"http:\/\/www.tvturk.com\/index.php\/wp-json\/wp\/v2\/types\/post"}],"author":[{"embeddable":true,"href":"http:\/\/www.tvturk.com\/index.php\/wp-json\/wp\/v2\/users\/1"}],"replies":[{"embeddable":true,"href":"http:\/\/www.tvturk.com\/index.php\/wp-json\/wp\/v2\/comments?post=258176"}],"version-history":[{"count":0,"href":"http:\/\/www.tvturk.com\/index.php\/wp-json\/wp\/v2\/posts\/258176\/revisions"}],"wp:featuredmedia":[{"embeddable":true,"href":"http:\/\/www.tvturk.com\/index.php\/wp-json\/wp\/v2\/media\/258177"}],"wp:attachment":[{"href":"http:\/\/www.tvturk.com\/index.php\/wp-json\/wp\/v2\/media?parent=258176"}],"wp:term":[{"taxonomy":"category","embeddable":true,"href":"http:\/\/www.tvturk.com\/index.php\/wp-json\/wp\/v2\/categories?post=258176"},{"taxonomy":"post_tag","embeddable":true,"href":"http:\/\/www.tvturk.com\/index.php\/wp-json\/wp\/v2\/tags?post=258176"}],"curies":[{"name":"wp","href":"https:\/\/api.w.org\/{rel}","templated":true}]}}