{"id":258194,"date":"2020-01-21T10:46:51","date_gmt":"2020-01-21T07:46:51","guid":{"rendered":"http:\/\/www.tvturk.com\/index.php\/ozel-yillardir-topladigi-tarihi-objelerle-makam-odasini-muzeye-donusturdu\/"},"modified":"2020-01-21T10:46:51","modified_gmt":"2020-01-21T07:46:51","slug":"ozel-yillardir-topladigi-tarihi-objelerle-makam-odasini-muzeye-donusturdu","status":"publish","type":"post","link":"http:\/\/www.tvturk.com\/index.php\/ozel-yillardir-topladigi-tarihi-objelerle-makam-odasini-muzeye-donusturdu\/","title":{"rendered":"(\u00d6zel) Y\u0131llard\u0131r toplad\u0131\u011f\u0131 tarihi objelerle makam odas\u0131n\u0131 m\u00fczeye d\u00f6n\u00fc\u015ft\u00fcrd\u00fc"},"content":{"rendered":"<p>Kocaeli\u2019nin G\u00f6lc\u00fck il\u00e7esinde kaymakaml\u0131kta yaz\u0131 i\u015fleri m\u00fcd\u00fcr\u00fc olarak uzun y\u0131llard\u0131r g\u00f6rev yapan L\u00fctf\u00fc Y\u0131lmaz, yakla\u015f\u0131k 40 y\u0131ld\u0131r toplad\u0131\u011f\u0131 tarihi objelerle makam odas\u0131n\u0131 adeta bir m\u00fczeye \u00e7evirdi.<\/p>\n<p>Kocaeli\u2019de G\u00f6lc\u00fck Kaymakaml\u0131\u011f\u0131\u2019nda yaz\u0131 i\u015fleri m\u00fcd\u00fcr\u00fcn\u00fcn makam odas\u0131 m\u00fcze g\u00f6r\u00fcnt\u00fcs\u00fcyle g\u00f6renleri \u015fa\u015f\u0131rt\u0131yor. G\u00f6lc\u00fck Kaymakaml\u0131\u011f\u0131\u2019nda yaz\u0131 i\u015fleri m\u00fcd\u00fcr\u00fc olarak g\u00f6rev yapan 60 ya\u015f\u0131ndaki L\u00fctf\u00fc Y\u0131lmaz, k\u00fc\u00e7\u00fckl\u00fc\u011f\u00fcnden ba\u015flayan merak\u0131yla, 40 y\u0131ld\u0131r kaybolmaya y\u00fcz tutmu\u015f tarihi objeleri bularak makam odas\u0131nda sergiliyor. Tarihi bir dokuya sahip Erzincan\u2019\u0131n Otlukbeli il\u00e7esinde d\u00fcnyaya gelen Y\u0131lmaz, \u00e7ocukken \u00e7evresinde g\u00f6rd\u00fc\u011f\u00fc tarihi objelerden etkilenip, Anadolu k\u00fclt\u00fcr\u00fcne ait objeleri ya\u015fatmaya ba\u015flad\u0131. Yakla\u015f\u0131k 40 y\u0131ld\u0131r farkl\u0131 devlet kurumlar\u0131nda memur olarak g\u00f6rev yapan ve \u015fu anda G\u00f6lc\u00fck Kaymakaml\u0131\u011f\u0131\u2019nda yaz\u0131 i\u015fleri m\u00fcd\u00fcr\u00fc olan L\u00fctf\u00fc Y\u0131lmaz, \u00e7ocuklu\u011fundan beri g\u00f6rd\u00fc\u011f\u00fc her tarihi objeyi alarak, gelece\u011fe aktarmak i\u00e7in muhafaza ediyor. Y\u0131lmaz, Osmanl\u0131 d\u00f6nemine ait sikkeler, fark\u0131 devletlere ait eski ka\u011f\u0131t paralar, mataralar, plaklar, telefonlar, Roma d\u00f6nemine ati g\u00f6zya\u015f\u0131 ta\u015flar\u0131, eski silahlar ba\u015fta olmak \u00fczere toplad\u0131\u011f\u0131 y\u00fczlerce tarihi \u00f6\u011feyi makam odas\u0131n\u0131n bir k\u00f6\u015fesinde muhafaza ediyor. Bir m\u00fczeyi aratmayan odaya giren vatanda\u015flar ise \u015fa\u015fk\u0131nl\u0131klar\u0131n\u0131 gizleyemiyor.<\/p>\n<p>\u201cElde ettik\u00e7e bu \u00fcr\u00fcnleri biriktirmeye \u00e7al\u0131\u015ft\u0131m\u201d<\/p>\n<p>\u00d6nemli bir tarihi dokuya sahip olan il\u00e7ede b\u00fcy\u00fcmenin etkisi ile tarihi objeleri biriktirmeye ba\u015flad\u0131\u011f\u0131n\u0131 ifade eden Y\u0131lmaz, \u201c1959 Erzincan\u2019\u0131n Otlukbeli il\u00e7esi do\u011fumluyum. Tabii Otlukbeli il\u00e7esi tarihi bir il\u00e7e. Bug\u00fcn burada g\u00f6rd\u00fc\u011f\u00fcm\u00fcz objelerin bir \u00e7o\u011fu bizim ya\u015famam\u0131z\u0131n i\u00e7inde olan objeler. Bu s\u00fcre\u00e7te benim tarih bilimine olan ilgi ve alakamdan dolay\u0131 hobi olarak bulduk\u00e7a, elde ettik\u00e7e bu \u00fcr\u00fcnleri biriktirmeye \u00e7al\u0131\u015ft\u0131m. \u00c7ok zengin ve geni\u015f bir materyal birikimim yok ama elimdekilerin de \u00f6nemli oldu\u011funu d\u00fc\u015f\u00fcn\u00fcyorum. Bu \u00fcr\u00fcnlerin \u00e7o\u011fu Anadolu\u2019da, ya\u015fad\u0131\u011f\u0131m\u0131z co\u011frafyada bu objeleri halen kullanan insanlar var. Zaman zaman onlardan talebimiz oluyor, hurdac\u0131lardan dahi bir \u00fcr\u00fcn g\u00f6rd\u00fc\u011f\u00fcm\u00fczde gidip bizim k\u00fclt\u00fcr\u00fcm\u00fczden \u00f6\u011felerse sat\u0131n alabiliyorum\u201d dedi.<\/p>\n<p>Hurdac\u0131ndan 30 TL\u2019ye ald\u0131, 180 y\u0131ll\u0131k tarihi eser \u00e7\u0131kt\u0131<\/p>\n<p>Y\u0131lmaz, bazen bir \u00e7ocu\u011fun elinden  ald\u0131\u011f\u0131 ta\u015f\u0131n, bazen de bir hurdac\u0131n\u0131n arabas\u0131ndaki e\u015fyan\u0131n tarihi eser oldu\u011funu belirtti. Ya\u015fad\u0131\u011f\u0131 ilgin\u00e7 bir an\u0131y\u0131 anlatan Y\u0131lmaz, \u201cArkamda da g\u00f6rm\u00fc\u015f oldu\u011funuz bir obje, bir kahvalt\u0131 s\u0131ras\u0131nda hurdac\u0131n\u0131n arabas\u0131nda g\u00f6rd\u00fcm. Ama bu \u00fcr\u00fcn\u00fcn tarihi bir \u00f6zelli\u011finin oldu\u011funu bilmiyordum. Ho\u015fuma gitti ve yan\u0131na giderek ka\u00e7 liraya verirsin bunu diye sordum. O da, \u201950 TL\u2019ye veririm dedi. Pazarl\u0131k yaparak 30 TL kar\u015f\u0131l\u0131\u011f\u0131nda sat\u0131n ald\u0131m. Temizledim, di\u011fer \u00fcr\u00fcnlerin aras\u0131na yerle\u015ftirdim ama tarihi bir \u00f6zelli\u011fi oldu\u011funu bilmiyordum. Daha sonra odama getirdim. Arkada\u015flar zaman zaman odadaki bu tarihi objelerin tozunu al\u0131rlar. Bir g\u00fcn bana, \u2018M\u00fcd\u00fcr\u00fcm bu objenin alt\u0131nda Osmanl\u0131ca bir yaz\u0131 var\u2019 dediler. Ben de g\u00f6rd\u00fckten sonra G\u00f6lc\u00fck Sarayl\u0131\u2019da bir b\u00fcy\u00fc\u011f\u00fcm\u00fcze on okuttu\u011fumda 180 y\u0131ll\u0131k bir obje oldu\u011funu \u00f6\u011frendim. Bu \u00fcr\u00fcn hurdac\u0131da kilosu 3 lira kar\u015f\u0131l\u0131\u011f\u0131nda sat\u0131larak ba\u015fka bir \u00fcr\u00fcne d\u00f6n\u00fc\u015ft\u00fcr\u00fclecekti. Bir tarihi obje ortadan kalkacakt\u0131. Biz onu muhafaza etmi\u015f olduk\u201d diye konu\u015ftu.<\/p>\n<p>\u201c\u0130nsanlar bu \u00fcr\u00fcnleri g\u00f6rd\u00fcklerinde hayranl\u0131klar\u0131n\u0131 gizleyemiyorlar\u201d<\/p>\n<p>Odas\u0131n\u0131 ziyaret eden arkada\u015flar\u0131n\u0131n ve vatanda\u015flar\u0131n tarihi objeleri g\u00f6rd\u00fc\u011f\u00fcnde \u015fa\u015fk\u0131nl\u0131k i\u00e7inde kald\u0131\u011f\u0131n\u0131 belirten Y\u0131lmaz, amac\u0131n\u0131n ise bir m\u00fczede \u00fcr\u00fcnlerini sergilemek oldu\u011funu ifade ederek, \u201c\u015eu anda burada sergiledi\u011fim \u00fcr\u00fcnler aras\u0131nda tarihi belgeler, ka\u011f\u0131t banknotlar, g\u00fcm\u00fc\u015f paralar, eski telefonlar, g\u00fcnl\u00fck hayat\u0131m\u0131zda da kulland\u0131\u011f\u0131m\u0131z Anadolu tabiriyle \u2018kap kacak\u2019, be\u015fik, Osmanl\u0131 d\u00f6nemine ait mataralar var. Ya\u015fad\u0131\u011f\u0131m s\u00fcrede de bulabildi\u011fim kadar\u0131yla, g\u00fcc\u00fcm yetti\u011fi kadar\u0131yla bunlar\u0131 derleyip toplamaya ve ya\u015fad\u0131\u011f\u0131m il\u00e7ede kurulacak bir m\u00fczeye kazand\u0131rmaya \u00e7al\u0131\u015faca\u011f\u0131m. \u0130nsanlar bu \u00fcr\u00fcnleri g\u00f6rd\u00fcklerinde hayranl\u0131klar\u0131n\u0131 gizleyemiyorlar. Yapt\u0131\u011f\u0131m\u0131z i\u015f ger\u00e7ekten \u00f6nemli. Ticari bir ama\u00e7 ta\u015f\u0131m\u0131yoruz. Sadece kaybolmas\u0131 muhtemel objeleri bir muhafaza ediyoruz., \u0130nsanlar, dostlar\u0131m\u0131z bunlar\u0131 g\u00f6rd\u00fcklerinde ger\u00e7ekte olumlu tepkiler veriyorlar\u201d \u015feklinde konu\u015ftu.<\/p>\n<p>\u201cMillet olmak i\u00e7in bir k\u00fclt\u00fcr\u00fcn\u00fcz\u00fcn olmas\u0131 gerekiyor\u201d<\/p>\n<p>Tarihi de\u011ferlerin unutulmamas\u0131 i\u00e7in ticari bir ama\u00e7 g\u00fctmeden kaybolmaya y\u00fcz tutan objeleri toplatarak muhafaza etmeye \u00e7al\u0131\u015ft\u0131\u011f\u0131n\u0131 dile getiren Y\u0131lmaz, insanlar\u0131n bu konuda bilin\u00e7li olmas\u0131 gerekti\u011fini vurgulayarak, \u201cHepimizin buna duyarl\u0131 olmas\u0131 gerekiyor. \u00c7\u00fcnk\u00fc \u015fu an g\u00f6rd\u00fc\u011f\u00fcn\u00fcz her objede bir hikaye yat\u0131yor. Her objede bir hayat, ya\u015fanm\u0131\u015fl\u0131k var. Dolay\u0131s\u0131yla bunlar\u0131 muhafaza etmek gerekiyor. \u00c7\u00fcnk\u00fc millet olmak i\u00e7in bir k\u00fclt\u00fcr\u00fcn\u00fcz\u00fcn olmas\u0131 gerekiyor\u201d \u015feklinde konu\u015ftu.<\/p>\n","protected":false},"excerpt":{"rendered":"<p>KOCAEL\u0130\u2019N\u0130N G\u00d6LC\u00dcK \u0130L\u00c7ES\u0130NDE KAYMAKAMLIKTA YAZI \u0130\u015eLER\u0130 M\u00dcD\u00dcR\u00dc OLARAK UZUN YILLARDIR G\u00d6REV YAPAN L\u00dcTF\u00dc YILMAZ, YAKLA\u015eIK 40 YILDIR TOPLADI\u011eI TAR\u0130H\u0130 OBJELERLE MAKAM ODASINI ADETA B\u0130R M\u00dcZEYE \u00c7EV\u0130RD\u0130.<\/p>\n","protected":false},"author":1,"featured_media":258195,"comment_status":"closed","ping_status":"open","sticky":false,"template":"","format":"standard","meta":{"jetpack_post_was_ever_published":false,"_jetpack_newsletter_access":"","_jetpack_dont_email_post_to_subs":false,"_jetpack_newsletter_tier_id":0,"_jetpack_memberships_contains_paywalled_content":false,"_jetpack_memberships_contains_paid_content":false,"footnotes":"","jetpack_publicize_message":"","jetpack_publicize_feature_enabled":true,"jetpack_social_post_already_shared":true,"jetpack_social_options":{"image_generator_settings":{"template":"highway","default_image_id":0,"font":"","enabled":false},"version":2}},"categories":[1],"tags":[1073,11456,1683,27409,63755,50921,800,7070,6280],"class_list":["post-258194","post","type-post","status-publish","format-standard","has-post-thumbnail","hentry","category-genel","tag-ozel","tag-donusturdu","tag-makam","tag-muzeye","tag-objelerle","tag-odasini","tag-tarihi","tag-topladigi","tag-yillardir"],"jetpack_publicize_connections":[],"jetpack_featured_media_url":"https:\/\/i0.wp.com\/www.tvturk.com\/wp-content\/uploads\/2020\/01\/ozel-yillardir-topladigi-tarihi-objelerle-makam-odasini-muzeye-donusturdu_955b308.jpg?fit=1000%2C666","jetpack_sharing_enabled":true,"jetpack_shortlink":"https:\/\/wp.me\/paKIfm-15aq","_links":{"self":[{"href":"http:\/\/www.tvturk.com\/index.php\/wp-json\/wp\/v2\/posts\/258194","targetHints":{"allow":["GET"]}}],"collection":[{"href":"http:\/\/www.tvturk.com\/index.php\/wp-json\/wp\/v2\/posts"}],"about":[{"href":"http:\/\/www.tvturk.com\/index.php\/wp-json\/wp\/v2\/types\/post"}],"author":[{"embeddable":true,"href":"http:\/\/www.tvturk.com\/index.php\/wp-json\/wp\/v2\/users\/1"}],"replies":[{"embeddable":true,"href":"http:\/\/www.tvturk.com\/index.php\/wp-json\/wp\/v2\/comments?post=258194"}],"version-history":[{"count":0,"href":"http:\/\/www.tvturk.com\/index.php\/wp-json\/wp\/v2\/posts\/258194\/revisions"}],"wp:featuredmedia":[{"embeddable":true,"href":"http:\/\/www.tvturk.com\/index.php\/wp-json\/wp\/v2\/media\/258195"}],"wp:attachment":[{"href":"http:\/\/www.tvturk.com\/index.php\/wp-json\/wp\/v2\/media?parent=258194"}],"wp:term":[{"taxonomy":"category","embeddable":true,"href":"http:\/\/www.tvturk.com\/index.php\/wp-json\/wp\/v2\/categories?post=258194"},{"taxonomy":"post_tag","embeddable":true,"href":"http:\/\/www.tvturk.com\/index.php\/wp-json\/wp\/v2\/tags?post=258194"}],"curies":[{"name":"wp","href":"https:\/\/api.w.org\/{rel}","templated":true}]}}