{"id":258204,"date":"2020-01-21T11:01:33","date_gmt":"2020-01-21T08:01:33","guid":{"rendered":"http:\/\/www.tvturk.com\/index.php\/goc-etmek-zorunda-kalan-sivil-sayisi-40-bini-asti\/"},"modified":"2020-01-21T11:01:33","modified_gmt":"2020-01-21T08:01:33","slug":"goc-etmek-zorunda-kalan-sivil-sayisi-40-bini-asti","status":"publish","type":"post","link":"http:\/\/www.tvturk.com\/index.php\/goc-etmek-zorunda-kalan-sivil-sayisi-40-bini-asti\/","title":{"rendered":"G\u00f6\u00e7 etmek zorunda kalan sivil say\u0131s\u0131 40 bini a\u015ft\u0131"},"content":{"rendered":"<p>Esed rejimi ve m\u00fcttefiklerinin sald\u0131r\u0131lar\u0131 nedeniyle son 4 g\u00fcnde \u0130dlib\u2019in g\u00fcneyinden kuzeyine do\u011fru g\u00f6\u00e7 etmek zorunda kalan sivillerin say\u0131s\u0131n\u0131n 40 bini a\u015ft\u0131\u011f\u0131n\u0131 bildirildi.<\/p>\n<p>Halep\u2019in bat\u0131 ve g\u00fcney k\u0131rsal\u0131ndan Suriye\u2019nin kuzeyindeki Afrin ve Azez b\u00f6lgelerine do\u011fru g\u00f6\u00e7 eden sivillere, \u0130nsan Hak ve H\u00fcrriyetleri (\u0130HH) \u0130nsani Yard\u0131m Vakf\u0131 taraf\u0131ndan acil yard\u0131m paketi da\u011f\u0131t\u0131ld\u0131.<\/p>\n<p>Vakf\u0131n Suriye \u00c7al\u0131\u015fmalar\u0131 Medya Sorumlusu Selim Tosun, yapt\u0131\u011f\u0131 a\u00e7\u0131klamada, son 4 g\u00fcnde \u0130dlib\u2019in g\u00fcneyinden kuzeyine do\u011fru g\u00f6\u00e7 etmek zorunda kalan sivillerin say\u0131s\u0131n\u0131n 40 bini a\u015ft\u0131\u011f\u0131n\u0131 s\u00f6yledi.<\/p>\n<p>\u0130dlib gerginli\u011fi azaltma b\u00f6lgesi i\u00e7erisinde yer alan Suriye\u2019nin Halep ilinin bat\u0131 ve g\u00fcney k\u0131rsal\u0131ndan Esed rejimi ve m\u00fcttefiklerinin sald\u0131r\u0131lar\u0131 nedeniyle \u00fclkenin kuzeyindeki Afrin ve Azez b\u00f6lgelerine g\u00f6\u00e7 eden sivillere, \u0130nsan Hak ve H\u00fcrriyetleri (\u0130HH) \u0130nsani Yard\u0131m Vakf\u0131 taraf\u0131ndan acil yard\u0131m paketi da\u011f\u0131t\u0131ld\u0131.<\/p>\n<p>G\u00f6\u00e7 etmek zorunda kalan sivil say\u0131s\u0131 40 bini a\u015ft\u0131<\/p>\n<p>\u0130HH Suriye \u00c7al\u0131\u015fmalar\u0131 Medya Sorumlusu Selim Tosun yapt\u0131\u011f\u0131 a\u00e7\u0131klamada, son 4 g\u00fcn i\u00e7erisinde Halep\u2019in bat\u0131 ve g\u00fcney k\u0131rsal\u0131ndan en az 40 bin ki\u015finin \u00fclkenin kuzeyine do\u011fru g\u00f6\u00e7 etmek zorunda kald\u0131\u011f\u0131n\u0131 s\u00f6yledi.<\/p>\n<p>G\u00f6\u00e7 yolundaki ailelere acil yard\u0131m paketi da\u011f\u0131tt\u0131klar\u0131n\u0131 ifade eden Tosun, &#8220;Halep\u2019in bat\u0131 ve g\u00fcney k\u0131rsal\u0131na y\u00f6nelik sald\u0131r\u0131lar\u0131n yo\u011funla\u015ft\u0131r\u0131lmas\u0131 sonucu bu b\u00f6lgelerden de g\u00f6\u00e7ler ba\u015flad\u0131. \u0130dlib\u2019in \u00e7e\u015fitli b\u00f6lgelerinde Kas\u0131m 2019\u2019un ba\u015f\u0131ndan bu yana 400 bini a\u015fk\u0131n sivil g\u00f6\u00e7 etmi\u015fti. Halep\u2019in bat\u0131 ve g\u00fcney k\u0131rsal\u0131na y\u00f6nelik bu sald\u0131r\u0131larda g\u00f6\u00e7\u00fcn devam etmesine neden oldu. G\u00f6\u00e7 yoluna d\u00fc\u015fen ailelere Afrin yolu \u00fczerindeki Gazeviye k\u00f6y\u00fc yolunda acil yard\u0131m paketlerini da\u011f\u0131tt\u0131k. Da\u011f\u0131tm\u0131\u015f oldu\u011fumuz paketlerin i\u00e7erisinde kahvalt\u0131l\u0131k \u00fcr\u00fcn, bisk\u00fcvi, konserve, ekmek ve temiz i\u00e7me suyu gibi g\u0131da malzemeleri bulunuyor&#8221; diye konu\u015ftu.<\/p>\n<p>Tosun, sald\u0131r\u0131lar nedeniyle g\u00f6\u00e7 etmek zorunda kalan aileler i\u00e7in yard\u0131m \u00e7a\u011fr\u0131s\u0131nda bulundu.<\/p>\n","protected":false},"excerpt":{"rendered":"<p>ESED REJ\u0130M\u0130 VE M\u00dcTTEF\u0130KLER\u0130N\u0130N SALDIRILARI NEDEN\u0130YLE SON 4 G\u00dcNDE \u0130DL\u0130B\u2019\u0130N G\u00dcNEY\u0130NDEN KUZEY\u0130NE DO\u011eRU G\u00d6\u00c7 ETMEK ZORUNDA KALAN S\u0130V\u0130LLER\u0130N SAYISININ 40 B\u0130N\u0130 A\u015eTI\u011eINI B\u0130LD\u0130R\u0130LD\u0130.<\/p>\n","protected":false},"author":1,"featured_media":258205,"comment_status":"closed","ping_status":"open","sticky":false,"template":"","format":"standard","meta":{"jetpack_post_was_ever_published":false,"_jetpack_newsletter_access":"","_jetpack_dont_email_post_to_subs":false,"_jetpack_newsletter_tier_id":0,"_jetpack_memberships_contains_paywalled_content":false,"_jetpack_memberships_contains_paid_content":false,"footnotes":"","jetpack_publicize_message":"","jetpack_publicize_feature_enabled":true,"jetpack_social_post_already_shared":true,"jetpack_social_options":{"image_generator_settings":{"template":"highway","default_image_id":0,"font":"","enabled":false},"version":2}},"categories":[10],"tags":[7235,3249,15778,1737,3622,1274,611,4585],"class_list":["post-258204","post","type-post","status-publish","format-standard","has-post-thumbnail","hentry","category-dunya","tag-sivil","tag-asti","tag-bini","tag-etmek","tag-goc","tag-kalan","tag-sayisi","tag-zorunda"],"jetpack_publicize_connections":[],"jetpack_featured_media_url":"https:\/\/i0.wp.com\/www.tvturk.com\/wp-content\/uploads\/2020\/01\/goc-etmek-zorunda-kalan-sivil-sayisi-40-bini-asti_50c93cd.jpg?fit=1000%2C666","jetpack_sharing_enabled":true,"jetpack_shortlink":"https:\/\/wp.me\/paKIfm-15aA","_links":{"self":[{"href":"http:\/\/www.tvturk.com\/index.php\/wp-json\/wp\/v2\/posts\/258204","targetHints":{"allow":["GET"]}}],"collection":[{"href":"http:\/\/www.tvturk.com\/index.php\/wp-json\/wp\/v2\/posts"}],"about":[{"href":"http:\/\/www.tvturk.com\/index.php\/wp-json\/wp\/v2\/types\/post"}],"author":[{"embeddable":true,"href":"http:\/\/www.tvturk.com\/index.php\/wp-json\/wp\/v2\/users\/1"}],"replies":[{"embeddable":true,"href":"http:\/\/www.tvturk.com\/index.php\/wp-json\/wp\/v2\/comments?post=258204"}],"version-history":[{"count":0,"href":"http:\/\/www.tvturk.com\/index.php\/wp-json\/wp\/v2\/posts\/258204\/revisions"}],"wp:featuredmedia":[{"embeddable":true,"href":"http:\/\/www.tvturk.com\/index.php\/wp-json\/wp\/v2\/media\/258205"}],"wp:attachment":[{"href":"http:\/\/www.tvturk.com\/index.php\/wp-json\/wp\/v2\/media?parent=258204"}],"wp:term":[{"taxonomy":"category","embeddable":true,"href":"http:\/\/www.tvturk.com\/index.php\/wp-json\/wp\/v2\/categories?post=258204"},{"taxonomy":"post_tag","embeddable":true,"href":"http:\/\/www.tvturk.com\/index.php\/wp-json\/wp\/v2\/tags?post=258204"}],"curies":[{"name":"wp","href":"https:\/\/api.w.org\/{rel}","templated":true}]}}