{"id":258226,"date":"2020-01-21T11:03:17","date_gmt":"2020-01-21T08:03:17","guid":{"rendered":"http:\/\/www.tvturk.com\/index.php\/unlu-ispanyol-sef-josep-vila-ilk-kez-turkiyede\/"},"modified":"2020-01-21T11:03:17","modified_gmt":"2020-01-21T08:03:17","slug":"unlu-ispanyol-sef-josep-vila-ilk-kez-turkiyede","status":"publish","type":"post","link":"http:\/\/www.tvturk.com\/index.php\/unlu-ispanyol-sef-josep-vila-ilk-kez-turkiyede\/","title":{"rendered":"\u00dcnl\u00fc \u0130spanyol \u015fef Josep Vila ilk kez T\u00fcrkiye\u2019de"},"content":{"rendered":"<p>T\u00fcrkiye\u2019nin se\u00e7kin profesyonel topluluklar\u0131ndan Devlet \u00c7oksesli Korosu, \u0130spanya\u2019n\u0131n \u00fcnl\u00fc koro \u015fefi Josep Vila i Casaas\u2019\u0131 a\u011f\u0131rlayacak.<\/p>\n<p>\u2018\u0130berya Mavisi\u2019 konserinin d\u00fcnya pr\u00f6miyerini T\u00fcrkiye\u2019de yapacak olan Casaas\u2019\u0131n \u2018Gloria\u2019 adl\u0131 eseri de bestecisinin kendi \u015fefli\u011finde T\u00fcrkiye\u2019de ilk kez seslendirilecek.<\/p>\n<p>K\u00fclt\u00fcr ve Turizm Bakan\u0131 Mehmet Nuri Ersoy, Casaas\u2019\u0131n e\u011fitim verece\u011fi 5\u2019inci Walter Strauss Koro \u015eefli\u011fi Ustal\u0131k S\u0131n\u0131f\u0131\u2019n\u0131 ziyaret edecek. K\u00fclt\u00fcr ve Turizm Bakanl\u0131\u011f\u0131 Devlet \u00c7oksesli Korosu \u0130spanya\u2019n\u0131n en \u00f6nemli isimlerinden Josep Vila i Casaas ile konser verecek. \u2018\u0130berya Mavisi\u2019 konserinin d\u00fcnya pr\u00f6miyerini T\u00fcrkiye\u2019de yapacak olan Josep Vila i Casaas \u0130ber Yar\u0131madas\u0131\u2019n\u0131n derinliklerine uzanan bir program sunacak.<\/p>\n<p>Cumhurba\u015fkanl\u0131\u011f\u0131 Senfoni Orkestras\u0131 sahnesinde 25 Ocak\u2019ta verilecek konserde, 2017 Uluslararas\u0131 Koro M\u00fczi\u011fi Federasyonu (IFCM) Beste Yar\u0131\u015fmas\u0131\u2019nda birincilik \u00f6d\u00fcl\u00fc alan Juan Manuel Conejo\u2019ya ait \u2018Nur\u2019 isimli eserin de d\u00fcnya pr\u00f6miyeri yap\u0131lacak. Ankara\u2019n\u0131n koro m\u00fczi\u011fi ba\u015fkentlerinden biri olmas\u0131 vizyonuyla pek \u00e7ok uluslararas\u0131 projeye imza atan Avrupa Profesyonel Korolar Birli\u011fi (TENSO) \u00fcyesi Devlet \u00c7oksesli Korosunun verece\u011fi konserde Josep Vila i Casaas\u2019a ait \u2018Gloria\u2019 adl\u0131 eser de bestecisinin kendi \u015fefli\u011finde T\u00fcrkiye\u2019de ilk kez seslendirilecek.<\/p>\n<p>Bakan Ersoy \u2018Ustal\u0131k S\u0131n\u0131f\u0131\u2019n\u0131 ziyaret edecek<\/p>\n<p>Enstr\u00fcmans\u0131z m\u00fczik a capella konser serisinde her y\u0131l d\u00fcnyaca \u00fcnl\u00fc koro \u015feflerini a\u011f\u0131rlayan Devlet \u00c7oksesli Korosu bu y\u0131l 5\u2019incisini ger\u00e7ekle\u015ftirece\u011fi \u201cWalter Strauss Koro \u015eefli\u011fi Ustal\u0131k S\u0131n\u0131f\u0131\u201d bulu\u015fmas\u0131nda T\u00fcrkiye ve Avrupa\u2019dan gen\u00e7 koro \u015fefini bir araya getirecek.<\/p>\n<p>K\u00fclt\u00fcr ve Turizm Bakan\u0131 Mehmet Nuri Ersoy da 29 Ocak\u2019ta Ustal\u0131k S\u0131n\u0131f\u0131\u2019n\u0131 ziyaret ederek, koro \u015fefleriyle bir araya gelecek. T\u00fcrkiye\u2019de koro m\u00fczi\u011finin geli\u015fimine y\u0131llarca emek veren unutulmaz \u015fef Walter Strauss\u2019\u0131n ismini \u00f6l\u00fcms\u00fczle\u015ftiren ve bu y\u0131lki e\u011fitimleri Josep Vila i Casaas\u2019\u0131n y\u00f6netiminde ger\u00e7ekle\u015fecek etkinli\u011fe \u0130ngiltere, Avusturya ve Estonya gibi \u00e7ok say\u0131da \u00fclke kat\u0131lacak.<\/p>\n<p>Avrupa\u2019daki ustal\u0131k s\u0131n\u0131flar\u0131 aras\u0131nda olduk\u00e7a aktif \u00e7al\u0131\u015fma s\u00fcresi sa\u011flayan ve farkl\u0131 uzmanlar\u0131 bar\u0131nd\u0131ran zengin program\u0131yla en iyiler aras\u0131nda yer alan Ankara\u2019daki \u2018Ustal\u0131k S\u0131n\u0131f\u0131\u2019 gen\u00e7 koro \u015feflerine bu y\u0131l yine d\u00fcnya ustalar\u0131yla birebir \u00e7al\u0131\u015fma imkan\u0131 sunacak.<\/p>\n<p>Avrupa Korolar Federasyonunca tavsiye edilen d\u00f6rt koro \u015fefli\u011fi e\u011fitiminden biri olan \u2018Ustal\u0131k S\u0131n\u0131f\u0131\u2019 daha \u00f6nce de d\u00fcnyaca \u00fcnl\u00fc koro \u015fefleri Paulo Louren\u00e7o, Lorenzo Donati ve Ragnar Rasmussen\u2019i a\u011f\u0131rlam\u0131\u015ft\u0131.<\/p>\n<p>Ankara CSO konser salonunda 26 Ocak\u2019ta ba\u015flayacak e\u011fitimler 1 Ocak\u2019ta 6 aktif kat\u0131l\u0131mc\u0131 \u00f6\u011frencinin \u015fefli\u011fini yapaca\u011f\u0131 Devlet \u00c7oksesli Korosunun kapan\u0131\u015f konseri ile son bulacak. K\u00fclt\u00fcr ve Turizm Bakanl\u0131\u011f\u0131 Devlet \u00c7oksesli Korosunun \u0130spanyol \u015fef Josep Vila i Casaas ile 25 Ocak\u2019ta verece\u011fi konserin biletleri biletinial.com adresinden al\u0131nabilecek. 1 \u015eubat\u2019ta verilecek e\u011fitim konseri ise halka a\u00e7\u0131k olacak.<\/p>\n","protected":false},"excerpt":{"rendered":"<p>T\u00dcRK\u0130YE\u2019N\u0130N SE\u00c7K\u0130N PROFESYONEL TOPLULUKLARINDAN DEVLET \u00c7OKSESL\u0130 KOROSU, \u0130SPANYA\u2019NIN \u00dcNL\u00dc KORO \u015eEF\u0130 JOSEP V\u0130LA \u0130 CASAAS\u2019I A\u011eIRLAYACAK.<\/p>\n","protected":false},"author":1,"featured_media":258227,"comment_status":"closed","ping_status":"open","sticky":false,"template":"","format":"standard","meta":{"jetpack_post_was_ever_published":false,"_jetpack_newsletter_access":"","_jetpack_dont_email_post_to_subs":false,"_jetpack_newsletter_tier_id":0,"_jetpack_memberships_contains_paywalled_content":false,"_jetpack_memberships_contains_paid_content":false,"footnotes":"","jetpack_publicize_message":"","jetpack_publicize_feature_enabled":true,"jetpack_social_post_already_shared":true,"jetpack_social_options":{"image_generator_settings":{"template":"highway","default_image_id":0,"font":"","enabled":false},"version":2}},"categories":[656],"tags":[37,52613,63770,1497,17407,2383,5590,63771],"class_list":["post-258226","post","type-post","status-publish","format-standard","has-post-thumbnail","hentry","category-kultur-sanat","tag-ilk","tag-ispanyol","tag-josep","tag-kez","tag-sef","tag-turkiyede","tag-unlu","tag-vila"],"jetpack_publicize_connections":[],"jetpack_featured_media_url":"https:\/\/i0.wp.com\/www.tvturk.com\/wp-content\/uploads\/2020\/01\/unlu-ispanyol-sef-josep-vila-ilk-kez-turkiyede_b9f23fb.jpg?fit=1000%2C667","jetpack_sharing_enabled":true,"jetpack_shortlink":"https:\/\/wp.me\/paKIfm-15aW","_links":{"self":[{"href":"http:\/\/www.tvturk.com\/index.php\/wp-json\/wp\/v2\/posts\/258226","targetHints":{"allow":["GET"]}}],"collection":[{"href":"http:\/\/www.tvturk.com\/index.php\/wp-json\/wp\/v2\/posts"}],"about":[{"href":"http:\/\/www.tvturk.com\/index.php\/wp-json\/wp\/v2\/types\/post"}],"author":[{"embeddable":true,"href":"http:\/\/www.tvturk.com\/index.php\/wp-json\/wp\/v2\/users\/1"}],"replies":[{"embeddable":true,"href":"http:\/\/www.tvturk.com\/index.php\/wp-json\/wp\/v2\/comments?post=258226"}],"version-history":[{"count":0,"href":"http:\/\/www.tvturk.com\/index.php\/wp-json\/wp\/v2\/posts\/258226\/revisions"}],"wp:featuredmedia":[{"embeddable":true,"href":"http:\/\/www.tvturk.com\/index.php\/wp-json\/wp\/v2\/media\/258227"}],"wp:attachment":[{"href":"http:\/\/www.tvturk.com\/index.php\/wp-json\/wp\/v2\/media?parent=258226"}],"wp:term":[{"taxonomy":"category","embeddable":true,"href":"http:\/\/www.tvturk.com\/index.php\/wp-json\/wp\/v2\/categories?post=258226"},{"taxonomy":"post_tag","embeddable":true,"href":"http:\/\/www.tvturk.com\/index.php\/wp-json\/wp\/v2\/tags?post=258226"}],"curies":[{"name":"wp","href":"https:\/\/api.w.org\/{rel}","templated":true}]}}