{"id":258388,"date":"2020-01-21T14:17:24","date_gmt":"2020-01-21T11:17:24","guid":{"rendered":"http:\/\/www.tvturk.com\/index.php\/olayli-mac-sonrasi-vezirhansspora-ceza-yagdi\/"},"modified":"2020-01-21T14:17:24","modified_gmt":"2020-01-21T11:17:24","slug":"olayli-mac-sonrasi-vezirhansspora-ceza-yagdi","status":"publish","type":"post","link":"http:\/\/www.tvturk.com\/index.php\/olayli-mac-sonrasi-vezirhansspora-ceza-yagdi\/","title":{"rendered":"Olayl\u0131 ma\u00e7 sonras\u0131 Vezirhansspor\u2019a ceza ya\u011fd\u0131"},"content":{"rendered":"<p>Bilecik\u2019te oynana Vezirhanspor-Bay\u0131rk\u00f6yspor m\u00fcsabakas\u0131nda ya\u015fanan olaylar ve \u00e7irkin tezah\u00fcrat sonras\u0131 Vezirhanspor\u2019a ceza ya\u011fd\u0131.<\/p>\n<p>Bilecik 1. Amat\u00f6r Lig\u2019in ikinci yar\u0131s\u0131n\u0131n ilk m\u00fcsabakas\u0131nda ge\u00e7en hafta Bilecik\u2019in Vezirhan ve Bay\u0131rk\u00f6y beldelerinin tak\u0131mlar\u0131 bir araya geldi. Vezirhan Belde Stad\u0131\u2019nda oynanan m\u00fcsabakay\u0131 devre aras\u0131nda hem saha i\u00e7i hem de saha i\u00e7i kar\u0131\u015fm\u0131\u015f, olaylara jandarma m\u00fcdahale ederken, bu s\u0131rada Vezirhanspor ve Bay\u0131rk\u00f6yspor taraftarlar\u0131 aras\u0131nda k\u00fcf\u00fcr eden seyircileri g\u00f6zalt\u0131na al\u0131nm\u0131\u015ft\u0131.<\/p>\n<p>Vezirhanspor\u2019a ceza ya\u011fd\u0131<\/p>\n<p>M\u00fcsabaka sonras\u0131 Bilecik \u0130l Tertip Kurulu toplanarak bir karar ald\u0131. Karada, &#8220;20 Ocak 2020 Pazartesi g\u00fcn\u00fc saat 13.00\u2019te toplanan \u0130l Tertip Kurulu 12 Ocak 2020 Pazar g\u00fcn\u00fc saat 14.00 Vezirhan sahas\u0131nda oynanan Vezirhanspor ve Bay\u0131rk\u00f6yspor aras\u0131nda oynanan futbol m\u00fcsabakas\u0131nda ya\u015fanan \u00e7irkin dil ve futbolculara ve teknik heyete toplu olarak a\u015f\u0131r\u0131 k\u00fcf\u00fcrl\u00fc tezah\u00fcrat yap\u0131lm\u0131\u015ft\u0131r. Bayrk\u00f6yspor\u2019un formas\u0131n\u0131n yak\u0131lmas\u0131, trib\u00fcnlere as\u0131lan \u00e7irkin pankartlar a\u00e7\u0131klamas\u0131, sahaya maytap at\u0131lmas\u0131 F.M.T.\u2019nin 44, 52 ve 53 maddesi gere\u011fi Vezirhanspor\u2019un sahas\u0131n\u0131n 2 ma\u00e7 saha kapat\u0131lmas\u0131, 3 m\u00fcsabakan\u0131n seyircisiz oynat\u0131lmas\u0131na oy birli\u011fi ile karar verilmi\u015ftir\u201d yer ald\u0131.<\/p>\n<p>\u00d6te yandan al\u0131nan bu karara Vezirhanspor y\u00f6neticileri tepki g\u00f6sterdi.<\/p>\n","protected":false},"excerpt":{"rendered":"<p>VEZ\u0130RHANSSPOR&#8217;A CEZA YA\u011eDI<\/p>\n","protected":false},"author":1,"featured_media":258389,"comment_status":"closed","ping_status":"open","sticky":false,"template":"","format":"standard","meta":{"jetpack_post_was_ever_published":false,"_jetpack_newsletter_access":"","_jetpack_dont_email_post_to_subs":false,"_jetpack_newsletter_tier_id":0,"_jetpack_memberships_contains_paywalled_content":false,"_jetpack_memberships_contains_paid_content":false,"footnotes":"","jetpack_publicize_message":"","jetpack_publicize_feature_enabled":true,"jetpack_social_post_already_shared":true,"jetpack_social_options":{"image_generator_settings":{"template":"highway","default_image_id":0,"font":"","enabled":false},"version":2}},"categories":[657],"tags":[944,236,15393,36,63801,6375],"class_list":["post-258388","post","type-post","status-publish","format-standard","has-post-thumbnail","hentry","category-spor","tag-mac","tag-ceza","tag-olayli","tag-sonrasi","tag-vezirhansspora","tag-yagdi"],"jetpack_publicize_connections":[],"jetpack_featured_media_url":"https:\/\/i0.wp.com\/www.tvturk.com\/wp-content\/uploads\/2020\/01\/olayli-mac-sonrasi-vezirhansspora-ceza-yagdi_9a3cb92.jpg?fit=1000%2C562","jetpack_sharing_enabled":true,"jetpack_shortlink":"https:\/\/wp.me\/paKIfm-15dy","_links":{"self":[{"href":"http:\/\/www.tvturk.com\/index.php\/wp-json\/wp\/v2\/posts\/258388","targetHints":{"allow":["GET"]}}],"collection":[{"href":"http:\/\/www.tvturk.com\/index.php\/wp-json\/wp\/v2\/posts"}],"about":[{"href":"http:\/\/www.tvturk.com\/index.php\/wp-json\/wp\/v2\/types\/post"}],"author":[{"embeddable":true,"href":"http:\/\/www.tvturk.com\/index.php\/wp-json\/wp\/v2\/users\/1"}],"replies":[{"embeddable":true,"href":"http:\/\/www.tvturk.com\/index.php\/wp-json\/wp\/v2\/comments?post=258388"}],"version-history":[{"count":0,"href":"http:\/\/www.tvturk.com\/index.php\/wp-json\/wp\/v2\/posts\/258388\/revisions"}],"wp:featuredmedia":[{"embeddable":true,"href":"http:\/\/www.tvturk.com\/index.php\/wp-json\/wp\/v2\/media\/258389"}],"wp:attachment":[{"href":"http:\/\/www.tvturk.com\/index.php\/wp-json\/wp\/v2\/media?parent=258388"}],"wp:term":[{"taxonomy":"category","embeddable":true,"href":"http:\/\/www.tvturk.com\/index.php\/wp-json\/wp\/v2\/categories?post=258388"},{"taxonomy":"post_tag","embeddable":true,"href":"http:\/\/www.tvturk.com\/index.php\/wp-json\/wp\/v2\/tags?post=258388"}],"curies":[{"name":"wp","href":"https:\/\/api.w.org\/{rel}","templated":true}]}}