{"id":258405,"date":"2020-01-21T14:33:21","date_gmt":"2020-01-21T11:33:21","guid":{"rendered":"http:\/\/www.tvturk.com\/index.php\/ataturk-kultur-merkezi-baskanligindan-turk-kultur-ve-sanat-dunyasina-armagan-cinucen-tanrikorur-beste-kulliyati\/"},"modified":"2020-01-21T14:33:21","modified_gmt":"2020-01-21T11:33:21","slug":"ataturk-kultur-merkezi-baskanligindan-turk-kultur-ve-sanat-dunyasina-armagan-cinucen-tanrikorur-beste-kulliyati","status":"publish","type":"post","link":"http:\/\/www.tvturk.com\/index.php\/ataturk-kultur-merkezi-baskanligindan-turk-kultur-ve-sanat-dunyasina-armagan-cinucen-tanrikorur-beste-kulliyati\/","title":{"rendered":"Atat\u00fcrk K\u00fclt\u00fcr Merkezi Ba\u015fkanl\u0131\u011f\u0131ndan T\u00fcrk k\u00fclt\u00fcr ve sanat d\u00fcnyas\u0131na arma\u011fan: \u201cCinu\u00e7en Tanr\u0131korur Beste K\u00fclliyat\u0131\u2019\u2019"},"content":{"rendered":"<p>Atat\u00fcrk K\u00fclt\u00fcr, Dil ve Tarih Y\u00fcksek Kurumu b\u00fcnyesindeki Atat\u00fcrk K\u00fclt\u00fcr Merkezi Ba\u015fkanl\u0131\u011f\u0131, vefat\u0131n\u0131n 20\u2019nci y\u0131l\u0131nda m\u00fczisyen, ud icrac\u0131s\u0131, yazar ve bestek\u00e2r Cinu\u00e7en Tanr\u0131korur\u2019un hat\u0131ras\u0131na, b\u00fcy\u00fck sanatk\u00e2r\u0131n sanat\u0131n\u0131n daha iyi anla\u015f\u0131labilmesi ve gelecek ku\u015faklara aktar\u0131labilmesi i\u00e7in kapsaml\u0131 bir \u00e7al\u0131\u015fma ger\u00e7ekle\u015ftirdi.<\/p>\n<p>T\u00fcrkiye Cumhuriyeti Cumhurba\u015fkanl\u0131\u011f\u0131 himaye ve te\u015fvikleri ile Cinu\u00e7en Tanr\u0131korur Beste K\u00fclliyat\u0131 ad\u0131yla yay\u0131mlanan, 7 ayr\u0131 ciltten olu\u015fan eser, ayr\u0131ca T\u00fcrk\u00e7e ve \u0130ngilizce sunumuyla d\u00fcnya m\u00fczik ve k\u00fclt\u00fcr tarihi i\u00e7in de b\u00fcy\u00fck \u00f6nem arz etmekte.<\/p>\n<p>K\u00fclliyat\u0131n birinci cildi \u201cBiyografi, 505 Eserin D\u00f6k\u00fcm ve Fihristleri\u201d ba\u015fl\u0131\u011f\u0131yla sunuldu. Birinci cilt, bestecinin 1952-1999 y\u0131llar\u0131 aras\u0131nda besteledi\u011fi 505 eserini kapsamakta. Cinu\u00e7en Tanr\u0131korur 50 y\u0131la yak\u0131n bestecilik hayat\u0131nda b\u00fct\u00fcn bestelerinin notalar\u0131n\u0131 beste tarihi, yeri ve numaras\u0131n\u0131 bildirerek kendisi yazm\u0131\u015f, bir k\u0131sm\u0131n\u0131 da \u00f6\u011frencisine yazd\u0131rarak bestelerinin tamam\u0131n\u0131 tespit etmi\u015f. Esere eklenen fihrist, tablo ve grafikler ile k\u00fclliyat i\u00e7eri\u011fi zenginle\u015ftirilerek icrac\u0131lar ve ara\u015ft\u0131rmac\u0131lar i\u00e7in \u00e7al\u0131\u015fma, bir ba\u015fvuru ve kaynak eser niteli\u011fi kazanm\u0131\u015ft\u0131r. K\u00fclliyat bu \u00f6zellikleri ile T\u00fcrk m\u00fczi\u011fi kaynaklar\u0131 i\u00e7erisinde bir ilktir.<\/p>\n<p>Cinu\u00e7en Tanr\u0131korur Beste K\u00fclliyat\u0131 ikinci cildi \u201cDini Eserler\u201d ba\u015fl\u0131\u011f\u0131n\u0131 ta\u015f\u0131makta. K\u00fclliyat\u0131n ikinci cildinde 77 dini eser ele al\u0131nd\u0131. 4 Mevlevi ayini, 4 niyaz ilahisi, 2 na\u2019at, 1 durak, 5 m\u00fcnacat, 2 mersiye, 2 nefes, 1 tevhid, 1 niyaz, 5 tev\u015fih, 32 ilahi ve 1 \u015fu\u011ful olmak \u00fczere 12 ayr\u0131 geleneksel formda 60 eser mevcut.<\/p>\n<p>Tanr\u0131korur\u2019un \u201cS\u00f6zl\u00fc Eserleri\u201d k\u00fclliyat\u0131n \u00fc\u00e7\u00fcnc\u00fc, d\u00f6rd\u00fcnc\u00fc ve be\u015finci ciltlerinde topland\u0131. \u00dc\u00e7\u00fcnc\u00fc cildi, \u201cS\u00f6zl\u00fc Eserler: Acem-H\u00fcseyni Makamlar\u0131\u201d, d\u00f6rd\u00fcnc\u00fc cildi, \u201cS\u00f6zl\u00fc Eserler: H\u00fczzam-Ni\u015faburek Makamlar\u0131\u201d, be\u015finci cildi, \u201cS\u00f6zl\u00fc Eserler: Rast- Zav\u00eela\u015f\u00eeran Makamlar\u0131\u201d ba\u015fl\u0131klar\u0131n\u0131 ta\u015f\u0131maktad\u0131r. Acem makam\u0131ndan Zav\u00eela\u015f\u00eeran makam\u0131na kadar s\u0131ras\u0131yla k\u00e2r, k\u00e2r-\u0131 n\u00e2t\u0131k, beste, a\u011f\u0131rsem\u00e2\u00ee ve y\u00fcr\u00fcksem\u00e2\u00ee gibi geleneksel formlar, m\u00fcteakiben \u015fark\u0131, fantezi ve t\u00fcrk\u00fcler s\u0131raland\u0131. Tam bir tak\u0131m olu\u015fturan sekiz ayr\u0131 klasik fas\u0131l, bestecinin s\u0131ralamas\u0131nda oldu\u011fu gibi pe\u015frev ve sazsem\u00e2\u00eesi ile birlikte yer almakta. Ayr\u0131ca bu ciltlerde \u015fark\u0131 fas\u0131llar\u0131 i\u00e7in listeler sunuldu. Tanr\u0131korur\u2019un geleneksel ve neo-klasik eserlerinde Zeka\u00ee Dede Efendi\u2019nin, romantik ve \u00e7a\u011fda\u015f eserlerinde ise Haf\u0131z Sadeddin Kaynak\u2019\u0131n derin etkileri bulunmakta.<\/p>\n<p>K\u00fclliyat\u0131n alt\u0131nc\u0131 cildi \u201cSaz Eserleri\u201d ba\u015fl\u0131\u011f\u0131yla sunuldu. Bu ciltte bestecinin 106 saz eseri bulunmakta. Saz eserleri, makam alfabeti\u011fi ve formlar\u0131na g\u00f6re s\u0131ralanarak, Tanr\u0131korur\u2019un besteleri, eserler i\u00e7in icra edildi\u011finde anla\u015f\u0131lacak olan klasik ve ayn\u0131 zamanda yenilik\u00e7i \u00f6zel bir zevk ve kaliteyi yans\u0131t\u0131ld\u0131. Bu y\u00f6n\u00fcyle eserleri, T\u00fcrk musikisi saz eserleri repertuvar\u0131na yeni renkler kazand\u0131rmas\u0131 bekleniyor. Sazendelere ve bestecilere yeni ufuklar a\u00e7acak olan bu eserler, gen\u00e7 m\u00fczisyenlerin azimli \u00e7al\u0131\u015fmalar\u0131 ile T\u00fcrk m\u00fczi\u011fi icras\u0131na da b\u00fcy\u00fck katk\u0131 sa\u011flanm\u0131\u015f olacak.<\/p>\n<p>K\u00fclliyat\u0131n yedinci cildi \u201c\u0130stiklal Mar\u015f\u0131, \u00c7ocuk ve Gen\u00e7ler \u0130\u00e7in Eserler\u201d ba\u015fl\u0131\u011f\u0131n\u0131 ta\u015f\u0131makta. Tanr\u0131korur, \u00e7ocuk ve gen\u00e7lerin e\u011fitiminde m\u00fczik ve m\u00fczik k\u00fclt\u00fcr\u00fcn\u00fcn \u00f6nemini bir\u00e7ok makalesinde vurgulam\u0131\u015f ve \u00e7e\u015fitli formlardaki besteleriyle \u00f6rnek konserler d\u00fczenlemi\u015ftir. \u0130stiklal Mar\u015f\u0131 ba\u015fta olmak \u00fczere, \u00e7ocuklar\u0131n ve gen\u00e7lerin icra edebilece\u011fi 63 adet s\u00f6zl\u00fc ve saz eseri, bu ciltte sunuldu.<\/p>\n<p>Eserde yer alan nota, foto\u011fraf ve afi\u015fler T\u00fcrkiye Cumhuriyeti Cumhurba\u015fkanl\u0131\u011f\u0131 K\u00fct\u00fcphanesi Cinu\u00e7en Tanr\u0131korur Koleksiyonu\u2019ndan al\u0131nd\u0131. Kapsaml\u0131 \u00e7al\u0131\u015fma Dr. \u015e. B\u00e2rih\u00fcda Tanr\u0131korur ve yay\u0131n kurulunda yer alan B. Reh\u00e2 Sa\u011fba\u015f, Do\u00e7. Dr. A. Ba\u015fak \u0130lhan Harmanc\u0131 ve Co\u015fkun Yava taraf\u0131ndan ger\u00e7ekle\u015ftirildi.<\/p>\n<p>Atat\u00fcrk K\u00fclt\u00fcr Merkezi Ba\u015fkanl\u0131\u011f\u0131 taraf\u0131ndan son derece \u00f6zenli ve kaliteli bir bask\u0131yla okura sunulan 7 ciltten olu\u015fan eser, Ankara-Balgat\u2019taki Atat\u00fcrk K\u00fclt\u00fcr Merkezi Ba\u015fkanl\u0131\u011f\u0131 binas\u0131nda ve Ankara-K\u0131z\u0131lay Kitap Sat\u0131\u015f B\u00fcrosu\u2019nda sat\u0131\u015fa sunuldu.<\/p>\n<p>Ayr\u0131ca kitapseverler, https:\/\/emagaza-akm.ayk.gov.tr\/ adresindeki e-ma\u011fazadan da esere ula\u015fabilecek.<\/p>\n","protected":false},"excerpt":{"rendered":"<p>ATAT\u00dcRK K\u00dcLT\u00dcR, D\u0130L VE TAR\u0130H Y\u00dcKSEK KURUMU B\u00dcNYES\u0130NDEK\u0130 ATAT\u00dcRK K\u00dcLT\u00dcR MERKEZ\u0130 BA\u015eKANLI\u011eI, VEFATININ 20\u2019NC\u0130 YILINDA M\u00dcZ\u0130SYEN, UD \u0130CRACISI, YAZAR VE BESTEK\u00c2R C\u0130NU\u00c7EN TANRIKORUR\u2019UN HATIRASINA, B\u00dcY\u00dcK SANATK\u00c2RIN SANATININ DAHA \u0130Y\u0130 ANLA\u015eILAB\u0130LMES\u0130 VE GELECEK KU\u015eAKLARA AKTARILAB\u0130LMES\u0130 \u0130\u00c7\u0130N KAPSAMLI B\u0130R \u00c7ALI\u015eMA GER\u00c7EKLE\u015eT\u0130RD\u0130.<\/p>\n","protected":false},"author":1,"featured_media":258406,"comment_status":"closed","ping_status":"open","sticky":false,"template":"","format":"standard","meta":{"jetpack_post_was_ever_published":false,"_jetpack_newsletter_access":"","_jetpack_dont_email_post_to_subs":false,"_jetpack_newsletter_tier_id":0,"_jetpack_memberships_contains_paywalled_content":false,"_jetpack_memberships_contains_paid_content":false,"footnotes":"","jetpack_publicize_message":"","jetpack_publicize_feature_enabled":true,"jetpack_social_post_already_shared":true,"jetpack_social_options":{"image_generator_settings":{"template":"highway","default_image_id":0,"font":"","enabled":false},"version":2}},"categories":[656],"tags":[63812,8729,381,14983,8271,14725,34762,630,295,4854,63813,957],"class_list":["post-258405","post","type-post","status-publish","format-standard","has-post-thumbnail","hentry","category-kultur-sanat","tag-cinucen","tag-armagan","tag-ataturk","tag-baskanligindan","tag-beste","tag-dunyasina","tag-kulliyati","tag-kultur","tag-merkezi","tag-sanat","tag-tanrikorur","tag-turk"],"jetpack_publicize_connections":[],"jetpack_featured_media_url":"https:\/\/i0.wp.com\/www.tvturk.com\/wp-content\/uploads\/2020\/01\/ataturk-kultur-merkezi-baskanligindan-turk-kultur-ve-sanat-dunyasina-armagan-cinucen-tanrikorur-beste-kulliyati_d5e558d.jpg?fit=1000%2C666","jetpack_sharing_enabled":true,"jetpack_shortlink":"https:\/\/wp.me\/paKIfm-15dP","_links":{"self":[{"href":"http:\/\/www.tvturk.com\/index.php\/wp-json\/wp\/v2\/posts\/258405","targetHints":{"allow":["GET"]}}],"collection":[{"href":"http:\/\/www.tvturk.com\/index.php\/wp-json\/wp\/v2\/posts"}],"about":[{"href":"http:\/\/www.tvturk.com\/index.php\/wp-json\/wp\/v2\/types\/post"}],"author":[{"embeddable":true,"href":"http:\/\/www.tvturk.com\/index.php\/wp-json\/wp\/v2\/users\/1"}],"replies":[{"embeddable":true,"href":"http:\/\/www.tvturk.com\/index.php\/wp-json\/wp\/v2\/comments?post=258405"}],"version-history":[{"count":0,"href":"http:\/\/www.tvturk.com\/index.php\/wp-json\/wp\/v2\/posts\/258405\/revisions"}],"wp:featuredmedia":[{"embeddable":true,"href":"http:\/\/www.tvturk.com\/index.php\/wp-json\/wp\/v2\/media\/258406"}],"wp:attachment":[{"href":"http:\/\/www.tvturk.com\/index.php\/wp-json\/wp\/v2\/media?parent=258405"}],"wp:term":[{"taxonomy":"category","embeddable":true,"href":"http:\/\/www.tvturk.com\/index.php\/wp-json\/wp\/v2\/categories?post=258405"},{"taxonomy":"post_tag","embeddable":true,"href":"http:\/\/www.tvturk.com\/index.php\/wp-json\/wp\/v2\/tags?post=258405"}],"curies":[{"name":"wp","href":"https:\/\/api.w.org\/{rel}","templated":true}]}}