{"id":258416,"date":"2020-01-21T15:01:29","date_gmt":"2020-01-21T12:01:29","guid":{"rendered":"http:\/\/www.tvturk.com\/index.php\/trump-zaman-kotumser-degil-iyimser-olma-zamanidir\/"},"modified":"2020-01-21T15:01:29","modified_gmt":"2020-01-21T12:01:29","slug":"trump-zaman-kotumser-degil-iyimser-olma-zamanidir","status":"publish","type":"post","link":"http:\/\/www.tvturk.com\/index.php\/trump-zaman-kotumser-degil-iyimser-olma-zamanidir\/","title":{"rendered":"Trump: \u201cZaman k\u00f6t\u00fcmser de\u011fil iyimser olma zaman\u0131d\u0131r\u201d"},"content":{"rendered":"<p>ABD Ba\u015fkan\u0131 Donald Trump, D\u00fcnya Ekonomik Forum (WEF) 50. y\u0131l a\u00e7\u0131l\u0131\u015f\u0131nda konu\u015fma yaparak, \u201cZaman k\u00f6t\u00fcmser olma de\u011fil, iyimser olma zaman\u0131d\u0131r\u201d ifadelerini kulland\u0131.<\/p>\n<p>ABD Ba\u015fkan\u0131 Donald Trump, D\u00fcnya Ekonomik Forum\u2019un (WEF) 50. y\u0131l a\u00e7\u0131l\u0131\u015f konu\u015fmas\u0131n\u0131 yapmak \u00fczere sahnede yerini ald\u0131. Trump, konu\u015fmas\u0131na ABD\u2019nin Ba\u015fkanl\u0131\u011f\u0131n\u0131 yapt\u0131\u011f\u0131 s\u00fcre boyunca \u00fclkede ya\u015fanan geli\u015fmelerden s\u00f6z ederek \u201cAmerikan r\u00fcyas\u0131 geri d\u00f6nd\u00fc, her zamankinden de b\u00fcy\u00fck ve daha iyi bir \u015fekilde\u201d ifadelerini kullan\u0131rken, \u00c7in\u2019le ger\u00e7ekle\u015ftirilen ekonomik anla\u015fmaya de\u011finerek \u201c\u00c7in ile olan ili\u015fkimiz muhtemelen daha \u00f6nce hi\u00e7 bu kadar iyi olmam\u0131\u015ft\u0131\u201d dedi. Trump, \u0130ngiltere Ba\u015fbakan\u0131 Boris Johnson hakk\u0131nda \u201charika bir Ba\u015fbakan\u201d ifadelerini kullanmas\u0131n\u0131n ard\u0131ndan Brexit anla\u015fmas\u0131na de\u011finerek, Johnson\u2019la b\u00fcy\u00fck bir ticari anla\u015fmaya imza atmak istedi\u011fini belirtti.<\/p>\n<p>Ba\u015fkan Trump, Greta Thunberg ve di\u011fer iklim aktivistlerine g\u00f6nderme yaparak \u201cK\u0131yamet kehanetlerini reddetmeliyiz. Zaman k\u00f6t\u00fcmser olma de\u011fil iyimser olma zaman\u0131d\u0131r\u201d ifadelerini kulland\u0131.<\/p>\n","protected":false},"excerpt":{"rendered":"<p>ABD BA\u015eKANI DONALD TRUMP, WEF 50. YIL A\u00c7ILI\u015e KONU\u015eMASINI GER\u00c7EKLE\u015eT\u0130RD\u0130<\/p>\n","protected":false},"author":1,"featured_media":258417,"comment_status":"closed","ping_status":"open","sticky":false,"template":"","format":"standard","meta":{"jetpack_post_was_ever_published":false,"_jetpack_newsletter_access":"","_jetpack_dont_email_post_to_subs":false,"_jetpack_newsletter_tier_id":0,"_jetpack_memberships_contains_paywalled_content":false,"_jetpack_memberships_contains_paid_content":false,"footnotes":"","jetpack_publicize_message":"","jetpack_publicize_feature_enabled":true,"jetpack_social_post_already_shared":true,"jetpack_social_options":{"image_generator_settings":{"template":"highway","default_image_id":0,"font":"","enabled":false},"version":2}},"categories":[10],"tags":[2039,63815,63814,6336,12068,74,14778],"class_list":["post-258416","post","type-post","status-publish","format-standard","has-post-thumbnail","hentry","category-dunya","tag-degil","tag-iyimser","tag-kotumser","tag-olma","tag-trump","tag-zaman","tag-zamanidir"],"jetpack_publicize_connections":[],"jetpack_featured_media_url":"https:\/\/i0.wp.com\/www.tvturk.com\/wp-content\/uploads\/2020\/01\/trump-zaman-kotumser-degil-iyimser-olma-zamanidir_594975a.jpg?fit=920%2C613","jetpack_sharing_enabled":true,"jetpack_shortlink":"https:\/\/wp.me\/paKIfm-15e0","_links":{"self":[{"href":"http:\/\/www.tvturk.com\/index.php\/wp-json\/wp\/v2\/posts\/258416","targetHints":{"allow":["GET"]}}],"collection":[{"href":"http:\/\/www.tvturk.com\/index.php\/wp-json\/wp\/v2\/posts"}],"about":[{"href":"http:\/\/www.tvturk.com\/index.php\/wp-json\/wp\/v2\/types\/post"}],"author":[{"embeddable":true,"href":"http:\/\/www.tvturk.com\/index.php\/wp-json\/wp\/v2\/users\/1"}],"replies":[{"embeddable":true,"href":"http:\/\/www.tvturk.com\/index.php\/wp-json\/wp\/v2\/comments?post=258416"}],"version-history":[{"count":0,"href":"http:\/\/www.tvturk.com\/index.php\/wp-json\/wp\/v2\/posts\/258416\/revisions"}],"wp:featuredmedia":[{"embeddable":true,"href":"http:\/\/www.tvturk.com\/index.php\/wp-json\/wp\/v2\/media\/258417"}],"wp:attachment":[{"href":"http:\/\/www.tvturk.com\/index.php\/wp-json\/wp\/v2\/media?parent=258416"}],"wp:term":[{"taxonomy":"category","embeddable":true,"href":"http:\/\/www.tvturk.com\/index.php\/wp-json\/wp\/v2\/categories?post=258416"},{"taxonomy":"post_tag","embeddable":true,"href":"http:\/\/www.tvturk.com\/index.php\/wp-json\/wp\/v2\/tags?post=258416"}],"curies":[{"name":"wp","href":"https:\/\/api.w.org\/{rel}","templated":true}]}}