{"id":258442,"date":"2020-01-21T15:32:08","date_gmt":"2020-01-21T12:32:08","guid":{"rendered":"http:\/\/www.tvturk.com\/index.php\/ozel-harekat-polisleri-baris-pinari-harekati-bolgesine-ugurlandi\/"},"modified":"2020-01-21T15:32:08","modified_gmt":"2020-01-21T12:32:08","slug":"ozel-harekat-polisleri-baris-pinari-harekati-bolgesine-ugurlandi","status":"publish","type":"post","link":"http:\/\/www.tvturk.com\/index.php\/ozel-harekat-polisleri-baris-pinari-harekati-bolgesine-ugurlandi\/","title":{"rendered":"\u00d6zel harekat polisleri, Bar\u0131\u015f P\u0131nar\u0131 Harekat\u0131 b\u00f6lgesine u\u011furland\u0131"},"content":{"rendered":"<p>Mersin\u2019den, T\u00fcrk Silahl\u0131 Kuvvetlerince s\u0131n\u0131r \u00f6tesinde y\u00fcr\u00fct\u00fclen Bar\u0131\u015f P\u0131nar\u0131 Harekat\u0131\u2019nda g\u00f6rev alacak olan \u00f6zel hareket polisleri, Vali Ali \u0130hsan Su\u2019nun da kat\u0131ld\u0131\u011f\u0131 t\u00f6renle u\u011furland\u0131.<\/p>\n<p>\u00d6zel Harekat \u015eube M\u00fcd\u00fcrl\u00fc\u011f\u00fc bah\u00e7esinde d\u00fczenlenen u\u011furlama t\u00f6reninde, \u0130dlib\u2019e gidecek personelle tek tek ilgilenen Vali Su, \u00f6zel harekat polislerine y\u00f6nelik yapt\u0131\u011f\u0131 konu\u015fmada, &#8220;\u00dclkemizde Cumhurba\u015fkan\u0131m\u0131z Recep Tayyip Erdo\u011fan\u2019\u0131n liderli\u011finde d\u00fcnyan\u0131n her yerinde bar\u0131\u015f ve huzurun sa\u011flanmas\u0131 i\u00e7in yo\u011fun bir gayret sarf ediliyor. Bu anlamda \u00f6zel harekat polislerimize g\u00f6revlerinde ba\u015far\u0131 ve muzafferiyet diliyorum&#8221; dedi.<\/p>\n<p>\u00d6zel Harekat \u015eube M\u00fcd\u00fcrl\u00fc\u011f\u00fc\u2019nde ger\u00e7ekle\u015ftirilen u\u011furlama program\u0131 kapsam\u0131nda kurban kesilerek, g\u00fcvenlik g\u00fc\u00e7leri i\u00e7in dualar edildi. Yap\u0131lan dualar\u0131n ard\u0131ndan Vali Su, Bar\u0131\u015f P\u0131nar\u0131 Harekat\u0131\u2019nda g\u00f6rev alacak polislerle tek tek vedala\u015ft\u0131.<\/p>\n<p>U\u011furlama t\u00f6renine Toroslar \u0130l\u00e7e Kaymakam\u0131 Ahmet Hikmet \u015eahin, \u0130l Emniyet M\u00fcd\u00fcr\u00fc Mehmet \u015eahne, \u0130l Jandarma Komutan\u0131 K\u0131demli Albay Necip \u00c7ar\u0131kc\u0131o\u011flu, Sahil G\u00fcvenlik ve Akdeniz B\u00f6lge Komutan\u0131 K\u0131demli Albay O\u011fuz Bavbek, emniyet m\u00fcd\u00fcr yard\u0131mc\u0131lar\u0131, \u015fube m\u00fcd\u00fcrleri, \u00f6zel harekat polisleri ve yak\u0131nlar\u0131 kat\u0131ld\u0131.<\/p>\n","protected":false},"excerpt":{"rendered":"<p>MERS\u0130N&#8217;DEN, T\u00dcRK S\u0130LAHLI KUVVETLER\u0130NCE SINIR \u00d6TES\u0130NDE Y\u00dcR\u00dcT\u00dcLEN BARI\u015e PINARI HAREKATI\u2019NDA G\u00d6REV ALACAK OLAN \u00d6ZEL HAREKET POL\u0130SLER\u0130, VAL\u0130 AL\u0130 \u0130HSAN SU\u2019NUN DA KATILDI\u011eI T\u00d6RENLE U\u011eURLANDI.<\/p>\n","protected":false},"author":1,"featured_media":258443,"comment_status":"closed","ping_status":"open","sticky":false,"template":"","format":"standard","meta":{"jetpack_post_was_ever_published":false,"_jetpack_newsletter_access":"","_jetpack_dont_email_post_to_subs":false,"_jetpack_newsletter_tier_id":0,"_jetpack_memberships_contains_paywalled_content":false,"_jetpack_memberships_contains_paid_content":false,"footnotes":"","jetpack_publicize_message":"","jetpack_publicize_feature_enabled":true,"jetpack_social_post_already_shared":true,"jetpack_social_options":{"image_generator_settings":{"template":"highway","default_image_id":0,"font":"","enabled":false},"version":2}},"categories":[1],"tags":[1073,4256,3354,1795,17305,53832,1796,2516],"class_list":["post-258442","post","type-post","status-publish","format-standard","has-post-thumbnail","hentry","category-genel","tag-ozel","tag-baris","tag-bolgesine","tag-harekat","tag-harekati","tag-pinari","tag-polisleri","tag-ugurlandi"],"jetpack_publicize_connections":[],"jetpack_featured_media_url":"https:\/\/i0.wp.com\/www.tvturk.com\/wp-content\/uploads\/2020\/01\/ozel-harekat-polisleri-baris-pinari-harekati-bolgesine-ugurlandi_ea27c27.jpg?fit=1000%2C704","jetpack_sharing_enabled":true,"jetpack_shortlink":"https:\/\/wp.me\/paKIfm-15eq","_links":{"self":[{"href":"http:\/\/www.tvturk.com\/index.php\/wp-json\/wp\/v2\/posts\/258442","targetHints":{"allow":["GET"]}}],"collection":[{"href":"http:\/\/www.tvturk.com\/index.php\/wp-json\/wp\/v2\/posts"}],"about":[{"href":"http:\/\/www.tvturk.com\/index.php\/wp-json\/wp\/v2\/types\/post"}],"author":[{"embeddable":true,"href":"http:\/\/www.tvturk.com\/index.php\/wp-json\/wp\/v2\/users\/1"}],"replies":[{"embeddable":true,"href":"http:\/\/www.tvturk.com\/index.php\/wp-json\/wp\/v2\/comments?post=258442"}],"version-history":[{"count":0,"href":"http:\/\/www.tvturk.com\/index.php\/wp-json\/wp\/v2\/posts\/258442\/revisions"}],"wp:featuredmedia":[{"embeddable":true,"href":"http:\/\/www.tvturk.com\/index.php\/wp-json\/wp\/v2\/media\/258443"}],"wp:attachment":[{"href":"http:\/\/www.tvturk.com\/index.php\/wp-json\/wp\/v2\/media?parent=258442"}],"wp:term":[{"taxonomy":"category","embeddable":true,"href":"http:\/\/www.tvturk.com\/index.php\/wp-json\/wp\/v2\/categories?post=258442"},{"taxonomy":"post_tag","embeddable":true,"href":"http:\/\/www.tvturk.com\/index.php\/wp-json\/wp\/v2\/tags?post=258442"}],"curies":[{"name":"wp","href":"https:\/\/api.w.org\/{rel}","templated":true}]}}