{"id":258446,"date":"2020-01-21T15:46:39","date_gmt":"2020-01-21T12:46:39","guid":{"rendered":"http:\/\/www.tvturk.com\/index.php\/karda-mahsur-kalan-surucu-8-saat-sonra-kurtarildi\/"},"modified":"2020-01-21T15:46:39","modified_gmt":"2020-01-21T12:46:39","slug":"karda-mahsur-kalan-surucu-8-saat-sonra-kurtarildi","status":"publish","type":"post","link":"http:\/\/www.tvturk.com\/index.php\/karda-mahsur-kalan-surucu-8-saat-sonra-kurtarildi\/","title":{"rendered":"Karda mahsur kalan s\u00fcr\u00fcc\u00fc 8 saat sonra kurtar\u0131ld\u0131"},"content":{"rendered":"<p>Bursa\u2019n\u0131n \u0130neg\u00f6l il\u00e7esinde yo\u011fun kar ve tipi sebebiyle arac\u0131 ar\u0131za yap\u0131nca 8 saat mahsur kalan s\u00fcr\u00fcc\u00fc \u0130neg\u00f6l Belediyesi ekiplerinin \u00e7al\u0131\u015fmas\u0131yla kurtar\u0131ld\u0131.<\/p>\n<p>\u0130neg\u00f6l\u2019\u00fcn merkezinde kar ya\u011f\u0131\u015f\u0131 g\u00f6r\u00fclmese de, y\u00fcksek kesimlerde kar ya\u011f\u0131\u015f\u0131 etkili oldu. K\u0131rsal mahallelerde \u0130neg\u00f6l Belediyesi ekipleri devam eden yo\u011fun kar ya\u011f\u0131\u015f\u0131 ve tipi nedeniyle yollar\u0131n kapanmamas\u0131 i\u00e7in m\u00fccadele veriyor. Bir metreyi bulan kar kal\u0131nl\u0131\u011f\u0131 nedeniyle 11 b\u00f6lgede toplam 59 k\u0131rsal mahallede yollar\u0131n kapanmamas\u0131 i\u00e7in \u00e7al\u0131\u015fmalar iki vardiya \u015feklinde devam ediyor.<\/p>\n<p>Bo\u011fazova yaylas\u0131 mevkisinde arac\u0131 ar\u0131za yapan bir vatanda\u015f 8 saat mahsur kald\u0131. Adem Zaman isimli vatanda\u015f, b\u00f6lgede karla m\u00fccadele \u00e7al\u0131\u015fmalar\u0131n\u0131 s\u00fcrd\u00fcren Belediye ekipleri taraf\u0131ndan fark edilerek kurtar\u0131ld\u0131. \u0130neg\u00f6l Belediyesi ekiplerinin kendisini kurtard\u0131\u011f\u0131n\u0131 belirterek a\u00e7\u0131klamalarda bulunan Adem Zaman, \u201cBerbat bir durum, a\u015f\u0131r\u0131 derecede tipi var. Ekipler geldi kurtard\u0131, onlar olmasa zor durumda kalacakt\u0131k. Allah raz\u0131 olsun devletimizden. Yakla\u015f\u0131k bir metre kar var. Arabam ar\u0131za yapt\u0131. Ara\u00e7la \u00e7\u0131kt\u0131m yola ama ara\u00e7 yolda kald\u0131. Kar lasti\u011fi, zincir vard\u0131 ama hava \u015fartlar\u0131 nedeniyle fayda etmedi\u201d dedi.<\/p>\n<p>Mahsur kalan vatanda\u015f\u0131 almak i\u00e7in belediye taraf\u0131ndan g\u00f6revlendirilen Fen \u0130\u015fleri M\u00fcd\u00fcrl\u00fc\u011f\u00fc personeli Mahmut Sayg\u0131n, \u201cGelen ihbarlar do\u011frultusunda ekibimiz 24 saat yollarda, m\u00fccadelemizi s\u00fcrd\u00fcr\u00fcyoruz. Bug\u00fcn bu b\u00f6lgeden ihbarlar geldi. \u0130hbar gelmeden biz yola \u00e7\u0131km\u0131\u015ft\u0131k. Bu arada ekibimizi buraya g\u00f6nderdi\u011fimizde, arazi k\u00f6t\u00fc oldu\u011fu i\u00e7in operat\u00f6rlerin telefonlar\u0131na ula\u015fam\u0131yoruz, arkas\u0131ndan arac\u0131m\u0131z ile gidiyoruz, kontrollerimizi yap\u0131yoruz. Yolda kalan arkada\u015f\u0131 da operat\u00f6r arkada\u015flar alm\u0131\u015flar. Kendi beyan\u0131na g\u00f6re baya zor durumdaym\u0131\u015f onu da biz yan\u0131m\u0131za ald\u0131k. Yerle\u015fim yerine g\u00f6t\u00fcrece\u011fiz\u201d \u015feklinde konu\u015ftu.<\/p>\n<p>Kapal\u0131 yol yok<\/p>\n<p>Karla m\u00fccadele \u00e7al\u0131\u015fmalar\u0131 ile ilgili a\u00e7\u0131klamalarda bulunan \u0130neg\u00f6l Belediye Ba\u015fkan\u0131 Alper Taban da \u201c\u015eehrimizde karla m\u00fccadele devam ediyor. \u015euanda 59 k\u00f6y\u00fcm\u00fczde, \u00f6zellikle da\u011f k\u00f6ylerimizde 4 ayr\u0131 ekibimiz, 2 vardiya \u015feklinde yollar\u0131 a\u00e7\u0131k tutmak i\u00e7in yo\u011fun bir \u015fekilde \u00e7al\u0131\u015f\u0131yor. Okullar\u0131m\u0131z tatil oldu ama buna ra\u011fmen yollar\u0131n a\u00e7\u0131k olmas\u0131, vatanda\u015flar\u0131m\u0131z\u0131n gidip gelmesi, ambulans, itfaiye gibi ara\u00e7lar\u0131n gidip gelmesi i\u00e7in \u00e7al\u0131\u015f\u0131yoruz. \u015eunda kapal\u0131 yolumuz yok. Arkada\u015flar\u0131m\u0131zda 2 vardiya \u015fekline \u00e7al\u0131\u015fmaya devam ederek, makine ve ekipmanlar\u0131m\u0131z\u0131 o b\u00f6lgelerde seferber etmi\u015f durumday\u0131z. Berekettir ve \u015fehrimizde kar ya\u011f\u0131\u015f\u0131 devam ediyor. Bizde kapanma noktas\u0131na gelen t\u00fcm yollar\u0131m\u0131z\u0131 arkada\u015flar\u0131m\u0131z ile a\u00e7m\u0131\u015f oluyoruz\u201d dedi.<\/p>\n","protected":false},"excerpt":{"rendered":"<p>\u0130NEG\u00d6L BELED\u0130YE EK\u0130PLER\u0130 KARLA KAPLI YOLLARI A\u00c7IYOR<\/p>\n","protected":false},"author":1,"featured_media":258447,"comment_status":"closed","ping_status":"open","sticky":false,"template":"","format":"standard","meta":{"jetpack_post_was_ever_published":false,"_jetpack_newsletter_access":"","_jetpack_dont_email_post_to_subs":false,"_jetpack_newsletter_tier_id":0,"_jetpack_memberships_contains_paywalled_content":false,"_jetpack_memberships_contains_paid_content":false,"footnotes":"","jetpack_publicize_message":"","jetpack_publicize_feature_enabled":true,"jetpack_social_post_already_shared":true,"jetpack_social_options":{"image_generator_settings":{"template":"highway","default_image_id":0,"font":"","enabled":false},"version":2}},"categories":[1],"tags":[1274,9996,766,2381,902,2022,313],"class_list":["post-258446","post","type-post","status-publish","format-standard","has-post-thumbnail","hentry","category-genel","tag-kalan","tag-karda","tag-kurtarildi","tag-mahsur","tag-saat","tag-sonra","tag-surucu"],"jetpack_publicize_connections":[],"jetpack_featured_media_url":"https:\/\/i0.wp.com\/www.tvturk.com\/wp-content\/uploads\/2020\/01\/karda-mahsur-kalan-surucu-8-saat-sonra-kurtarildi_8a4a869.jpg?fit=1000%2C750","jetpack_sharing_enabled":true,"jetpack_shortlink":"https:\/\/wp.me\/paKIfm-15eu","_links":{"self":[{"href":"http:\/\/www.tvturk.com\/index.php\/wp-json\/wp\/v2\/posts\/258446","targetHints":{"allow":["GET"]}}],"collection":[{"href":"http:\/\/www.tvturk.com\/index.php\/wp-json\/wp\/v2\/posts"}],"about":[{"href":"http:\/\/www.tvturk.com\/index.php\/wp-json\/wp\/v2\/types\/post"}],"author":[{"embeddable":true,"href":"http:\/\/www.tvturk.com\/index.php\/wp-json\/wp\/v2\/users\/1"}],"replies":[{"embeddable":true,"href":"http:\/\/www.tvturk.com\/index.php\/wp-json\/wp\/v2\/comments?post=258446"}],"version-history":[{"count":0,"href":"http:\/\/www.tvturk.com\/index.php\/wp-json\/wp\/v2\/posts\/258446\/revisions"}],"wp:featuredmedia":[{"embeddable":true,"href":"http:\/\/www.tvturk.com\/index.php\/wp-json\/wp\/v2\/media\/258447"}],"wp:attachment":[{"href":"http:\/\/www.tvturk.com\/index.php\/wp-json\/wp\/v2\/media?parent=258446"}],"wp:term":[{"taxonomy":"category","embeddable":true,"href":"http:\/\/www.tvturk.com\/index.php\/wp-json\/wp\/v2\/categories?post=258446"},{"taxonomy":"post_tag","embeddable":true,"href":"http:\/\/www.tvturk.com\/index.php\/wp-json\/wp\/v2\/tags?post=258446"}],"curies":[{"name":"wp","href":"https:\/\/api.w.org\/{rel}","templated":true}]}}