{"id":258472,"date":"2020-01-21T16:31:43","date_gmt":"2020-01-21T13:31:43","guid":{"rendered":"http:\/\/www.tvturk.com\/index.php\/yeni-nesil-teknolojik-mobilyalar-hayatimiza-giriyor\/"},"modified":"2020-01-21T16:31:43","modified_gmt":"2020-01-21T13:31:43","slug":"yeni-nesil-teknolojik-mobilyalar-hayatimiza-giriyor","status":"publish","type":"post","link":"http:\/\/www.tvturk.com\/index.php\/yeni-nesil-teknolojik-mobilyalar-hayatimiza-giriyor\/","title":{"rendered":"Yeni nesil teknolojik mobilyalar hayat\u0131m\u0131za giriyor"},"content":{"rendered":"<p>Mobilya sekt\u00f6r\u00fc yenilik\u00e7i teknolojik \u00fcr\u00fcnler ile gen\u00e7lerin sevdi\u011fi, ya\u015fl\u0131lar\u0131n rahat etti\u011fi tasar\u0131mlara odaklan\u0131yor.<\/p>\n<p>Yeni nesil teknolojik mobilya tasar\u0131mlar\u0131 \u0130stanbul Mobilya Show\u2019da sergilendi. 2020 y\u0131l\u0131nda trendleri aras\u0131nda mavi, mobilyalarda en \u00e7ok kullan\u0131lan renk olarak dikkat \u00e7ekiyor. \u00d6zellikle ilkbahar ve yaz mevsiminde kullan\u0131lan so\u011futucu kuma\u015ftan yap\u0131lan yatak da ilgi oda\u011f\u0131 oldu. D\u00fczenlenen fuarda yaz mevsiminde rahat uykuyu sa\u011flamak amac\u0131yla \u00fcretilen so\u011futucu etkili yataklar d\u0131\u015f\u0131nda kendinden hoparl\u00f6rl\u00fc koltuk tak\u0131mlar\u0131 ve tasar\u0131m a\u00e7\u0131s\u0131ndan pratik ve kolay kullan\u0131m sunan mobilyalar dikkat \u00e7ekti.<\/p>\n<p>Fuarda yenilik\u00e7i mobilya konseptlerini sergileyen firman\u0131n Y\u00f6netim Kurulu Ba\u015fkan\u0131 Davut Do\u011fan, sekt\u00f6r\u00fcn 2019 y\u0131l\u0131n\u0131 beklenenin alt\u0131nda kapatt\u0131\u011f\u0131n\u0131 ancak yeni y\u0131lda pozitif ivme almas\u0131n\u0131 \u00f6ng\u00f6rd\u00fc\u011f\u00fcn\u00fc s\u00f6yledi. Do\u011fan, yapt\u0131\u011f\u0131 a\u00e7\u0131klamada 2019 y\u0131l\u0131nda sekt\u00f6rde istedikleri b\u00fcy\u00fcmeyi sa\u011flayamad\u0131klar\u0131n\u0131 vurgulayarak, &#8220;Tek haneli de olsa bir k\u00fc\u00e7\u00fclme bekliyoruz. Ancak 2020 y\u0131l\u0131ndan \u00e7ok umutluyuz. \u00d6zellikle mobilya sekt\u00f6r\u00fcndeki KDV indirimi y\u00fczde 8\u2019e indirilmesi bizi \u00e7ok mutlu etti. T\u00fcrkiye mobilya sekt\u00f6r\u00fcnde haks\u0131z rekabetin \u00e7ok fazla oluyordu. B\u00f6ylece bu durumun \u00f6nlenmesi daha kolay olacak. Bu sebeple daha fazla bir b\u00fcy\u00fcme bekliyoruz. Ayn\u0131 zamanda ihracattaki b\u00fcy\u00fcmemiz de artacak&#8221; diye konu\u015ftu.<\/p>\n<p>Firman\u0131n \u0130cra Kurulu Ba\u015fkan\u0131 \u0130smail Do\u011fan da, mobilyada yapt\u0131klar\u0131 b\u00fct\u00fcn \u00fcr\u00fcnlerde d\u00fcnya trendlerini \u00e7ok yak\u0131ndan takip ettiklerini s\u00f6yleyerek, &#8220;D\u00fcnya trendleriyle beraber nerelerde yenilik olu\u015fturabiliriz. Gen\u00e7 nesillere ve ya\u015flanan n\u00fcfusa yard\u0131m ediyoruz. Hayatlar\u0131n\u0131 kolayla\u015ft\u0131ran \u00fcr\u00fcnler yap\u0131yoruz. Tasar\u0131m ekibimiz bu y\u00f6nde etkili \u00e7al\u0131\u015fmalar ortaya koydu. \u00d6rne\u011fin yaz aylar\u0131nda daha rahat uyumay\u0131 sa\u011flayan bir yatak bulunuyor. S\u0131cak mevsimlere sahip \u00fclkelerde genellikle bu t\u00fcr yataklar uygun. \u00c7ok kullan\u0131\u015fl\u0131 ve rahat koltuklar tasarlad\u0131k. \u0130nsanlar\u0131n hayatlar\u0131n\u0131 kolayla\u015ft\u0131racak \u00fcr\u00fcnler tasarlamaya \u00e7al\u0131\u015f\u0131yoruz. 2020 y\u0131l\u0131n\u0131n trend renklerinden olan mavi rengi \u00f6ne \u00e7\u0131k\u0131yor. Bizde yeni \u00fcr\u00fcnlerimizde kullan\u0131yoruz. Teknolojik \u00fcr\u00fcnlere de olduk\u00e7a \u00f6nem veriyoruz&#8221; dedi.<\/p>\n","protected":false},"excerpt":{"rendered":"<p>\u0130STANBUL MOB\u0130LYA SHOW&#8217;DA YEN\u0130 NES\u0130L TEKNOLOJ\u0130K \u00dcR\u00dcNLER D\u00dcZENLENEN SERG\u0130LEND\u0130. 2020 YILINDA TRENDLER\u0130 ARASINDA PARLAMENT MAV\u0130S\u0130 MOB\u0130LYALARDA EN \u00c7OK KULLANILAN RENK OLARAK D\u0130KKAT \u00c7EK\u0130YOR. \u00d6ZELL\u0130KLE \u0130LKBAHAR VE YAZ MEVS\u0130M\u0130NDE KULLANILAN SO\u011eUTUCU KUMA\u015eTAN YAPILAN YATAK DA \u0130LG\u0130 ODA\u011eI OLDU.<\/p>\n","protected":false},"author":1,"featured_media":258473,"comment_status":"closed","ping_status":"open","sticky":false,"template":"","format":"standard","meta":{"jetpack_post_was_ever_published":false,"_jetpack_newsletter_access":"","_jetpack_dont_email_post_to_subs":false,"_jetpack_newsletter_tier_id":0,"_jetpack_memberships_contains_paywalled_content":false,"_jetpack_memberships_contains_paid_content":false,"footnotes":"","jetpack_publicize_message":"","jetpack_publicize_feature_enabled":true,"jetpack_social_post_already_shared":true,"jetpack_social_options":{"image_generator_settings":{"template":"highway","default_image_id":0,"font":"","enabled":false},"version":2}},"categories":[19],"tags":[6386,51556,63823,390,15901,87],"class_list":["post-258472","post","type-post","status-publish","format-standard","has-post-thumbnail","hentry","category-ekonomi","tag-giriyor","tag-hayatimiza","tag-mobilyalar","tag-nesil","tag-teknolojik","tag-yeni"],"jetpack_publicize_connections":[],"jetpack_featured_media_url":"https:\/\/i0.wp.com\/www.tvturk.com\/wp-content\/uploads\/2020\/01\/yeni-nesil-teknolojik-mobilyalar-hayatimiza-giriyor_f983524.jpg?fit=1000%2C667","jetpack_sharing_enabled":true,"jetpack_shortlink":"https:\/\/wp.me\/paKIfm-15eU","_links":{"self":[{"href":"http:\/\/www.tvturk.com\/index.php\/wp-json\/wp\/v2\/posts\/258472","targetHints":{"allow":["GET"]}}],"collection":[{"href":"http:\/\/www.tvturk.com\/index.php\/wp-json\/wp\/v2\/posts"}],"about":[{"href":"http:\/\/www.tvturk.com\/index.php\/wp-json\/wp\/v2\/types\/post"}],"author":[{"embeddable":true,"href":"http:\/\/www.tvturk.com\/index.php\/wp-json\/wp\/v2\/users\/1"}],"replies":[{"embeddable":true,"href":"http:\/\/www.tvturk.com\/index.php\/wp-json\/wp\/v2\/comments?post=258472"}],"version-history":[{"count":0,"href":"http:\/\/www.tvturk.com\/index.php\/wp-json\/wp\/v2\/posts\/258472\/revisions"}],"wp:featuredmedia":[{"embeddable":true,"href":"http:\/\/www.tvturk.com\/index.php\/wp-json\/wp\/v2\/media\/258473"}],"wp:attachment":[{"href":"http:\/\/www.tvturk.com\/index.php\/wp-json\/wp\/v2\/media?parent=258472"}],"wp:term":[{"taxonomy":"category","embeddable":true,"href":"http:\/\/www.tvturk.com\/index.php\/wp-json\/wp\/v2\/categories?post=258472"},{"taxonomy":"post_tag","embeddable":true,"href":"http:\/\/www.tvturk.com\/index.php\/wp-json\/wp\/v2\/tags?post=258472"}],"curies":[{"name":"wp","href":"https:\/\/api.w.org\/{rel}","templated":true}]}}