{"id":258502,"date":"2020-01-21T17:17:19","date_gmt":"2020-01-21T14:17:19","guid":{"rendered":"http:\/\/www.tvturk.com\/index.php\/akhisar-akhisarspor-icin-kenetlendi\/"},"modified":"2020-01-21T17:17:19","modified_gmt":"2020-01-21T14:17:19","slug":"akhisar-akhisarspor-icin-kenetlendi","status":"publish","type":"post","link":"http:\/\/www.tvturk.com\/index.php\/akhisar-akhisarspor-icin-kenetlendi\/","title":{"rendered":"Akhisar, Akhisarspor i\u00e7in kenetlendi"},"content":{"rendered":"<p>TFF 1. Lig\u2019de \u015fampiyonluk m\u00fccadelesi veren Akhisarspor, cuma g\u00fcn\u00fc saha ve seyircisi \u00f6n\u00fcnde oynayaca\u011f\u0131 Bursaspor ma\u00e7\u0131n\u0131n haz\u0131rl\u0131klar\u0131n\u0131 Y\u0131lmaz Atabarut tesislerinde yapt\u0131\u011f\u0131 antrenmanla s\u00fcrd\u00fcrd\u00fc.<\/p>\n<p>Antrenman \u00f6ncesi AK Parti Manisa Milletvekili U\u011fur Aydemir, CHP Manisa Milletvekili A. Vehbi Bak\u0131rl\u0131o\u011flu, Akhisar Kaymakam\u0131 Sabit Kaya, Belediye Ba\u015fkan\u0131 Ecz. Besim Dutlulu, Ba\u015fkan Yard\u0131mc\u0131lar\u0131 Ahmet T\u0131nazl\u0131, Ekrem Kayserili, CHP \u0130l\u00e7e Ba\u015fkan\u0131 Umut \u00c7avu\u015f, ATSO Ba\u015fkan\u0131 Dr. Mehmet Ulusoy, Meclis Ba\u015fkan\u0131 Feride Sakarya, OSB Ba\u015fkan\u0131 Ali \u00c7\u0131narl\u0131, Akhisarspor Ba\u015fkan\u0131 Fatih Karabulut ve Teknik Direkt\u00f6r Mehmet Alt\u0131parmak\u2019a ba\u015far\u0131lar dilerken, futbolculara da tatl\u0131 ikram\u0131nda bulundu.<\/p>\n<p>Aydemir: &#8220;Bir b\u00fct\u00fcn halindeyiz&#8221;<\/p>\n<p>Akhisarspor ziyaretinde konu\u015fan AK Parti Manisa Milletvekili U\u011fur Aydemir, &#8220;Akhisar\u2019\u0131m\u0131z\u0131n birlik ve beraberlik i\u00e7erisinde tam tak\u0131m yanlar\u0131nda oldu\u011fumuzu b\u00fct\u00fcn Akhisar\u2019a, t\u00fcm \u00fclkeye g\u00f6stermek istedik. Tak\u0131m\u0131m\u0131z\u0131n ger\u00e7ekten m\u00fccadelesi \u00fcst seviyede oldu\u011funu biliyoruz. Kendilerini takdir ediyoruz. Bir k\u0131smetsizlik var, gol atam\u0131yoruz. 3 puana hasret kald\u0131k. Futbolcular\u0131m\u0131za yanlar\u0131nda oldu\u011fumuzu g\u00f6stermek i\u00e7in, hocam\u0131za yan\u0131nda oldu\u011fumuzu g\u00f6stermek i\u00e7in kaymakam bey, milletvekillerimizle beraber, belediye ba\u015fkan\u0131m\u0131zla, sivil toplum \u00f6rg\u00fctlerimizle beraber tek v\u00fccut oldu\u011fumuzu bir kez daha herkese g\u00f6stermek istedik. Futbolcular\u0131m\u0131z\u0131n moral ve motivasyonu her \u015feyden \u00f6nemli bizim i\u00e7in. Onlar\u0131n morallerini y\u00fcksek tutmak istiyoruz. Allah\u2019\u0131n izniyle sezon sonu hep birlikte hedeflerimize ula\u015fmak i\u00e7in elimizden geleni yapaca\u011f\u0131z. Akhisar olarak b\u00fct\u00fcn halinde birlikteyiz. Bundan sonraki haftalarda in\u015fallah puanlar\u0131 al\u0131r\u0131z\u201d dedi.<\/p>\n<p>Bak\u0131rl\u0131o\u011flu: &#8220;G\u00fcvenimiz tam&#8221;<\/p>\n<p>CHP Manisa Milletvekili A. Vehbi Bak\u0131rl\u0131o\u011flu da duygular\u0131n\u0131 \u015fu s\u00f6zlerle aktard\u0131:<\/p>\n<p>&#8220;Hepimiz buraday\u0131z. Akhisarspor, Akhisar\u2019\u0131m\u0131z\u0131n marka de\u011ferlerinden bir tanesi. Uzun y\u0131llar S\u00fcper Lig\u2019de m\u00fccadele etti. \u015eu anda 1. Lig\u2019de m\u00fccadele etmekte. Konum itibariyle istedi\u011fimiz yerde de\u011fil. Bu tak\u0131m\u0131n teknik kadrosuyla beraber, futbolcular\u0131yla beraber daha iyi yerlerde olaca\u011f\u0131na inan\u0131yoruz. \u0130n\u015fallah bu birlik ve beraberlik i\u00e7erisinde sezon sununda hedefledi\u011fimiz yere ula\u015faca\u011f\u0131z ve seneye hak etti\u011fimiz yerde, S\u00fcper Lig\u2019de m\u00fccadele edece\u011fimize y\u00fcrekten inan\u0131yoruz. Hocam\u0131za, teknik kadromuza ve futbolculara g\u00fcvenimiz tam. \u00c7ok tecr\u00fcbeli tak\u0131m\u0131m\u0131z var.&#8221;<\/p>\n<p>Akhisar Kaymakam\u0131 Sabit Kaya da kul\u00fcbe manevi destek vermek ad\u0131na topland\u0131klar\u0131n\u0131 belirterek, Akhisarspor\u2019a ba\u015far\u0131lar diledi.<\/p>\n<p>Dutlulu: &#8220;Bu tak\u0131m bunu ba\u015faracak&#8221;<\/p>\n<p>Tak\u0131ma olan g\u00fcveninin tam oldu\u011funu dile getiren Belediye Ba\u015fkan\u0131 Besim Dutlulu, &#8220;Akhisarspor\u2019un istedi\u011fi zaman yapamayaca\u011f\u0131 bir \u015fey yok. Hocam\u0131za g\u00fcveniyoruz, tak\u0131m\u0131m\u0131za g\u00fcveniyoruz, y\u00f6netimimize g\u00fcveniyoruz. G\u00fczel g\u00fcnler ge\u00e7irece\u011fiz hep beraber. Hocam\u0131z bu ligin en iyi hocalar\u0131ndan biri. Oyuncular\u0131m\u0131z bu ligin \u00fcst\u00fcnde oyuncular. Ayn\u0131 \u015fekilde y\u00f6netimimiz de kenetlendi. Burada milletvekillerimiz, kaymakam\u0131m\u0131z t\u00fcm sivil toplum \u00f6rg\u00fctlerimiz var. Biz Akhisar i\u00e7in bir araday\u0131z. Her zaman b\u00f6yle devam edece\u011fiz. Ben inan\u0131yorum, bu tak\u0131m bunu ba\u015faracak. Akhisarspor ve Akhisarspor taraftarlar\u0131n\u0131n her zaman yan\u0131nda olduk, deste\u011fimiz devam ediyor ve t\u00fcm taraftarlar\u0131 bu hafta oynanacak kritik kar\u015f\u0131la\u015fma i\u00e7in trib\u00fcnlere bekliyoruz&#8221; diye konu\u015ftu.<\/p>\n<p>Alt\u0131parmak: &#8220;\u0130yi ma\u00e7lar oynuyoruz, gol atam\u0131yoruz&#8221;<\/p>\n<p>&#8220;Cuma g\u00fcn\u00fc Bursaspor m\u00fcsabakas\u0131nda mutlak galip gelmek istiyoruz&#8221; diyen Teknik Direkt\u00f6r Mehmet Alt\u0131parmak ise \u015funlar\u0131 s\u00f6yledi:<\/p>\n<p>&#8220;Puan tablosunda herkes hemen hemen ayn\u0131 hizada. Zaten 5-6 tane tak\u0131m \u015fampiyonlu\u011fa oynayan tak\u0131mlar. Sezon sonuna kadar da bu tak\u0131mlar ayn\u0131 yar\u0131\u015f\u0131n i\u00e7inde olacaklar. Devre aras\u0131nda transfer yapanlar var. \u00c7ok transfer yapanlar oldu. Biz tabii transfer yapmak i\u00e7in \u00e7ok u\u011fra\u015ft\u0131k. Hala bekliyoruz, belirledi\u011fimiz oyuncular vard\u0131. Ama sorun yok, zaten \u015fampiyonluk i\u00e7in kurulmu\u015f bir kadro var. \u0130yi de oyuncular\u0131m\u0131z var ama bizim de art\u0131k bir galibiyete ihtiyac\u0131m\u0131z var. Ger\u00e7ekten \u00e7ok iyi ma\u00e7lar oynuyoruz, gol atam\u0131yoruz; k\u00f6t\u00fc oynuyoruz, \u00e7ok pozisyona giriyoruz. Ligin ilk yar\u0131da en \u00e7ok pozisyona giren tak\u0131m\u0131y\u0131z ama pozisyonlar\u0131 gole \u00e7evirmekte s\u0131k\u0131nt\u0131 ya\u015f\u0131yoruz. Onun \u00fczerine \u00e7ok \u00e7al\u0131\u015f\u0131yoruz. Futbol b\u00f6yle bir \u015fey, \u00e7ok pozisyona girersin, bazen de tek pozisyonla ma\u00e7\u0131 kazan\u0131rs\u0131n. Bizim tak\u0131m olarak art\u0131k bir galibiyete ihtiyac\u0131m\u0131z var. \u0130n\u015fallah bu galibiyeti de Bursaspor ma\u00e7\u0131 ile al\u0131p hem taraftar\u0131m\u0131z\u0131n \u00f6n\u00fcnde serimizi devam ettirmek istiyoruz hem de moral motivasyon \u00fcst d\u00fczeye \u00e7ekmek istiyoruz. Bug\u00fcn vekillerimiz, belediye ba\u015fkan\u0131m\u0131z, kaymakam\u0131m\u0131z herkes buradayd\u0131. Bu da bizi \u00e7ok sevindirdi. Biz Akhisar olarak bu birlik ve beraberli\u011fi zaten sa\u011flam\u0131\u015ft\u0131k, bunu burada g\u00f6rmek bizi \u00e7ok memnun etti. Art\u0131k bundan sonra daha fazla \u00e7al\u0131\u015faca\u011f\u0131z, daha fazla \u00fcretece\u011fiz. 16 tane final ma\u00e7\u0131m\u0131z var. Hepsi birbirinden \u00f6nemli; birincisi Bursaspor ma\u00e7\u0131, b\u00fct\u00fcn tak\u0131m olarak o ma\u00e7a kenetlendik. \u0130n\u015fallah Cuma g\u00fcn\u00fc Bursaspor ma\u00e7\u0131n\u0131 kazan\u0131p 4 haftad\u0131r olmayan galibiyet serisine, hem de bu kadar pozisyona girip gol atamam\u0131za son verece\u011fiz. Biz sahaya 11 ki\u015fi \u00e7\u0131kt\u0131\u011f\u0131m\u0131z s\u00fcrece problem yok ama Taha ve U\u011fur\u2019un sakatl\u0131klar\u0131 vard\u0131. Yeni yeni \u00e7al\u0131\u015fmalara ba\u015flad\u0131. Vrsajevic cezas\u0131 var, onun d\u0131\u015f\u0131nda eksi\u011fimiz yok.&#8221;<\/p>\n","protected":false},"excerpt":{"rendered":"<p>TFF 1. L\u0130G&#8217;DE \u015eAMP\u0130YONLUK M\u00dcCADELES\u0130 VEREN AKH\u0130SARSPOR, CUMA G\u00dcN\u00dc KEND\u0130 SDAHA VE SEY\u0130RC\u0130S\u0130 \u00d6N\u00dcNDE OYNAYACA\u011eI BURSASPOR HAZIRLIKLARIN YILMAZ ATABARUT TES\u0130SLER\u0130NDE YAPTI\u011eI ANTRENMANLA S\u00dcRD\u00dcRD\u00dc.<\/p>\n","protected":false},"author":1,"featured_media":258503,"comment_status":"closed","ping_status":"open","sticky":false,"template":"","format":"standard","meta":{"jetpack_post_was_ever_published":false,"_jetpack_newsletter_access":"","_jetpack_dont_email_post_to_subs":false,"_jetpack_newsletter_tier_id":0,"_jetpack_memberships_contains_paywalled_content":false,"_jetpack_memberships_contains_paid_content":false,"footnotes":"","jetpack_publicize_message":"","jetpack_publicize_feature_enabled":true,"jetpack_social_post_already_shared":true,"jetpack_social_options":{"image_generator_settings":{"template":"highway","default_image_id":0,"font":"","enabled":false},"version":2}},"categories":[657],"tags":[5415,1284,44,20682],"class_list":["post-258502","post","type-post","status-publish","format-standard","has-post-thumbnail","hentry","category-spor","tag-akhisar","tag-akhisarspor","tag-icin","tag-kenetlendi"],"jetpack_publicize_connections":[],"jetpack_featured_media_url":"https:\/\/i0.wp.com\/www.tvturk.com\/wp-content\/uploads\/2020\/01\/akhisar-akhisarspor-icin-kenetlendi_ebc056e.jpg?fit=1000%2C668","jetpack_sharing_enabled":true,"jetpack_shortlink":"https:\/\/wp.me\/paKIfm-15fo","_links":{"self":[{"href":"http:\/\/www.tvturk.com\/index.php\/wp-json\/wp\/v2\/posts\/258502","targetHints":{"allow":["GET"]}}],"collection":[{"href":"http:\/\/www.tvturk.com\/index.php\/wp-json\/wp\/v2\/posts"}],"about":[{"href":"http:\/\/www.tvturk.com\/index.php\/wp-json\/wp\/v2\/types\/post"}],"author":[{"embeddable":true,"href":"http:\/\/www.tvturk.com\/index.php\/wp-json\/wp\/v2\/users\/1"}],"replies":[{"embeddable":true,"href":"http:\/\/www.tvturk.com\/index.php\/wp-json\/wp\/v2\/comments?post=258502"}],"version-history":[{"count":0,"href":"http:\/\/www.tvturk.com\/index.php\/wp-json\/wp\/v2\/posts\/258502\/revisions"}],"wp:featuredmedia":[{"embeddable":true,"href":"http:\/\/www.tvturk.com\/index.php\/wp-json\/wp\/v2\/media\/258503"}],"wp:attachment":[{"href":"http:\/\/www.tvturk.com\/index.php\/wp-json\/wp\/v2\/media?parent=258502"}],"wp:term":[{"taxonomy":"category","embeddable":true,"href":"http:\/\/www.tvturk.com\/index.php\/wp-json\/wp\/v2\/categories?post=258502"},{"taxonomy":"post_tag","embeddable":true,"href":"http:\/\/www.tvturk.com\/index.php\/wp-json\/wp\/v2\/tags?post=258502"}],"curies":[{"name":"wp","href":"https:\/\/api.w.org\/{rel}","templated":true}]}}