{"id":258518,"date":"2020-01-21T18:01:59","date_gmt":"2020-01-21T15:01:59","guid":{"rendered":"http:\/\/www.tvturk.com\/index.php\/tel-abyad-ve-resulaynda-cocuklar-usumeyecek\/"},"modified":"2020-01-21T18:01:59","modified_gmt":"2020-01-21T15:01:59","slug":"tel-abyad-ve-resulaynda-cocuklar-usumeyecek","status":"publish","type":"post","link":"http:\/\/www.tvturk.com\/index.php\/tel-abyad-ve-resulaynda-cocuklar-usumeyecek\/","title":{"rendered":"Tel Abyad ve Resulayn\u2019da \u00e7ocuklar \u00fc\u015f\u00fcmeyecek"},"content":{"rendered":"<p>\u015eanl\u0131urfa Valisi Abdullah Erin\u2019in, Bar\u0131\u015f P\u0131nar\u0131 b\u00f6lgesindeki okullar\u0131n soba ve yak\u0131t ihtiya\u00e7lar\u0131n\u0131n temini i\u00e7in sivil toplum kurulu\u015flar\u0131na yapt\u0131\u011f\u0131 \u00e7a\u011fr\u0131 b\u00fcy\u00fck yank\u0131 buldu. B\u00f6lge halk\u0131n\u0131n her t\u00fcrl\u00fc ihtiyac\u0131nda seferber olan sivil toplum kurulu\u015flar\u0131, Vali Erin\u2019in \u00e7a\u011fr\u0131s\u0131 \u00fczerine t\u00fcm okullar\u0131 s\u0131cac\u0131k yapmak i\u00e7in harekete ge\u00e7ti.<\/p>\n<p>Bar\u0131\u015f P\u0131nar\u0131 Harekat\u0131 ile T\u00fcrkiye\u2019nin kontrol\u00fcne ge\u00e7tikten sonra hayat\u0131n h\u0131zla normale d\u00f6nmeye ba\u015flad\u0131\u011f\u0131 Tel Abyad ve Resulayn\u2019da onar\u0131lan ve Suriyeli \u00f6\u011fretmenlerin g\u00f6revlendirildi\u011fi okullarda s\u0131n\u0131flar dolmaya ba\u015flarken, \u00e7ocuklar\u0131n s\u0131cak ortamda ders yapabilmesi i\u00e7in de destekler devam ediyor. \u015eanl\u0131urfa Valili\u011fi Suriye Destek ve Koordinasyon Merkezi (SUDKOM) koordinesinde, sivil toplum kurulu\u015flar\u0131 ve vak\u0131flar taraf\u0131ndan temin edilen y\u00fczlerce mazot sobas\u0131, okullara da\u011f\u0131t\u0131ld\u0131.<\/p>\n<p>Ge\u00e7ti\u011fimiz g\u00fcnlerde \u0130HH, \u015eanl\u0131urfa \u0130nsani Yard\u0131m Platformu, ATAA Derne\u011fi, T\u00fcrkiye Diyanet Vakf\u0131 ve \u00e7ok say\u0131da farkl\u0131 sivil toplum kurulu\u015fu b\u00f6lgedeki okullara soba ve yak\u0131t deste\u011finde bulunurken, d\u00fcn de Molham Derne\u011fince temin edilen 100 soba ve 5 bin 500 litre mazot, Resulayn\u2019daki okullarda kullan\u0131lmak \u00fczere teslim edildi.<\/p>\n","protected":false},"excerpt":{"rendered":"<p>\u015eANLIURFA VAL\u0130S\u0130 ABDULLAH ER\u0130N\u2019\u0130N, BARI\u015e PINARI B\u00d6LGES\u0130NDEK\u0130 OKULLARIN SOBA VE YAKIT \u0130HT\u0130YA\u00c7LARININ TEM\u0130N\u0130 \u0130\u00c7\u0130N S\u0130V\u0130L TOPLUM KURULU\u015eLARINA YAPTI\u011eI \u00c7A\u011eRI B\u00dcY\u00dcK YANKI BULDU. B\u00d6LGE HALKININ HER T\u00dcRL\u00dc \u0130HT\u0130YACINDA SEFERBER OLAN S\u0130V\u0130L TOPLUM KURULU\u015eLARI, VAL\u0130 ER\u0130N\u2019\u0130N \u00c7A\u011eRISI \u00dcZER\u0130NE T\u00dcM OKULLARI SICACIK YAPMAK \u0130\u00c7\u0130N HAREKETE GE\u00c7T\u0130.<\/p>\n","protected":false},"author":1,"featured_media":258519,"comment_status":"closed","ping_status":"open","sticky":false,"template":"","format":"standard","meta":{"jetpack_post_was_ever_published":false,"_jetpack_newsletter_access":"","_jetpack_dont_email_post_to_subs":false,"_jetpack_newsletter_tier_id":0,"_jetpack_memberships_contains_paywalled_content":false,"_jetpack_memberships_contains_paid_content":false,"footnotes":"","jetpack_publicize_message":"","jetpack_publicize_feature_enabled":true,"jetpack_social_post_already_shared":true,"jetpack_social_options":{"image_generator_settings":{"template":"highway","default_image_id":0,"font":"","enabled":false},"version":2}},"categories":[1],"tags":[54004,252,54120,1236,62936],"class_list":["post-258518","post","type-post","status-publish","format-standard","has-post-thumbnail","hentry","category-genel","tag-abyad","tag-cocuklar","tag-resulaynda","tag-tel","tag-usumeyecek"],"jetpack_publicize_connections":[],"jetpack_featured_media_url":"https:\/\/i0.wp.com\/www.tvturk.com\/wp-content\/uploads\/2020\/01\/tel-abyad-ve-resulaynda-cocuklar-usumeyecek_2513d5f.jpg?fit=1000%2C667","jetpack_sharing_enabled":true,"jetpack_shortlink":"https:\/\/wp.me\/paKIfm-15fE","_links":{"self":[{"href":"http:\/\/www.tvturk.com\/index.php\/wp-json\/wp\/v2\/posts\/258518","targetHints":{"allow":["GET"]}}],"collection":[{"href":"http:\/\/www.tvturk.com\/index.php\/wp-json\/wp\/v2\/posts"}],"about":[{"href":"http:\/\/www.tvturk.com\/index.php\/wp-json\/wp\/v2\/types\/post"}],"author":[{"embeddable":true,"href":"http:\/\/www.tvturk.com\/index.php\/wp-json\/wp\/v2\/users\/1"}],"replies":[{"embeddable":true,"href":"http:\/\/www.tvturk.com\/index.php\/wp-json\/wp\/v2\/comments?post=258518"}],"version-history":[{"count":0,"href":"http:\/\/www.tvturk.com\/index.php\/wp-json\/wp\/v2\/posts\/258518\/revisions"}],"wp:featuredmedia":[{"embeddable":true,"href":"http:\/\/www.tvturk.com\/index.php\/wp-json\/wp\/v2\/media\/258519"}],"wp:attachment":[{"href":"http:\/\/www.tvturk.com\/index.php\/wp-json\/wp\/v2\/media?parent=258518"}],"wp:term":[{"taxonomy":"category","embeddable":true,"href":"http:\/\/www.tvturk.com\/index.php\/wp-json\/wp\/v2\/categories?post=258518"},{"taxonomy":"post_tag","embeddable":true,"href":"http:\/\/www.tvturk.com\/index.php\/wp-json\/wp\/v2\/tags?post=258518"}],"curies":[{"name":"wp","href":"https:\/\/api.w.org\/{rel}","templated":true}]}}