{"id":258556,"date":"2020-01-21T19:31:36","date_gmt":"2020-01-21T16:31:36","guid":{"rendered":"http:\/\/www.tvturk.com\/index.php\/ispanya-gloria-firtinasina-teslim\/"},"modified":"2020-01-21T19:31:36","modified_gmt":"2020-01-21T16:31:36","slug":"ispanya-gloria-firtinasina-teslim","status":"publish","type":"post","link":"http:\/\/www.tvturk.com\/index.php\/ispanya-gloria-firtinasina-teslim\/","title":{"rendered":"\u0130spanya Gloria F\u0131rt\u0131nas\u0131\u2019na teslim"},"content":{"rendered":"<p>\u0130spanya\u2019da 4 ki\u015finin \u00f6l\u00fcm\u00fcne neden olan Gloria F\u0131rt\u0131nas\u0131 yo\u011fun kar ya\u011f\u0131\u015f\u0131 ile birle\u015fince 5 kentte k\u0131rm\u0131z\u0131 alarm verildi.<\/p>\n<p>\u0130spanya\u2019n\u0131n do\u011fu k\u0131y\u0131lar\u0131 sert ge\u00e7en k\u0131\u015f mevsiminden olumsuz etkileniyor. Gloria F\u0131rt\u0131nas\u0131\u2019n\u0131n etkili oldu\u011fu \u00fclkenin do\u011fusunda kar ya\u011f\u0131\u015f\u0131 ve \u015fiddetli r\u00fczgar nedeniyle 4 ki\u015fi hayat\u0131n\u0131 kaybetti. Kar ya\u011f\u0131\u015f\u0131 \u00f6zellikle Katalonya b\u00f6lgesini vurdu. Katalonya b\u00f6lgesindeki 21 karayolundan 15\u2019inin tamamen kapand\u0131\u011f\u0131 bildirildi. AP-7 karayolunda 3 kamyonun kar\u0131\u015ft\u0131\u011f\u0131 kaza nedeniyle \u0130spanya ile Fransa aras\u0131ndaki yol tamamen trafi\u011fe kapand\u0131. Kaza yapan kamyonlardan birisinden 15 bin litre benzinin yola d\u00f6k\u00fcld\u00fc\u011f\u00fc, Fransa ile ba\u011flant\u0131 yolunun a\u00e7\u0131lmas\u0131n\u0131n bu nedenle uzad\u0131\u011f\u0131 bildirildi.<\/p>\n<p>Olumsuz hava \u015fartlar\u0131 nedeniyle u\u00e7ak seferlerinde aksamalar ya\u015fan\u0131rken, okullar da tatil edildi. Baz\u0131 b\u00f6lgelerde ise nehir ta\u015fk\u0131nlar\u0131na kar\u015f\u0131 haz\u0131rl\u0131kl\u0131 olunmas\u0131 konusunda uyar\u0131 yap\u0131ld\u0131. Valensiya ve Alicante kentlerinde \u015fiddetli ya\u011fmurlar heyelanlara, a\u011fa\u00e7lar\u0131n y\u0131k\u0131lmas\u0131na, su kanallar\u0131n\u0131n tahrip olmas\u0131na ve yollar\u0131n hasar g\u00f6rmesine neden oldu. \u0130spanya Tar\u0131m, Bal\u0131k\u00e7\u0131l\u0131k ve G\u0131da Bakanl\u0131\u011f\u0131 da iki kent i\u00e7in toplam 3 milyon euro tahsis etme karar\u0131 ald\u0131.<\/p>\n<p>&#8220;Tehlikenin hen\u00fcz 24 saati ge\u00e7ti, 36 saat daha var&#8221;<\/p>\n<p>Katalonya Sivil Savunma Direkt\u00f6r\u00fc Isabel Ferrer, d\u00fczenledi\u011fi bas\u0131n toplant\u0131s\u0131nda halk\u0131 devlet kurumlar\u0131n\u0131n uyar\u0131lar\u0131n\u0131 g\u00f6z \u00f6n\u00fcnde bulundurmaya \u00e7a\u011f\u0131rd\u0131. Ferrer, &#8220;Tehlikenin hen\u00fcz 24 saati ge\u00e7ti. 36 saat daha var&#8221; ifadelerini kulland\u0131.<\/p>\n<p>H\u00fck\u00fcmet S\u00f6zc\u00fcs\u00fc Maria Jesus Montero ise Gloria F\u0131rt\u0131nas\u0131\u2019n\u0131n neden oldu\u011fu y\u0131k\u0131m\u0131n fark\u0131nda olduklar\u0131n\u0131 dile getirerek, hayat\u0131n\u0131 kaybedenlerin ailelerine taziyelerini sundu.<\/p>\n<p>5 kentte k\u0131rm\u0131z\u0131 alarm<\/p>\n<p>Devlet Meteoroloji Ajans\u0131, 50 eyaletin 23\u2019\u00fcnde farkl\u0131 seviyelerde alarm verildi\u011fini a\u00e7\u0131klad\u0131. Teruel ve Castellon kentlerinde deniz f\u0131rt\u0131nas\u0131, Barcelona, Girona ve Tarragona kentlerinde ise kar f\u0131rt\u0131nas\u0131 nedeniyle k\u0131rm\u0131z\u0131 alarm verildi\u011fi belirtildi.<\/p>\n<p>\u00d6te yandan Girona kentinde 220 ki\u015finin elektrik kesintilerinden etkilendi\u011fi belirtildi.<\/p>\n","protected":false},"excerpt":{"rendered":"<p>\u0130SPANYA&#8217;DA 4 K\u0130\u015e\u0130N\u0130N \u00d6L\u00dcM\u00dcNE NEDEN OLAN GLOR\u0130A FIRTINASI YO\u011eUN KAR YA\u011eI\u015eI \u0130LE B\u0130RLE\u015e\u0130NCE 5 KENTTE KIRMIZI ALARM VER\u0130LD\u0130.<\/p>\n","protected":false},"author":1,"featured_media":258557,"comment_status":"closed","ping_status":"open","sticky":false,"template":"","format":"standard","meta":{"jetpack_post_was_ever_published":false,"_jetpack_newsletter_access":"","_jetpack_dont_email_post_to_subs":false,"_jetpack_newsletter_tier_id":0,"_jetpack_memberships_contains_paywalled_content":false,"_jetpack_memberships_contains_paid_content":false,"footnotes":"","jetpack_publicize_message":"","jetpack_publicize_feature_enabled":true,"jetpack_social_post_already_shared":true,"jetpack_social_options":{"image_generator_settings":{"template":"highway","default_image_id":0,"font":"","enabled":false},"version":2}},"categories":[10],"tags":[48727,25507,13435,169],"class_list":["post-258556","post","type-post","status-publish","format-standard","has-post-thumbnail","hentry","category-dunya","tag-firtinasina","tag-gloria","tag-ispanya","tag-teslim"],"jetpack_publicize_connections":[],"jetpack_featured_media_url":"https:\/\/i0.wp.com\/www.tvturk.com\/wp-content\/uploads\/2020\/01\/ispanya-gloria-firtinasina-teslim_07221af.jpg?fit=920%2C607","jetpack_sharing_enabled":true,"jetpack_shortlink":"https:\/\/wp.me\/paKIfm-15gg","_links":{"self":[{"href":"http:\/\/www.tvturk.com\/index.php\/wp-json\/wp\/v2\/posts\/258556","targetHints":{"allow":["GET"]}}],"collection":[{"href":"http:\/\/www.tvturk.com\/index.php\/wp-json\/wp\/v2\/posts"}],"about":[{"href":"http:\/\/www.tvturk.com\/index.php\/wp-json\/wp\/v2\/types\/post"}],"author":[{"embeddable":true,"href":"http:\/\/www.tvturk.com\/index.php\/wp-json\/wp\/v2\/users\/1"}],"replies":[{"embeddable":true,"href":"http:\/\/www.tvturk.com\/index.php\/wp-json\/wp\/v2\/comments?post=258556"}],"version-history":[{"count":0,"href":"http:\/\/www.tvturk.com\/index.php\/wp-json\/wp\/v2\/posts\/258556\/revisions"}],"wp:featuredmedia":[{"embeddable":true,"href":"http:\/\/www.tvturk.com\/index.php\/wp-json\/wp\/v2\/media\/258557"}],"wp:attachment":[{"href":"http:\/\/www.tvturk.com\/index.php\/wp-json\/wp\/v2\/media?parent=258556"}],"wp:term":[{"taxonomy":"category","embeddable":true,"href":"http:\/\/www.tvturk.com\/index.php\/wp-json\/wp\/v2\/categories?post=258556"},{"taxonomy":"post_tag","embeddable":true,"href":"http:\/\/www.tvturk.com\/index.php\/wp-json\/wp\/v2\/tags?post=258556"}],"curies":[{"name":"wp","href":"https:\/\/api.w.org\/{rel}","templated":true}]}}