{"id":258562,"date":"2020-01-21T19:33:16","date_gmt":"2020-01-21T16:33:16","guid":{"rendered":"http:\/\/www.tvturk.com\/index.php\/teknokentin-ilk-yonetim-kurulu-toplantisi-yapildi\/"},"modified":"2020-01-21T19:33:16","modified_gmt":"2020-01-21T16:33:16","slug":"teknokentin-ilk-yonetim-kurulu-toplantisi-yapildi","status":"publish","type":"post","link":"http:\/\/www.tvturk.com\/index.php\/teknokentin-ilk-yonetim-kurulu-toplantisi-yapildi\/","title":{"rendered":"Teknokentin \u0130lk Y\u00f6netim Kurulu Toplant\u0131s\u0131 yap\u0131ld\u0131"},"content":{"rendered":"<p>Recep Tayyip Erdo\u011fan \u00dcniversitesi Geli\u015ftirme Vakf\u0131, T\u00fcrk Alman \u00dcniversitesi ve T\u00fcrk Alman \u00dcniversitesi Destekleme Vakf\u0131 i\u015fbirli\u011finde kurulan Teknokentin ilk y\u00f6netim kurulu toplant\u0131s\u0131 yap\u0131ld\u0131.<\/p>\n<p>RTE\u00dc Geli\u015ftirme Vakf\u0131 M\u00fctevelli Heyet Ba\u015fkan\u0131 ve Teknokent Y\u00f6netim Kurulu Ba\u015fkan\u0131 Nusret Bayraktar\u2019\u0131n ba\u015fkanl\u0131\u011f\u0131nda yap\u0131lan toplant\u0131 T\u00fcrk Alman \u00dcniversitesinde ger\u00e7ekle\u015ftirildi.<\/p>\n<p>Toplant\u0131da, yap\u0131lacak Teknokentin mimari projeleri ve bundan sonraki s\u00fcre\u00e7te nas\u0131l bir yol izleyece\u011fi konular\u0131 konu\u015fuldu.<\/p>\n<p>Toplant\u0131ya y\u00f6netim kurulu \u00fcyeleri RTE\u00dc Rekt\u00f6r\u00fc ve Teknokent Y\u00f6netim Kurulu Ba\u015fkan Vekili Prof. Dr. H\u00fcseyin Karaman, T\u00fcrk Alman \u00dcniversitesi Destekleme Vakf\u0131 Ba\u015fkan\u0131 ve Teknokent Y\u00f6netim Kurulu Ba\u015fkan Vekili Do\u00e7. Dr. Nejat Aday, T\u00fcrk Alman \u00dcniversitesi Rekt\u00f6r\u00fc Prof. Dr. Halil Akkanat ve RTE\u00dc Geli\u015ftirme Vakf\u0131 M\u00fctevelli Heyet \u00dcyesi ve \u0130\u015f Adam\u0131 Hamdi Safi kat\u0131ld\u0131.<\/p>\n<p>Bu arada, \u00fclkemizin uluslararas\u0131 alanda rekabet g\u00fcc\u00fcn\u00fc art\u0131racak teknolojileri geli\u015ftirmesi ve bu teknolojileri \u00fcreten \u015firketlere, ara\u015ft\u0131rmac\u0131lara ve akademisyenlere modern alt ve \u00fcst yap\u0131 imk\u00e2nlar\u0131n\u0131 sunmak amac\u0131yla Recep Tayyip Erdo\u011fan \u00dcniversitesi Geli\u015ftirme Vakf\u0131, T\u00fcrk Alman \u00dcniversitesi ve T\u00fcrk Alman \u00dcniversitesi Destekleme Vakf\u0131 taraf\u0131ndan ortakla\u015fa olarak biri Rize\u2019deki Zihni Derin Yerle\u015fkesinde di\u011feri ise \u0130stanbul \u00c7ekmek\u00f6y\u2019de olmak \u00fczere iki farkl\u0131 ilde Teknokent kurma \u00e7al\u0131\u015fmalar\u0131na ba\u015fland\u0131.<\/p>\n","protected":false},"excerpt":{"rendered":"<p>RECEP TAYY\u0130P ERDO\u011eAN \u00dcN\u0130VERS\u0130TES\u0130 GEL\u0130\u015eT\u0130RME VAKFI, T\u00dcRK ALMAN \u00dcN\u0130VERS\u0130TES\u0130 VE T\u00dcRK ALMAN \u00dcN\u0130VERS\u0130TES\u0130 DESTEKLEME VAKFI \u0130\u015eB\u0130RL\u0130\u011e\u0130NDE KURULAN TEKNOKENT\u0130N \u0130LK Y\u00d6NET\u0130M KURULU TOPLANTISI YAPILDI<\/p>\n","protected":false},"author":1,"featured_media":258563,"comment_status":"closed","ping_status":"open","sticky":false,"template":"","format":"standard","meta":{"jetpack_post_was_ever_published":false,"_jetpack_newsletter_access":"","_jetpack_dont_email_post_to_subs":false,"_jetpack_newsletter_tier_id":0,"_jetpack_memberships_contains_paywalled_content":false,"_jetpack_memberships_contains_paid_content":false,"footnotes":"","jetpack_publicize_message":"","jetpack_publicize_feature_enabled":true,"jetpack_social_post_already_shared":true,"jetpack_social_options":{"image_generator_settings":{"template":"highway","default_image_id":0,"font":"","enabled":false},"version":2}},"categories":[1],"tags":[37,247,14726,347,117,246],"class_list":["post-258562","post","type-post","status-publish","format-standard","has-post-thumbnail","hentry","category-genel","tag-ilk","tag-kurulu","tag-teknokentin","tag-toplantisi","tag-yapildi","tag-yonetim"],"jetpack_publicize_connections":[],"jetpack_featured_media_url":"https:\/\/i0.wp.com\/www.tvturk.com\/wp-content\/uploads\/2020\/01\/teknokentin-ilk-yonetim-kurulu-toplantisi-yapildi_a684f98.jpg?fit=1000%2C501","jetpack_sharing_enabled":true,"jetpack_shortlink":"https:\/\/wp.me\/paKIfm-15gm","_links":{"self":[{"href":"http:\/\/www.tvturk.com\/index.php\/wp-json\/wp\/v2\/posts\/258562","targetHints":{"allow":["GET"]}}],"collection":[{"href":"http:\/\/www.tvturk.com\/index.php\/wp-json\/wp\/v2\/posts"}],"about":[{"href":"http:\/\/www.tvturk.com\/index.php\/wp-json\/wp\/v2\/types\/post"}],"author":[{"embeddable":true,"href":"http:\/\/www.tvturk.com\/index.php\/wp-json\/wp\/v2\/users\/1"}],"replies":[{"embeddable":true,"href":"http:\/\/www.tvturk.com\/index.php\/wp-json\/wp\/v2\/comments?post=258562"}],"version-history":[{"count":0,"href":"http:\/\/www.tvturk.com\/index.php\/wp-json\/wp\/v2\/posts\/258562\/revisions"}],"wp:featuredmedia":[{"embeddable":true,"href":"http:\/\/www.tvturk.com\/index.php\/wp-json\/wp\/v2\/media\/258563"}],"wp:attachment":[{"href":"http:\/\/www.tvturk.com\/index.php\/wp-json\/wp\/v2\/media?parent=258562"}],"wp:term":[{"taxonomy":"category","embeddable":true,"href":"http:\/\/www.tvturk.com\/index.php\/wp-json\/wp\/v2\/categories?post=258562"},{"taxonomy":"post_tag","embeddable":true,"href":"http:\/\/www.tvturk.com\/index.php\/wp-json\/wp\/v2\/tags?post=258562"}],"curies":[{"name":"wp","href":"https:\/\/api.w.org\/{rel}","templated":true}]}}