{"id":258580,"date":"2020-01-21T21:31:26","date_gmt":"2020-01-21T18:31:26","guid":{"rendered":"http:\/\/www.tvturk.com\/index.php\/irak-abd-buyukelciligine-yonelik-saldiri-kabul-edilemez\/"},"modified":"2020-01-21T21:31:26","modified_gmt":"2020-01-21T18:31:26","slug":"irak-abd-buyukelciligine-yonelik-saldiri-kabul-edilemez","status":"publish","type":"post","link":"http:\/\/www.tvturk.com\/index.php\/irak-abd-buyukelciligine-yonelik-saldiri-kabul-edilemez\/","title":{"rendered":"Irak: &#8220;ABD B\u00fcy\u00fckel\u00e7ili\u011fine y\u00f6nelik sald\u0131r\u0131 kabul edilemez&#8221;"},"content":{"rendered":"<p>Irak Ba\u015fbakan\u0131 Adil Abd\u00fclmehdi, ABD\u2019nin Ba\u011fdat B\u00fcy\u00fckel\u00e7ili\u011fine f\u00fczeli sald\u0131r\u0131n\u0131n kabul edilemez oldu\u011funu ve h\u00fck\u00fcmet kar\u015f\u0131t\u0131 protestocular\u0131n yollar\u0131 kapatmas\u0131n\u0131n bar\u0131\u015f\u00e7\u0131l g\u00f6sterilerle ba\u011fda\u015fmad\u0131\u011f\u0131n\u0131 s\u00f6yledi.<\/p>\n<p>Irak\u2019\u0131n ba\u015fkenti Ba\u011fdat\u2019ta 3 Ocak\u2019ta \u0130ranl\u0131 General Kas\u0131m S\u00fcleymani\u2019nin ABD taraf\u0131ndan \u00f6ld\u00fcr\u00fclmesinin ard\u0131ndan durulan ancak 10 Ocak\u2019tan sonra yeniden alevlenen h\u00fck\u00fcmet kar\u015f\u0131t\u0131 protestolar devam ediyor. Irak Ba\u015fbakan\u0131 Adil Abd\u00fclmehdi d\u00fczenledi\u011fi bas\u0131n toplant\u0131s\u0131nda, hem protestolara hem de ABD Ba\u011fdat B\u00fcy\u00fckel\u00e7ili\u011fini hedef alan sald\u0131r\u0131lara ili\u015fkin a\u00e7\u0131klamalarda bulundu.<\/p>\n<p>D\u00fcn Ye\u015fil B\u00f6lge\u2019deki ABD B\u00fcy\u00fckel\u00e7ili\u011fine d\u00fczenlenen f\u00fczeli sald\u0131r\u0131n\u0131n kabul edilemez oldu\u011funu belirten Abd\u00fclmehdi, &#8220;Bu hi\u00e7 do\u011fru de\u011fil ve \u00e7ok \u00fcz\u00fcc\u00fc. Bu gibi olaylar Irak\u2019a zarar veriyor ve arkas\u0131nda hangi niyet olursa olsun bu kabul edilemez. Bunlara Irak\u2019taki temsilciliklere sald\u0131rma yetkisini kim verdi?&#8221; dedi.<\/p>\n<p>S\u00fckunet \u00e7a\u011fr\u0131s\u0131<\/p>\n<p>\u00dclkesindeki h\u00fck\u00fcmet kar\u015f\u0131t\u0131 protestolara da de\u011finen Ba\u015fbakan Abdulmehdi, baz\u0131 protestocular\u0131n okullar\u0131 ve yollar\u0131 kapatt\u0131\u011f\u0131n\u0131 dile getirerek, &#8220;Sayg\u0131n, bar\u0131\u015f\u00e7\u0131l protestolar korunur. \u00dclkede gerginli\u011fin t\u0131rmanmamas\u0131na \u00f6zen g\u00f6steriyoruz. \u00dclkenin s\u00fckunete ihtiyac\u0131 var&#8221; ifadelerini kulland\u0131. &#8220;Kamu ve \u00f6zel \u00e7\u0131karlar\u0131 bozarken d\u00fczeni nas\u0131l sa\u011flayabiliriz?&#8221; diyen Abdulmehdi, &#8220;Zor bir b\u00f6lgesel d\u00f6neme\u00e7ten ge\u00e7iyoruz. Buna bir son vermek gerek&#8221; \u015feklinde konu\u015ftu.<\/p>\n","protected":false},"excerpt":{"rendered":"<p>IRAK BA\u015eBAKANI AD\u0130L ABD\u00dcLMEHD\u0130, ABD&#8217;N\u0130N BA\u011eDAT B\u00dcY\u00dcKEL\u00c7\u0130L\u0130\u011e\u0130NE F\u00dcZEL\u0130 SALDIRININ KABUL ED\u0130LEMEZ OLDU\u011eUNU VE H\u00dcK\u00dcMET KAR\u015eITI PROTESTOCULARIN YOLLARI KAPATMASININ BARI\u015e\u00c7IL G\u00d6STER\u0130LERLE BA\u011eDA\u015eMADI\u011eINI S\u00d6YLED\u0130.<\/p>\n","protected":false},"author":1,"featured_media":258581,"comment_status":"closed","ping_status":"open","sticky":false,"template":"","format":"standard","meta":{"jetpack_post_was_ever_published":false,"_jetpack_newsletter_access":"","_jetpack_dont_email_post_to_subs":false,"_jetpack_newsletter_tier_id":0,"_jetpack_memberships_contains_paywalled_content":false,"_jetpack_memberships_contains_paid_content":false,"footnotes":"","jetpack_publicize_message":"","jetpack_publicize_feature_enabled":true,"jetpack_social_post_already_shared":true,"jetpack_social_options":{"image_generator_settings":{"template":"highway","default_image_id":0,"font":"","enabled":false},"version":2}},"categories":[10],"tags":[1936,53702,19809,1248,654,999,1843],"class_list":["post-258580","post","type-post","status-publish","format-standard","has-post-thumbnail","hentry","category-dunya","tag-abd","tag-buyukelciligine","tag-edilemez","tag-irak","tag-kabul","tag-saldiri","tag-yonelik"],"jetpack_publicize_connections":[],"jetpack_featured_media_url":"https:\/\/i0.wp.com\/www.tvturk.com\/wp-content\/uploads\/2020\/01\/irak-abd-buyukelciligine-yonelik-saldiri-kabul-edilemez_ff07669.jpg?fit=960%2C540","jetpack_sharing_enabled":true,"jetpack_shortlink":"https:\/\/wp.me\/paKIfm-15gE","_links":{"self":[{"href":"http:\/\/www.tvturk.com\/index.php\/wp-json\/wp\/v2\/posts\/258580","targetHints":{"allow":["GET"]}}],"collection":[{"href":"http:\/\/www.tvturk.com\/index.php\/wp-json\/wp\/v2\/posts"}],"about":[{"href":"http:\/\/www.tvturk.com\/index.php\/wp-json\/wp\/v2\/types\/post"}],"author":[{"embeddable":true,"href":"http:\/\/www.tvturk.com\/index.php\/wp-json\/wp\/v2\/users\/1"}],"replies":[{"embeddable":true,"href":"http:\/\/www.tvturk.com\/index.php\/wp-json\/wp\/v2\/comments?post=258580"}],"version-history":[{"count":0,"href":"http:\/\/www.tvturk.com\/index.php\/wp-json\/wp\/v2\/posts\/258580\/revisions"}],"wp:featuredmedia":[{"embeddable":true,"href":"http:\/\/www.tvturk.com\/index.php\/wp-json\/wp\/v2\/media\/258581"}],"wp:attachment":[{"href":"http:\/\/www.tvturk.com\/index.php\/wp-json\/wp\/v2\/media?parent=258580"}],"wp:term":[{"taxonomy":"category","embeddable":true,"href":"http:\/\/www.tvturk.com\/index.php\/wp-json\/wp\/v2\/categories?post=258580"},{"taxonomy":"post_tag","embeddable":true,"href":"http:\/\/www.tvturk.com\/index.php\/wp-json\/wp\/v2\/tags?post=258580"}],"curies":[{"name":"wp","href":"https:\/\/api.w.org\/{rel}","templated":true}]}}