{"id":258596,"date":"2020-01-21T22:47:18","date_gmt":"2020-01-21T19:47:18","guid":{"rendered":"http:\/\/www.tvturk.com\/index.php\/mehmet-ekici-ilk-kez-sahada\/"},"modified":"2020-01-21T22:47:18","modified_gmt":"2020-01-21T19:47:18","slug":"mehmet-ekici-ilk-kez-sahada","status":"publish","type":"post","link":"http:\/\/www.tvturk.com\/index.php\/mehmet-ekici-ilk-kez-sahada\/","title":{"rendered":"Mehmet Ekici ilk kez sahada"},"content":{"rendered":"<p>S\u00fcper Lig\u2019in ilk yar\u0131s\u0131nda A Tak\u0131m listesine yaz\u0131lmayan Mehmet Ekici, ikinci yar\u0131da lisans\u0131n\u0131n \u00e7\u0131kart\u0131lmas\u0131n\u0131n ard\u0131ndan kupada Kayserispor kar\u015f\u0131s\u0131nda forma giydi. Ekici b\u00f6ylece bu sezon ilk kez sar\u0131-lacivertli formay\u0131 giymi\u015f oldu.<\/p>\n<p>Fenerbah\u00e7e\u2019de Mehmet Ekici ligin ilk yar\u0131s\u0131nda ilk 3 haftada kadroda yer alm\u0131\u015f, ancak oynamam\u0131\u015ft\u0131. Tecr\u00fcbeli futbolcu Mehmet Ekici daha sonra A tak\u0131m listesine yaz\u0131lmad\u0131\u011f\u0131 i\u00e7in ilk yar\u0131da formas\u0131ndan uzak kald\u0131. Ekici, Kayserispor m\u00fccadelesinde ilk ma\u00e7ta oldu\u011fu gibi r\u00f6van\u015fta da yedek soyundu. Ma\u00e7\u0131n 85. dakikada Rodrigues\u2019in yerine oyuna dahil olan tecr\u00fcbeli futbolcu bu sezon ilk kez sar\u0131-lacivertli formay\u0131 giydi. 29 ya\u015f\u0131ndaki futbolcu en son ge\u00e7en sezon ligin son ma\u00e7\u0131nda 26 May\u0131s 2019 tarihinde Antalyaspor kar\u015f\u0131s\u0131nda forma giymi\u015fti.<\/p>\n","protected":false},"excerpt":{"rendered":"<p>S\u00dcPER L\u0130G\u2019\u0130N \u0130LK YARISINDA A TAKIM L\u0130STES\u0130NE YAZILMAYAN MEHMET EK\u0130C\u0130, \u0130K\u0130NC\u0130 YARIDA L\u0130SANSININ \u00c7IKARTILMASININ ARDINDAN KUPADA KAYSER\u0130SPOR KAR\u015eISINDA FORMA G\u0130YD\u0130. EK\u0130C\u0130 B\u00d6YLECE BU SEZON \u0130LK KEZ SARI-LAC\u0130VERTL\u0130 FORMAYI G\u0130YM\u0130\u015e OLDU.<\/p>\n","protected":false},"author":1,"featured_media":258597,"comment_status":"closed","ping_status":"open","sticky":false,"template":"","format":"standard","meta":{"jetpack_post_was_ever_published":false,"_jetpack_newsletter_access":"","_jetpack_dont_email_post_to_subs":false,"_jetpack_newsletter_tier_id":0,"_jetpack_memberships_contains_paywalled_content":false,"_jetpack_memberships_contains_paid_content":false,"footnotes":"","jetpack_publicize_message":"","jetpack_publicize_feature_enabled":true,"jetpack_social_post_already_shared":true,"jetpack_social_options":{"image_generator_settings":{"template":"highway","default_image_id":0,"font":"","enabled":false},"version":2}},"categories":[657],"tags":[25068,37,1497,2570,5938],"class_list":["post-258596","post","type-post","status-publish","format-standard","has-post-thumbnail","hentry","category-spor","tag-ekici","tag-ilk","tag-kez","tag-mehmet","tag-sahada"],"jetpack_publicize_connections":[],"jetpack_featured_media_url":"https:\/\/i0.wp.com\/www.tvturk.com\/wp-content\/uploads\/2020\/01\/mehmet-ekici-ilk-kez-sahada_1c54814.jpg?fit=929%2C1000","jetpack_sharing_enabled":true,"jetpack_shortlink":"https:\/\/wp.me\/paKIfm-15gU","_links":{"self":[{"href":"http:\/\/www.tvturk.com\/index.php\/wp-json\/wp\/v2\/posts\/258596","targetHints":{"allow":["GET"]}}],"collection":[{"href":"http:\/\/www.tvturk.com\/index.php\/wp-json\/wp\/v2\/posts"}],"about":[{"href":"http:\/\/www.tvturk.com\/index.php\/wp-json\/wp\/v2\/types\/post"}],"author":[{"embeddable":true,"href":"http:\/\/www.tvturk.com\/index.php\/wp-json\/wp\/v2\/users\/1"}],"replies":[{"embeddable":true,"href":"http:\/\/www.tvturk.com\/index.php\/wp-json\/wp\/v2\/comments?post=258596"}],"version-history":[{"count":0,"href":"http:\/\/www.tvturk.com\/index.php\/wp-json\/wp\/v2\/posts\/258596\/revisions"}],"wp:featuredmedia":[{"embeddable":true,"href":"http:\/\/www.tvturk.com\/index.php\/wp-json\/wp\/v2\/media\/258597"}],"wp:attachment":[{"href":"http:\/\/www.tvturk.com\/index.php\/wp-json\/wp\/v2\/media?parent=258596"}],"wp:term":[{"taxonomy":"category","embeddable":true,"href":"http:\/\/www.tvturk.com\/index.php\/wp-json\/wp\/v2\/categories?post=258596"},{"taxonomy":"post_tag","embeddable":true,"href":"http:\/\/www.tvturk.com\/index.php\/wp-json\/wp\/v2\/tags?post=258596"}],"curies":[{"name":"wp","href":"https:\/\/api.w.org\/{rel}","templated":true}]}}