{"id":258598,"date":"2020-01-21T23:31:27","date_gmt":"2020-01-21T20:31:27","guid":{"rendered":"http:\/\/www.tvturk.com\/index.php\/kolombiyada-hukumet-karsiti-protestolar-yeniden-basladi\/"},"modified":"2020-01-21T23:31:27","modified_gmt":"2020-01-21T20:31:27","slug":"kolombiyada-hukumet-karsiti-protestolar-yeniden-basladi","status":"publish","type":"post","link":"http:\/\/www.tvturk.com\/index.php\/kolombiyada-hukumet-karsiti-protestolar-yeniden-basladi\/","title":{"rendered":"Kolombiya\u2019da h\u00fck\u00fcmet kar\u015f\u0131t\u0131 protestolar yeniden ba\u015flad\u0131"},"content":{"rendered":"<p>Kolombiya\u2019da Devlet Ba\u015fkan\u0131 Ivan Duque ve h\u00fck\u00fcmet kar\u015f\u0131t\u0131 protestolar yeniden ba\u015flayarak \u00fclkede genel grev ilan edildi. Bir\u00e7ok \u015fehirde halk sokaklara d\u00f6k\u00fcl\u00fcrken baz\u0131 \u015fehirlerde protestocular ile polis aras\u0131nda \u00e7at\u0131\u015fma ya\u015fand\u0131.<\/p>\n<p>Kolombiya\u2019da Devlet Ba\u015fkan\u0131 Ivan Duque ve h\u00fck\u00fcmetinin politikalar\u0131 protesto ediliyor. \u00dclke \u00e7ap\u0131nda genel grev ilan edilirken, bir\u00e7ok \u015fehirde halk sokaklara d\u00f6k\u00fcld\u00fc. 21-E (21 Ocak) ad\u0131 verilen protesto g\u00f6steri g\u00fcn\u00fc Kolombiya\u2019da 2020 y\u0131l\u0131n\u0131n ilk grev ve protesto g\u00fcn\u00fc olarak ifade ediliyor. Grev Komitesi \u00fcyeleri, h\u00fck\u00fcmet ile diyaloglar\u0131ndan cevap alamad\u0131klar\u0131 i\u00e7in soka\u011fa indiklerini a\u00e7\u0131klad\u0131. Cali, Barranquilla, Bucaramanga ve Medellin\u2019de ba\u015flayan y\u00fcr\u00fcy\u00fc\u015flerde baz\u0131 yollar\u0131n kapat\u0131ld\u0131\u011f\u0131 bildirildi.<\/p>\n<p>Ayr\u0131ca 2020 y\u0131l\u0131n\u0131n ilk g\u00fcn\u00fcnden bu yana 20\u2019den fazla yerli liderin \u00f6ld\u00fcr\u00fclmesi \u00fczerine yerli gruplar da g\u00f6sterilere kat\u0131lma karar\u0131 ald\u0131. Kolombiya\u2019n\u0131n yerli halklar\u0131n\u0131 temsil eden Ulusal Yerli \u00d6rg\u00fct\u00fc (ONIC) taraf\u0131ndan yap\u0131lan a\u00e7\u0131klamada, &#8220;T\u00fcm vatanda\u015flar\u0131 \u00e7a\u011f\u0131r\u0131yoruz. T\u00fcm \u00fclke i\u00e7in hepimiz d\u0131\u015far\u0131 \u00e7\u0131k\u0131p \u00f6m\u00fcr boyu daha iyi ya\u015fam hakk\u0131m\u0131z\u0131 isteyelim. Sosyal haklar\u0131m\u0131z savunal\u0131m&#8221; ifadeleri kullan\u0131ld\u0131.<\/p>\n<p>Ba\u015fkent Bogota\u2019da h\u00fck\u00fcmet kar\u015f\u0131 protestolar i\u00e7in Plaza de Bolivar\u2019a kadar yap\u0131lacak y\u00fcr\u00fcy\u00fc\u015f\u00fcn yerel saatle 17.00\u2019de ba\u015flayaca\u011f\u0131 duyuruldu. Erken saatlerden itibaren yollar \u00f6\u011frenciler taraf\u0131ndan kapat\u0131lmaya ba\u015fland\u0131. Baz\u0131 protestocular ile polis aras\u0131nda da \u00e7at\u0131\u015fma ya\u015fand\u0131.<\/p>\n<p>4 ki\u015fi tutukland\u0131<\/p>\n<p>H\u00fck\u00fcmet Sekreteri Luis Ernesto Gomez sosyal medya hesab\u0131ndan yapt\u0131\u011f\u0131 a\u00e7\u0131klamada, eylemlerde 4 ki\u015finin tutukland\u0131\u011f\u0131n\u0131, 3 bar\u0131\u015f\u00e7\u0131l y\u00fcr\u00fcy\u00fc\u015f\u00fcn ise devam etti\u011fini s\u00f6yledi. Bogota Belediye Ba\u015fkan\u0131 Claudia Lopez ise Mobil Polis Filosunun (ESMAD) yollar\u0131 kapatan ve toplu ta\u015f\u0131ma ara\u00e7lar\u0131na \u00fccretsiz binen ki\u015fileri engellemeye \u00e7al\u0131\u015ft\u0131klar\u0131n\u0131n bilgisini payla\u015ft\u0131.<\/p>\n<p>\u00d6te yandan Kolombiya\u2019da y\u00fcr\u00fcy\u00fc\u015fler, ge\u00e7ti\u011fimiz 21 Kas\u0131m\u2019da \u00fclkenin b\u00fcy\u00fck \u015fehirlerinde farkl\u0131 \u00f6rg\u00fctler ve sendikalar\u0131n bir araya gelmesiyle ba\u015flam\u0131\u015ft\u0131.<\/p>\n","protected":false},"excerpt":{"rendered":"<p>KOLOMB\u0130YA&#8217;DA DEVLET BA\u015eKANI IVAN DUQUE VE H\u00dcK\u00dcMET KAR\u015eITI PROTESTOLAR YEN\u0130DEN BA\u015eLAYARAK \u00dcLKEDE GENEL GREV \u0130LAN ED\u0130LD\u0130. B\u0130R\u00c7OK \u015eEH\u0130RDE HALK SOKAKLARA D\u00d6K\u00dcL\u00dcRKEN BAZI \u015eEH\u0130RLERDE PROTESTOCULAR \u0130LE POL\u0130S ARASINDA \u00c7ATI\u015eMA YA\u015eANDI.<\/p>\n","protected":false},"author":1,"featured_media":258599,"comment_status":"closed","ping_status":"open","sticky":false,"template":"","format":"standard","meta":{"jetpack_post_was_ever_published":false,"_jetpack_newsletter_access":"","_jetpack_dont_email_post_to_subs":false,"_jetpack_newsletter_tier_id":0,"_jetpack_memberships_contains_paywalled_content":false,"_jetpack_memberships_contains_paid_content":false,"footnotes":"","jetpack_publicize_message":"","jetpack_publicize_feature_enabled":true,"jetpack_social_post_already_shared":true,"jetpack_social_options":{"image_generator_settings":{"template":"highway","default_image_id":0,"font":"","enabled":false},"version":2}},"categories":[10],"tags":[55,3563,12272,18781,17627,720],"class_list":["post-258598","post","type-post","status-publish","format-standard","has-post-thumbnail","hentry","category-dunya","tag-basladi","tag-hukumet","tag-karsiti","tag-kolombiyada","tag-protestolar","tag-yeniden"],"jetpack_publicize_connections":[],"jetpack_featured_media_url":"https:\/\/i0.wp.com\/www.tvturk.com\/wp-content\/uploads\/2020\/01\/kolombiyada-hukumet-karsiti-protestolar-yeniden-basladi_655c3fc.jpg?fit=620%2C1000","jetpack_sharing_enabled":true,"jetpack_shortlink":"https:\/\/wp.me\/paKIfm-15gW","_links":{"self":[{"href":"http:\/\/www.tvturk.com\/index.php\/wp-json\/wp\/v2\/posts\/258598","targetHints":{"allow":["GET"]}}],"collection":[{"href":"http:\/\/www.tvturk.com\/index.php\/wp-json\/wp\/v2\/posts"}],"about":[{"href":"http:\/\/www.tvturk.com\/index.php\/wp-json\/wp\/v2\/types\/post"}],"author":[{"embeddable":true,"href":"http:\/\/www.tvturk.com\/index.php\/wp-json\/wp\/v2\/users\/1"}],"replies":[{"embeddable":true,"href":"http:\/\/www.tvturk.com\/index.php\/wp-json\/wp\/v2\/comments?post=258598"}],"version-history":[{"count":0,"href":"http:\/\/www.tvturk.com\/index.php\/wp-json\/wp\/v2\/posts\/258598\/revisions"}],"wp:featuredmedia":[{"embeddable":true,"href":"http:\/\/www.tvturk.com\/index.php\/wp-json\/wp\/v2\/media\/258599"}],"wp:attachment":[{"href":"http:\/\/www.tvturk.com\/index.php\/wp-json\/wp\/v2\/media?parent=258598"}],"wp:term":[{"taxonomy":"category","embeddable":true,"href":"http:\/\/www.tvturk.com\/index.php\/wp-json\/wp\/v2\/categories?post=258598"},{"taxonomy":"post_tag","embeddable":true,"href":"http:\/\/www.tvturk.com\/index.php\/wp-json\/wp\/v2\/tags?post=258598"}],"curies":[{"name":"wp","href":"https:\/\/api.w.org\/{rel}","templated":true}]}}