{"id":258609,"date":"2020-01-22T09:16:11","date_gmt":"2020-01-22T06:16:11","guid":{"rendered":"http:\/\/www.tvturk.com\/index.php\/tel-abyadta-halk-yeni-hayata-alismaya-calisiyor\/"},"modified":"2020-01-22T09:16:11","modified_gmt":"2020-01-22T06:16:11","slug":"tel-abyadta-halk-yeni-hayata-alismaya-calisiyor","status":"publish","type":"post","link":"http:\/\/www.tvturk.com\/index.php\/tel-abyadta-halk-yeni-hayata-alismaya-calisiyor\/","title":{"rendered":"Tel Abyad\u2019ta halk, yeni hayata al\u0131\u015fmaya \u00e7al\u0131\u015f\u0131yor"},"content":{"rendered":"<p>Suriye\u2019nin s\u0131n\u0131r il\u00e7esi olan Tel Abyad, Bar\u0131\u015f P\u0131nar\u0131 Harekat\u0131\u2019yla ter\u00f6r \u00f6rg\u00fct\u00fc YPG\/PKK\u2019dan temizlenmesinin ard\u0131ndan adeta b\u00f6lgenin \u00e7ekim merkezi oldu.<\/p>\n<p>G\u00fcvenli\u011fin tam olarak sa\u011fland\u0131\u011f\u0131 Tel Abyad\u2019ta sadece ter\u00f6r nedeniyle evlerini terk edenlerden de\u011fil, kom\u015fu kentlerden de g\u00f6\u00e7 var. Kentteki okullar, hastaneler ve mahkemeler hizmet vermeye ba\u015flad\u0131. Tel Abyad\u2019ta g\u00f6rev yapmakta olan 420 ki\u015filik yerel polis g\u00fcc\u00fc ise e\u011fitimlerinin T\u00fcrkiye\u2019de bitmesinin ard\u0131ndan g\u00f6reve ba\u015flad\u0131.<\/p>\n<p>Tel Abyad\u2019ta hayat\u0131n normale d\u00f6nmesinin en \u00f6nemli g\u00f6stergesi sokak ve meydanlardaki hareketlilik. Ekonomik hayat\u0131n yeniden canland\u0131\u011f\u0131 kentte sokaklarda kalabal\u0131k artmaya ba\u015flad\u0131. Bakkal, manav, kasaplar tekrar a\u00e7\u0131l\u0131rken, seyyar sat\u0131c\u0131lar da soka\u011fa indi.<\/p>\n<p>Suriye i\u00e7inde farkl\u0131 b\u00f6lgelere ka\u00e7an Tel Abyadl\u0131lar il\u00e7eye d\u00f6nmeye ba\u015flad\u0131. Bu arada 13 Aral\u0131k 2019 tarihinde ter\u00f6rden ar\u0131nd\u0131r\u0131lan Tel Abyad il\u00e7esine T\u00fcrkiye\u2019den yakla\u015f\u0131k olarak 600 ki\u015fi Tel Abyad\u2019daki evlerine d\u00f6n\u00fc\u015f yapt\u0131.<\/p>\n<p>Tel Abyad\u2019ta yerel halk meclisi \u00e7al\u0131\u015fmaya ba\u015flad\u0131. Kent merkezine, belde ve k\u00f6ylere elektrik ve temiz su veriliyor. Kentte belediye hizmetleri de sa\u011flan\u0131rken, sokak ve caddelerdeki \u00e7\u00f6pler toplan\u0131yor. Tel Abyad\u2019taki t\u00fcm insani yard\u0131m \u00e7al\u0131\u015fmalar\u0131, \u015eanl\u0131urfa Valili\u011fi Suriye Destek ve Koordinasyon merkezi taraf\u0131ndan y\u00fcr\u00fct\u00fcl\u00fcyor<\/p>\n<p>Tel Abyad\u2019ta asayi\u015f ve kent g\u00fcvenli\u011finin sa\u011flanmas\u0131 i\u00e7in yerel polis g\u00fcc\u00fc \u015fu anda hizmet veriyor. Yerel halktan se\u00e7ilen ve aralar\u0131nda kad\u0131nlar\u0131n da oldu\u011fu 420 ki\u015fi T\u00fcrkiye\u2019de e\u011fitimini ald\u0131. Polisler 13 Ocak\u2019ta Tel Abyad g\u00f6reve ba\u015flad\u0131. Yerel polis asayi\u015f olaylar\u0131n\u0131n yan\u0131 s\u0131ra, ter\u00f6r, ka\u00e7ak\u00e7\u0131l\u0131k, mali su\u00e7lar, \u00f6rg\u00fctl\u00fc su\u00e7lar ve trafik d\u00fczenlenmesinde g\u00f6rev al\u0131yor.<\/p>\n<p>Suriye Tel Abyad s\u0131n\u0131r kap\u0131s\u0131 ve T\u00fcrkiye\u2019nin kar\u015f\u0131s\u0131nda yer alan Ak\u00e7akale G\u00fcmr\u00fck Kap\u0131s\u0131 da 7 y\u0131l aradan sonra tekrar tam kapasiteyle hizmet vermeye ba\u015flad\u0131. B\u00fct\u00fcn bu \u00e7al\u0131\u015fmalara devam ederken ihtiya\u00e7 sahipleri i\u00e7in T\u00fcrk K\u0131z\u0131lay\u2019\u0131 Tel Abyad\u2019ta sevgi ma\u011fazas\u0131 a\u00e7t\u0131. T\u00fcrk K\u0131z\u0131lay\u2019\u0131 ihtiya\u00e7 sahiplerinin giyim ihtiya\u00e7lar\u0131n\u0131 bu ma\u011fazada kar\u015f\u0131l\u0131yor. \u0130htiya\u00e7 sahibi yeti\u015fkin ve \u00e7ocuklar, kendilerine verilecek puan y\u00fckl\u00fc kartlarla giyim malzemelerini  gelerek ma\u011fazadan giyim malzemesi alabilecekler.<\/p>\n<p>Bar\u0131\u015f P\u0131nar\u0131 harekat\u0131n\u0131n ard\u0131ndan Tel Abyad\u2019taki hastane onar\u0131larak sa\u011fl\u0131k hizmetine ba\u015flad\u0131. T\u00fcrkiye\u2019den gelen doktorlar\u0131n g\u00f6rev ald\u0131\u011f\u0131 hastanede, ba\u015fta kad\u0131n ve \u00e7ocuklar olmak \u00fczere \u00e7ok say\u0131da ki\u015fi tedavi ediliyor. Ayr\u0131ca hastalar\u0131n ila\u00e7 ihtiya\u00e7lar\u0131 da kurulan eczaneden T\u00fcrkiye taraf\u0131ndan kar\u015f\u0131lan\u0131yor. Kent merkezinde ve beldelerdeki sa\u011fl\u0131k ocaklar\u0131 onar\u0131lmaya ba\u015flan\u0131rken, \u00f6n\u00fcm\u00fczdeki g\u00fcnlerden itibaren sa\u011fl\u0131k hizmetinin verilmeye ba\u015flan\u0131laca\u011f\u0131 \u00f6\u011frenildi.<\/p>\n<p>Bar\u0131\u015f P\u0131nar\u0131 Harekat\u0131\u2019n\u0131n ard\u0131ndan Tel Abyad\u2019ta hayat yava\u015f yava\u015f normale d\u00f6n\u00fcyor. \u015eehir merkezindeki \u00e7ar\u015f\u0131 b\u00f6lgesinde esnaf \u00fcr\u00fcnlerini dizip al\u0131\u015fveri\u015fe haz\u0131rlan\u0131yor. Kebap\u00e7\u0131lar, manavlar ve berberler d\u00fckk\u00e2nlar\u0131n\u0131 a\u00e7arak m\u00fc\u015fterilerini hizmet vermeye \u00e7al\u0131\u015f\u0131yor. Tel Abyad halk\u0131 \u00f6n\u00fcm\u00fczdeki g\u00fcnlerde bar\u0131\u015f ve huzurun kal\u0131c\u0131 olmas\u0131 temennisinde bulunuyor.<\/p>\n","protected":false},"excerpt":{"rendered":"<p>SUR\u0130YE&#8217;N\u0130N SINIR \u0130L\u00c7ES\u0130 OLAN TEL ABYAD, BARI\u015e PINARI HAREKATI&#8217;YLA TER\u00d6R \u00d6RG\u00dcT\u00dc YPG\/PKK&#8217;DAN TEM\u0130ZLENMES\u0130N\u0130N ARDINDAN ADETA B\u00d6LGEN\u0130N \u00c7EK\u0130M MERKEZ\u0130 OLDU.<\/p>\n","protected":false},"author":1,"featured_media":258610,"comment_status":"closed","ping_status":"open","sticky":false,"template":"","format":"standard","meta":{"jetpack_post_was_ever_published":false,"_jetpack_newsletter_access":"","_jetpack_dont_email_post_to_subs":false,"_jetpack_newsletter_tier_id":0,"_jetpack_memberships_contains_paywalled_content":false,"_jetpack_memberships_contains_paid_content":false,"footnotes":"","jetpack_publicize_message":"","jetpack_publicize_feature_enabled":true,"jetpack_social_post_already_shared":true,"jetpack_social_options":{"image_generator_settings":{"template":"highway","default_image_id":0,"font":"","enabled":false},"version":2}},"categories":[10],"tags":[56158,63857,1422,1933,4467,1236,87],"class_list":["post-258609","post","type-post","status-publish","format-standard","has-post-thumbnail","hentry","category-dunya","tag-abyadta","tag-alismaya","tag-calisiyor","tag-halk","tag-hayata","tag-tel","tag-yeni"],"jetpack_publicize_connections":[],"jetpack_featured_media_url":"https:\/\/i0.wp.com\/www.tvturk.com\/wp-content\/uploads\/2020\/01\/tel-abyadta-halk-yeni-hayata-alismaya-calisiyor_ff5c1f1.jpg?fit=1000%2C664","jetpack_sharing_enabled":true,"jetpack_shortlink":"https:\/\/wp.me\/paKIfm-15h7","_links":{"self":[{"href":"http:\/\/www.tvturk.com\/index.php\/wp-json\/wp\/v2\/posts\/258609","targetHints":{"allow":["GET"]}}],"collection":[{"href":"http:\/\/www.tvturk.com\/index.php\/wp-json\/wp\/v2\/posts"}],"about":[{"href":"http:\/\/www.tvturk.com\/index.php\/wp-json\/wp\/v2\/types\/post"}],"author":[{"embeddable":true,"href":"http:\/\/www.tvturk.com\/index.php\/wp-json\/wp\/v2\/users\/1"}],"replies":[{"embeddable":true,"href":"http:\/\/www.tvturk.com\/index.php\/wp-json\/wp\/v2\/comments?post=258609"}],"version-history":[{"count":0,"href":"http:\/\/www.tvturk.com\/index.php\/wp-json\/wp\/v2\/posts\/258609\/revisions"}],"wp:featuredmedia":[{"embeddable":true,"href":"http:\/\/www.tvturk.com\/index.php\/wp-json\/wp\/v2\/media\/258610"}],"wp:attachment":[{"href":"http:\/\/www.tvturk.com\/index.php\/wp-json\/wp\/v2\/media?parent=258609"}],"wp:term":[{"taxonomy":"category","embeddable":true,"href":"http:\/\/www.tvturk.com\/index.php\/wp-json\/wp\/v2\/categories?post=258609"},{"taxonomy":"post_tag","embeddable":true,"href":"http:\/\/www.tvturk.com\/index.php\/wp-json\/wp\/v2\/tags?post=258609"}],"curies":[{"name":"wp","href":"https:\/\/api.w.org\/{rel}","templated":true}]}}