{"id":258635,"date":"2020-01-22T09:46:22","date_gmt":"2020-01-22T06:46:22","guid":{"rendered":"http:\/\/www.tvturk.com\/index.php\/faiz-indirimleri-turk-tekstil-sektorunun-onunu-acti\/"},"modified":"2020-01-22T09:46:22","modified_gmt":"2020-01-22T06:46:22","slug":"faiz-indirimleri-turk-tekstil-sektorunun-onunu-acti","status":"publish","type":"post","link":"http:\/\/www.tvturk.com\/index.php\/faiz-indirimleri-turk-tekstil-sektorunun-onunu-acti\/","title":{"rendered":"Faiz indirimleri T\u00fcrk tekstil sekt\u00f6r\u00fcn\u00fcn \u00f6n\u00fcn\u00fc a\u00e7t\u0131"},"content":{"rendered":"<p>Erkek modas\u0131nda d\u00fcnyan\u0131n \u00f6nde gelen \u00fclkelerinde bile girdikleri pazarda ilk \u00fc\u00e7e girmeyi ba\u015faran Orka Holding, \u0130talya\u2019da her y\u0131l y\u00fczde 70\u2019in \u00fczerinde b\u00fcy\u00fcme kaydettiklerini duyurdu. Y\u00f6netim Kurulu Ba\u015fkan\u0131 S\u00fcleyman Orak\u00e7\u0131o\u011flu yap\u0131lan faiz indirimlerin devam\u0131yla birlikte tekstil sekt\u00f6r\u00fcn\u00fcn daha da olumlu etkilenece\u011fini ifade ederek, \u201cT\u00fcrk markalar\u0131n\u0131n 2023\u2019e kadar yurt d\u0131\u015f\u0131 ma\u011faza say\u0131lar\u0131 10 binleri ge\u00e7ecek\u201d dedi.<\/p>\n<p>Damat, Tween, D\u2019S Damat\u2019\u0131n sahibi ve Orka Holding\u2019in Y\u00f6netim Kurulu Ba\u015fkan\u0131 S\u00fcleyman Orak\u00e7\u0131o\u011flu, 2019 y\u0131l\u0131n\u0131 ve ya\u015fanan geli\u015fmelerle birlikte sekt\u00f6r\u00fcn ilerlemesi hakk\u0131nda de\u011ferlendirmelerde bulundu. Y\u0131l\u0131n ilk d\u00f6neminin hem firma olarak hem de sekt\u00f6r anlam\u0131nda biraz zorlay\u0131c\u0131 ge\u00e7ti\u011fini ifade eden S\u00fcleyman Orak\u00e7\u0131o\u011flu, sonras\u0131nda problemlerin \u00e7\u00f6z\u00fclmesi ve ekonomik anlamda yap\u0131lan faiz indirimlerinin rahatlat\u0131c\u0131 oldu\u011funu hatta bu sayede marka olarak 2019 kapan\u0131\u015f\u0131n\u0131 hedeflerin \u00fczerinde yap\u0131ld\u0131\u011f\u0131n\u0131 s\u00f6yledi. Ayr\u0131ca yurt d\u0131\u015f\u0131nda yapm\u0131\u015f olduklar\u0131 yat\u0131r\u0131mlardan ve burada elde ettikleri ba\u015far\u0131lardan da s\u00f6z eden Orak\u00e7\u0131o\u011flu, erkek modas\u0131nda \u00f6nde gelen \u0130talya\u2019da bile son be\u015f y\u0131ld\u0131r y\u00fczde 70\u2019in \u00fczerinde b\u00fcy\u00fcme kaydettiklerini dile getirdi. Orak\u00e7\u0131o\u011flu bu anlamda sekt\u00f6r\u00fcn daha da ilerleyece\u011fini vurgulayarak T\u00fcrk markalar\u0131n yurt d\u0131\u015f\u0131ndaki ma\u011faza say\u0131lar\u0131nda 2023\u2019 kadar b\u00fcy\u00fck bir art\u0131\u015f ya\u015fanaca\u011f\u0131na dikkat \u00e7ekti.<\/p>\n<p>\u201cKredilerin d\u00fc\u015fmesi tekstil sekt\u00f6r\u00fcn\u00fcn b\u00fcy\u00fcmesine yol a\u00e7t\u0131\u201d<\/p>\n<p>Kredi faiz oranlar\u0131n\u0131n d\u00fc\u015fmesinin sekt\u00f6r\u00fc olumlu anlamda etkiledi\u011fini ifade eden ve bu anlamda 2023 y\u0131l\u0131na kadar da T\u00fcrk markalar\u0131n yurtd\u0131\u015f\u0131nda b\u00fcy\u00fcme kaydedece\u011fini s\u00f6yleyen Orak\u00e7\u0131o\u011flu, \u201cBiz g\u00fcc\u00fcm\u00fcz\u00fc kendi fabrikalar\u0131m\u0131zdaki \u00fcretimimizden al\u0131yoruz. O y\u00fczden de 2020 Mart ay\u0131nda faaliyete ge\u00e7ecek \u00fc\u00e7\u00fcnc\u00fc fabrikam\u0131z\u0131 yap\u0131yoruz. Burada ki en \u00f6nemli etkenlerden bir tanesi de faizlerin d\u00fc\u015fmesi \u00e7\u00fcnk\u00fc faizler y\u00fczde 40\u2019lar ve 35\u2019ler seviyesinde iken bu yat\u0131r\u0131mlar\u0131 yapmak m\u00fcmk\u00fcn de\u011fildi. Kapasitemizi y\u00fczde 40 oran\u0131nda artt\u0131racak bir yat\u0131r\u0131m ve en az 300-350 ki\u015filik sadece \u00fcretim k\u0131sm\u0131nda ek bir istihdam olu\u015fturacak. Bunun bizim yurtd\u0131\u015f\u0131 b\u00fcy\u00fcmemizde ve ma\u011fazalar\u0131m\u0131z\u0131n say\u0131s\u0131n\u0131n artmas\u0131na da katk\u0131s\u0131 olacak. Bu ba\u015far\u0131lar\u0131 elde ederken tabi ki de zorlu s\u00fcre\u00e7lerden ge\u00e7tik. Edindi\u011fimiz deneyimleri de payla\u015fmaya her zaman a\u00e7\u0131k olduk. \u00c7\u00fcnk\u00fc T\u00fcrk markalar\u0131n\u0131n yurtd\u0131\u015f\u0131nda ba\u015far\u0131l\u0131 olmas\u0131 onlar\u0131n kendi enerjilerinin b\u00fcy\u00fck bir sinerji olu\u015fturaca\u011f\u0131na inan\u0131yorum. \u00d6nceden T\u00fcrk markalar\u0131na yurtd\u0131\u015f\u0131nda bu kadar s\u0131cak bak\u0131lm\u0131yordu.  Ayn\u0131 zamanda T\u00fcrk markalar\u0131n\u0131n ba\u015far\u0131l\u0131 olaca\u011f\u0131na da kimse inanm\u0131yordu. Fakat \u015fuanda net olarak s\u00f6yleyebilirim ki 2023 y\u0131l\u0131nda d\u00fcnya T\u00fcrk markalar\u0131n\u0131 konu\u015facak. \u00c7\u00fcnk\u00fc bu birikim bizde var. Yakla\u015f\u0131k olarak T\u00fcrk markalar\u0131n\u0131n 4 binin \u00fczerinde ma\u011fazas\u0131 varsa 2023 y\u0131l\u0131nda bu rakamlar 10 binlerin \u00fczerine gelecek\u201d \u015feklinde de\u011ferlendirmelerde bulundu.<\/p>\n<p>\u201c2019\u2019u hedeflerimizin \u00fczerinde kapatt\u0131k\u201d<\/p>\n<p>Sekt\u00f6rel anlamda 2019 y\u0131l\u0131 i\u00e7in ilk ba\u015flarda s\u0131k\u0131nt\u0131l\u0131 olsa da sonradan \u00f6zellikle Orka Holding ad\u0131na hedeflerin \u00fczerinde bir y\u0131l oldu\u011funu ifade eden Orak\u00e7\u0131o\u011flu ayn\u0131 \u015fekilde 2020 y\u0131l\u0131ndan da umutlu oldu\u011funu s\u00f6yledi. Orak\u00e7\u0131o\u011flu, \u201c2019 ilk ba\u015flang\u0131\u00e7 d\u00f6nemi yani ilk \u00fc\u00e7 ay\u0131 zordu. Fakat sonras\u0131nda \u00fclkemizin ya\u015fad\u0131\u011f\u0131 bir\u00e7ok problemin a\u015f\u0131lmas\u0131 ve piyasalardaki geli\u015fmelerle faizlerin d\u00fc\u015f\u00fcr\u00fclmesiyle birlikte kendi ad\u0131m\u0131za ortaya koydu\u011fumuz i\u015f plan\u0131m\u0131z\u0131 en iyi \u015fekilde uygulayabilmemiz bizim a\u00e7\u0131m\u0131zdan 2019\u2019un olumlu ge\u00e7mesini sa\u011flad\u0131. Gerek yurt d\u0131\u015f\u0131nda gerekse yurt i\u00e7inde hedefledi\u011fimiz ma\u011fazalar\u0131m\u0131z\u0131 a\u00e7t\u0131k ve \u00e7ok yo\u011fun bir \u015fekilde \u00e7al\u0131\u015farak 2019\u2019u g\u00fczel bir final ile bitirdik. Sat\u0131\u015flarda da b\u00fcy\u00fcmede de yine ayn\u0131 \u015fekilde bu hedeflere uygun olarak ilerledik hatta biraz bu hedeflerin \u00fczerindeyiz. 2020 y\u0131l\u0131n\u0131n da bu \u015fekilde devam edece\u011fini d\u00fc\u015f\u00fcn\u00fcyorum. \u00c7\u00fcnk\u00fc moralimiz iyi, enerjimiz iyi, d\u00fcnya art\u0131k markalar\u0131m\u0131z\u0131 biliyor ve ilgi g\u00f6steriyor\u201d dedi.<\/p>\n<p>Orka Holding ayn\u0131 zamanda yurt d\u0131\u015f\u0131 yat\u0131r\u0131mlar\u0131n\u0131 da ge\u00e7ti\u011fimiz y\u0131l h\u0131z kesmeden devam etti. \u00d6zellikle a\u00e7m\u0131\u015f olduklar\u0131 ma\u011fazalarla birlikte erkek modas\u0131nda \u00f6nde olan \u00fclkelerde bile ad\u0131ndan s\u00f6z ettirmeye ba\u015flayan firman\u0131n ayn\u0131 zamanda girdikleri pazarda da ilk \u00fc\u00e7e girmek gibi bir hedefi var.<\/p>\n<p>\u201c\u0130talya\u2019da her y\u0131l y\u00fczde 70\u2019in \u00fczerinde b\u00fcy\u00fcme\u201d<\/p>\n<p>\u0130talya\u2019da son be\u015f y\u0131ld\u0131r her sene y\u00fczde 70 gibi bir b\u00fcy\u00fcme ile birlikte yol ald\u0131klar\u0131n\u0131 ifade eden Orak\u00e7\u0131o\u011flu, \u201cKendi segmentimizde en iyi geli\u015fen ve b\u00fcy\u00fcyen be\u015f markadan biri olarak g\u00f6steriliyoruz\u201d dedi. Orak\u00e7\u0131o\u011flu yapm\u0131\u015f olduklar\u0131 yurt d\u0131\u015f\u0131 \u00e7al\u0131\u015fmalar\u0131ndan ise \u015fu \u015fekilde bahsetti;<\/p>\n<p>\u201cBiz yurt d\u0131\u015f\u0131nda ger\u00e7ekten \u00e7ok iyi \u015feyler yap\u0131yoruz. Bir T\u00fcrk markas\u0131 olarak 200\u2019un \u00fczerinde yurt d\u0131\u015f\u0131nda ma\u011fazam\u0131z var. Sat\u0131\u015f noktalar\u0131n\u0131 da buna katarsak 500\u2019\u00fcn \u00fczerine \u00e7\u0131k\u0131yor.  Tabi burada pazar \u00e7e\u015fitlili\u011fi de \u00e7ok \u00f6nemli. \u00c7\u00fcnk\u00fc d\u00fcnyada biliyorsunuz giderek artan b\u00f6lgesel bir tak\u0131m sorunlar ya\u015f\u0131yoruz. Sadece belli b\u00f6lgelere yo\u011funla\u015ft\u0131\u011f\u0131m\u0131z zaman ya da belli bir b\u00f6lgeye ba\u011f\u0131ml\u0131 kald\u0131\u011f\u0131m\u0131zda sorunlar\u0131n\u0131z b\u00fcy\u00fcyebiliyor. Fakat biz \u00f6yle de\u011filiz, tamamen 24 saat ya\u015fayan bir markay\u0131z. \u00c7\u00fcnk\u00fc g\u00fcn bizim i\u00e7in Avustralya\u2019da ba\u015fl\u0131yor Uzak Do\u011fu\u2019da, Orta Asya\u2019da, Azerbaycan\u2019da, Balkanlar ve Rusya\u2019da devam ediyor. D\u00fcnyada markalar\u0131n yo\u011fun oldu\u011fu \u0130talya, \u0130spanya ve Almanya\u2019da da \u00e7ok yo\u011funuz. \u00d6zellikle \u0130talya\u2019da her y\u0131l y\u00fczde 70\u2019in \u00fczerinde bir b\u00fcy\u00fcme ger\u00e7ekle\u015ftiriyoruz. D\u00fc\u015f\u00fcn\u00fcn ki d\u00fcnyan\u0131n en k\u00f6kl\u00fc en g\u00fc\u00e7l\u00fc erkek markalar\u0131n\u0131n oldu\u011fu bir \u00fclkede siz son be\u015f y\u0131lda y\u00fczde 70 b\u00fcy\u00fcme g\u00f6steriyorsunuz. Bu ba\u015far\u0131da eme\u011fi ge\u00e7en t\u00fcm ekibime de \u00e7ok te\u015fekk\u00fcr ediyorum. Tabi biz bu ba\u015far\u0131lar\u0131n devam\u0131n\u0131 sa\u011flamak i\u00e7in \u00e7al\u0131\u015fmaya devam ediyoruz. \u00d6zellikle ge\u00e7ti\u011fimiz aral\u0131k ay\u0131nda deyim yerindeyse yerimizde hi\u00e7 durmad\u0131k. Orta Amerika, G\u00fcney Amerika, Kanada, Dubai, Ta\u015fkent, Du\u015fanbe, Irak- S\u00fcleymaniye, Bel\u00e7ika- Gent, Kanada Ottowa\u2019da da birer ma\u011faza a\u00e7t\u0131k. Tabi \u00fclkemizi de ihmal etmedik. Adana\u2019da, \u0130zmir\u2019de ve U\u015fak\u2019ta da birer ma\u011fazay\u0131 portf\u00f6ye ekledik. Art\u0131k d\u00fcnya \u00e7ap\u0131nda bilinen bir marka olduk. Kendi i\u015fimizin profesyonelleri taraf\u0131ndan yak\u0131ndan takip ediliyoruz ve kendi segmentimizde en iyi geli\u015fen ve b\u00fcy\u00fcyen be\u015f markadan biri olarak g\u00f6steriliyoruz. Bunlar\u0131n hepsi bizim i\u00e7in \u00e7ok \u00f6nemli\u201d \u015feklinde konu\u015ftu.<\/p>\n<p>\u201cYurt d\u0131\u015f\u0131nda girilen pazarlarda hedef ilk \u00fc\u00e7\u201d<\/p>\n<p>\u201c\u00d6nceden yurt d\u0131\u015f\u0131nda bir ma\u011faza a\u00e7mak bir ba\u015far\u0131 iken \u015fimdi girdi\u011fimiz pazarlarda ilk \u00fc\u00e7e girme hedeflerimiz var\u201d diyerek \u00f6zellikle yurt d\u0131\u015f\u0131ndaki yapm\u0131\u015f oldu\u011fu ba\u015far\u0131lar\u0131n sebeplerinden ve bu anlamda \u00f6ncesinde yap\u0131lan \u00e7al\u0131\u015fmalardan da bahseden Orak\u00e7\u0131o\u011flu, \u201cTabi ki de bu ba\u015far\u0131y\u0131 kolay elde etmedik. Yakla\u015f\u0131k bu ba\u015far\u0131n\u0131n 30 y\u0131ll\u0131k bir birikimi var. Her \u015feyi iyi \u015feyler ya\u015fayarak \u00f6\u011frenmiyorsunuz. Kazanm\u0131\u015f oldu\u011fumuz deneyimlerle birlikte yurt d\u0131\u015f\u0131na da a\u00e7\u0131ld\u0131k ve burada da i\u015fi \u00f6\u011frendik. \u0130\u015fi \u00f6\u011frenmek \u00e7ok b\u00fcy\u00fck avantaj ve deneyim oldu.  Girdi\u011fimiz pazarlarda her \u015feyden \u00f6nce o pazardaki ara\u015ft\u0131rmalara \u00e7ok \u00f6nem veriyoruz. O pazar ara\u015ft\u0131rmalar\u0131n\u0131n i\u00e7inde \u015funlar var;  ya\u015f ortalamas\u0131, t\u00fcketici e\u011filimleri, gelir ve markalara olan yakla\u015f\u0131m ve ilgi. Bunlar\u0131n hepsinde asl\u0131nda bir\u00e7ok parametre var. Biz de bu parametrelere bakarak karar veriyoruz. 20 y\u0131l \u00f6nce d\u00fcnyan\u0131n herhangi bir \u00fclkesinde bir tane ma\u011faza a\u00e7may\u0131 ba\u015far\u0131 olarak kabul edebilirdim ama \u015fuanda girdi\u011fimiz pazarda, pazar lideri olmak ya da ilk \u00fc\u00e7e girmek gibi bir hedefimiz var. Bunlar\u0131 ger\u00e7ekle\u015ftirebileceksek giriyoruz o pazara. Ayr\u0131ca yapm\u0131\u015f oldu\u011fumuz ve tasarlad\u0131\u011f\u0131m\u0131z inovatif \u00fcr\u00fcnlerimiz de bu ba\u015far\u0131da etkili. Kendi \u00fcretim alt yap\u0131m\u0131z da var ve bizler bu \u00fcr\u00fcnleri sat\u0131n al\u0131nabilir fiyatlarla ta\u00e7land\u0131r\u0131yoruz. Yani, \u2018ula\u015f\u0131labilir l\u00fcks\u2019 yap\u0131yoruz. O y\u00fczden de tercih ediliyoruz.  Bir di\u011fer avantaj\u0131m\u0131z da; ge\u00e7mi\u015fte markalar\u0131m\u0131z\u0131n bilinirli\u011fi \u00e7ok azd\u0131 ama \u015fuanda markalar\u0131m\u0131z ger\u00e7ekten t\u00fcm d\u00fcnya taraf\u0131ndan ilgiyle takip ediliyor. Bir de yapt\u0131\u011f\u0131n\u0131z i\u015fin profesyonellerinin sizi bilmesi \u00e7ok \u00f6nemli. Bu konuda \u00e7ok b\u00fcy\u00fck avantajlar\u0131m\u0131z var. Bu anlamda 2020 y\u0131l\u0131nda da yurtd\u0131\u015f\u0131 b\u00fcy\u00fcmemizi son derece aktif olarak devam ettirece\u011fiz\u201d diye konu\u015ftu.<\/p>\n<p>\u201cMilli tak\u0131m ma\u00e7a biz podyuma haz\u0131rlan\u0131yoruz\u201d<\/p>\n<p>Son olarak da A Milli Futbol Tak\u0131m\u0131 sponsorlu\u011fu hakk\u0131nda konu\u015fan Orak\u00e7\u0131o\u011flu, \u201c2020\u2019de bizim i\u00e7in \u00e7ok \u00f6zel birka\u00e7 \u015fey daha var. T\u00fcrk Milli Tak\u0131m\u0131m\u0131z\u0131n da moda sponsoruyuz. Bu sponsorluk bizim i\u00e7in ba\u015fka bir sorumluluk daha getiriyor. \u00c7\u00fcnk\u00fc ilk final ma\u00e7\u0131m\u0131z Roma\u2019da. \u0130talya\u2019da biz g\u00fc\u00e7l\u00fc isek milli tak\u0131m\u0131m\u0131z da bizi temsil edecekse onlar\u0131 da biz giydiriyorsak, biz onlar\u0131n aras\u0131nda kendi ad\u0131m\u0131za en iyisini yapaca\u011f\u0131m\u0131za inan\u0131yorum. Ekibimiz de bunun i\u00e7in \u00e7ok \u00e7al\u0131\u015f\u0131yor. Deyim yerinde ise; milli tak\u0131m ma\u00e7a biz de podyuma haz\u0131rlan\u0131yoruz\u201d dedi.<\/p>\n","protected":false},"excerpt":{"rendered":"<p>ERKEK MODASINDA D\u00dcNYANIN \u00d6NDE GELEN \u00dcLKELER\u0130NDE B\u0130LE G\u0130RD\u0130KLER\u0130 PAZARDA \u0130LK \u00dc\u00c7E G\u0130RMEY\u0130 BA\u015eARAN ORKA HOLD\u0130NG, \u0130TALYA\u2019DA HER YIL Y\u00dcZDE 70\u2019\u0130N \u00dcZER\u0130NDE B\u00dcY\u00dcME KAYDETT\u0130KLER\u0130N\u0130 DUYURDU. Y\u00d6NET\u0130M KURULU BA\u015eKANI S\u00dcLEYMAN ORAK\u00c7IO\u011eLU YAPILAN FA\u0130Z \u0130ND\u0130R\u0130MLER\u0130N DEVAMIYLA B\u0130RL\u0130KTE TEKST\u0130L SEKT\u00d6R\u00dcN\u00dcN DAHA DA OLUMLU ETK\u0130LENECE\u011e\u0130N\u0130 \u0130FADE EDEREK, \u201cT\u00dcRK MARKALARININ 2023\u2019E KADAR YURT DI\u015eI MA\u011eAZA SAYILARI 10 B\u0130NLER\u0130 GE\u00c7ECEK\u201d DED\u0130.<\/p>\n","protected":false},"author":1,"featured_media":258636,"comment_status":"closed","ping_status":"open","sticky":false,"template":"","format":"standard","meta":{"jetpack_post_was_ever_published":false,"_jetpack_newsletter_access":"","_jetpack_dont_email_post_to_subs":false,"_jetpack_newsletter_tier_id":0,"_jetpack_memberships_contains_paywalled_content":false,"_jetpack_memberships_contains_paid_content":false,"footnotes":"","jetpack_publicize_message":"","jetpack_publicize_feature_enabled":true,"jetpack_social_post_already_shared":true,"jetpack_social_options":{"image_generator_settings":{"template":"highway","default_image_id":0,"font":"","enabled":false},"version":2}},"categories":[19],"tags":[1494,13196,55380,16073,2417,6904,957],"class_list":["post-258635","post","type-post","status-publish","format-standard","has-post-thumbnail","hentry","category-ekonomi","tag-acti","tag-faiz","tag-indirimleri","tag-onunu","tag-sektorunun","tag-tekstil","tag-turk"],"jetpack_publicize_connections":[],"jetpack_featured_media_url":"https:\/\/i0.wp.com\/www.tvturk.com\/wp-content\/uploads\/2020\/01\/faiz-indirimleri-turk-tekstil-sektorunun-onunu-acti_7a0e938.jpg?fit=1000%2C723","jetpack_sharing_enabled":true,"jetpack_shortlink":"https:\/\/wp.me\/paKIfm-15hx","_links":{"self":[{"href":"http:\/\/www.tvturk.com\/index.php\/wp-json\/wp\/v2\/posts\/258635","targetHints":{"allow":["GET"]}}],"collection":[{"href":"http:\/\/www.tvturk.com\/index.php\/wp-json\/wp\/v2\/posts"}],"about":[{"href":"http:\/\/www.tvturk.com\/index.php\/wp-json\/wp\/v2\/types\/post"}],"author":[{"embeddable":true,"href":"http:\/\/www.tvturk.com\/index.php\/wp-json\/wp\/v2\/users\/1"}],"replies":[{"embeddable":true,"href":"http:\/\/www.tvturk.com\/index.php\/wp-json\/wp\/v2\/comments?post=258635"}],"version-history":[{"count":0,"href":"http:\/\/www.tvturk.com\/index.php\/wp-json\/wp\/v2\/posts\/258635\/revisions"}],"wp:featuredmedia":[{"embeddable":true,"href":"http:\/\/www.tvturk.com\/index.php\/wp-json\/wp\/v2\/media\/258636"}],"wp:attachment":[{"href":"http:\/\/www.tvturk.com\/index.php\/wp-json\/wp\/v2\/media?parent=258635"}],"wp:term":[{"taxonomy":"category","embeddable":true,"href":"http:\/\/www.tvturk.com\/index.php\/wp-json\/wp\/v2\/categories?post=258635"},{"taxonomy":"post_tag","embeddable":true,"href":"http:\/\/www.tvturk.com\/index.php\/wp-json\/wp\/v2\/tags?post=258635"}],"curies":[{"name":"wp","href":"https:\/\/api.w.org\/{rel}","templated":true}]}}