{"id":258651,"date":"2020-01-22T10:16:22","date_gmt":"2020-01-22T07:16:22","guid":{"rendered":"http:\/\/www.tvturk.com\/index.php\/2020-yilinda-kamu-saglik-harcamalari-1886-milyar-tl-ile-rekor-duzeye-ulasacak\/"},"modified":"2020-01-22T10:16:22","modified_gmt":"2020-01-22T07:16:22","slug":"2020-yilinda-kamu-saglik-harcamalari-1886-milyar-tl-ile-rekor-duzeye-ulasacak","status":"publish","type":"post","link":"http:\/\/www.tvturk.com\/index.php\/2020-yilinda-kamu-saglik-harcamalari-1886-milyar-tl-ile-rekor-duzeye-ulasacak\/","title":{"rendered":"2020 y\u0131l\u0131nda kamu sa\u011fl\u0131k harcamalar\u0131 188,6 milyar TL ile rekor d\u00fczeye ula\u015facak"},"content":{"rendered":"<p>Sa\u011fl\u0131k Ekonomisi ve Politikas\u0131 Derne\u011fi Ba\u015fkan\u0131 Dr. G\u00fcven\u00e7 Ko\u00e7kaya\u2019n\u0131n a\u00e7\u0131klamalar\u0131na g\u00f6re 2020 kamu b\u00fct\u00e7esinde en fazla kaynak sa\u011fl\u0131k harcamalar\u0131na ayr\u0131ld\u0131. Sa\u011fl\u0131k harcamalar\u0131 2020\u2019de de artmaya devam ederek 188,6 milyar TL\u2019ye ula\u015fmas\u0131 bekleniyor.<\/p>\n<p>Sa\u011fl\u0131k Ekonomisi ve Politikas\u0131 Derne\u011fi ile Medipol \u00dcniversitesi Sa\u011fl\u0131k Sistemleri ve Politikalar\u0131 Uygulama ve Ara\u015ft\u0131rma Merkezi (SASPAM) ev sahipli\u011finde d\u00fczenlenen \u2018Sa\u011fl\u0131k Ekonomisi Sempozyumu\u2019nda sa\u011fl\u0131k harcamalar\u0131nda \u00f6nemli bir yer tutan ila\u00e7 harcamalar\u0131n\u0131n fiyatland\u0131rmas\u0131nda kullan\u0131lan farkl\u0131 y\u00f6ntemler uluslararas\u0131 konu\u015fmac\u0131lar\u0131n kat\u0131l\u0131m\u0131yla ge\u00e7ti\u011fimiz haftalarda de\u011ferlendirildi.<\/p>\n<p>Sempozyumda 2020 y\u0131l\u0131 sa\u011fl\u0131k harcamalar\u0131na dair detaylar\u0131 payla\u015fan Sa\u011fl\u0131k Ekonomisi ve Politikas\u0131 Derne\u011fi Ba\u015fkan\u0131 Dr. G\u00fcven\u00e7 Ko\u00e7kaya \u015funlar\u0131 aktard\u0131: \u201c2020 y\u0131l\u0131 Merkezi Y\u00f6netim B\u00fct\u00e7esi TBMM taraf\u0131ndan 1 trilyon 95,5 milyar TL olarak \u00f6ng\u00f6r\u00fclerek onayland\u0131. S\u00f6z konusu b\u00fct\u00e7eden y\u00fczde 17,2\u2019lik pay alan sa\u011fl\u0131k harcamalar\u0131 188,6 milyar olarak belirlendi. Sa\u011fl\u0131k harcamalar\u0131 bak\u0131m\u0131ndan kritik \u00f6neme sahip Sosyal G\u00fcvelik Kurumu\u2019nun (SGK) toplam harcamalar\u0131 ise 524 milyar TL olarak a\u00e7\u0131klan\u0131rken, bu tutar\u0131n da 122 milyar TL\u2019sinin sa\u011fl\u0131k harcamalar\u0131 kapsam\u0131nda kullan\u0131lmas\u0131 planlan\u0131yor.\u201d<\/p>\n<p>\u201cSGK b\u00fct\u00e7esinin neredeyse y\u00fczde 25`i sa\u011fl\u0131k harcamalar\u0131na ayr\u0131l\u0131yor\u201d<\/p>\n<p>SGK sa\u011fl\u0131k harcamalar\u0131n\u0131 da detayland\u0131ran G\u00fcven\u00e7 Ko\u00e7kaya, &#8220;Merkezi y\u00f6netim b\u00fct\u00e7esinden 2020 y\u0131l\u0131nda SGK\u2019ya transfer edilmesi planlanan 218 milyar TL\u2019lik tutar\u0131n da 13 milyar TL\u2019lik k\u0131sm\u0131n\u0131n \u00f6deme g\u00fcc\u00fc olmayanlar\u0131n genel sa\u011fl\u0131k sigortas\u0131 primlerinin kar\u015f\u0131lanmas\u0131 i\u00e7in harcanaca\u011f\u0131 \u00f6ng\u00f6r\u00fcl\u00fcyor. B\u00f6ylece SGK b\u00fct\u00e7esinin sa\u011fl\u0131k harcamalar\u0131na ayr\u0131lan k\u0131sm\u0131 135 milyar TL olarak planlan\u0131yor. Bir di\u011fer ifade ile SGK b\u00fct\u00e7esinin neredeyse y\u00fczde 25`i sa\u011fl\u0131k harcamalar\u0131na ayr\u0131l\u0131yor. Sa\u011fl\u0131k Bakanl\u0131\u011f\u0131n\u0131n merkezi b\u00fct\u00e7esi ise yakla\u015f\u0131k 58,8 milyar TL\u2019ye ula\u015f\u0131yor. T\u00fcrkiye Cumhuriyeti Devleti, 2020 kamu b\u00fct\u00e7esinde en fazla b\u00fct\u00e7eyi sa\u011fl\u0131\u011fa ay\u0131rd\u0131\u201d ifadelerini kulland\u0131.<\/p>\n<p>\u201cT\u00fcrkiye yerli ila\u00e7 sanayi korumak i\u00e7in fiyatland\u0131rma temelli te\u015fvikler uyguluyor\u201d<\/p>\n<p>Sa\u011fl\u0131k Ekonomisi ve Politikas\u0131 Derne\u011fi Ba\u015fkan Yard\u0131mc\u0131s\u0131 ve Hacettepe \u00dcniversitesi \u0130ktisat B\u00f6l\u00fcm\u00fc \u00f6\u011fretim \u00fcyesi Prof. Dr. Zafer \u00c7al\u0131\u015fkan yapt\u0131\u011f\u0131 sunumda ila\u00e7 fiyatland\u0131rma politikas\u0131n\u0131n ve ila\u00e7 harcama kar\u0131n\u0131n \u00fclkeden \u00fclkeye de\u011fi\u015fiklik g\u00f6sterdi\u011fini ancak tedavide artan ihtiya\u00e7lar\u0131n giderek yak\u0131nsad\u0131\u011f\u0131n\u0131 belirtti. Yani \u00fclkeler aras\u0131nda ila\u00e7 ve t\u0131bbi cihaz fiyatlama\/b\u00fct\u00e7eleme politikas\u0131 belirlemedeki farkl\u0131l\u0131\u011fa kar\u015f\u0131n yeni\/yenilik\u00e7i tedavilere olan talep konusunda politika belirlemenin benzer ad\u0131mlar atmay\u0131 zorunlu k\u0131ld\u0131\u011f\u0131n\u0131 vurgulad\u0131. Sa\u011fl\u0131k Ekonomisi ve Politikas\u0131 Derne\u011fi Sayman\u0131 ve Ondokuz May\u0131s \u00dcniversitesi Sa\u011fl\u0131k Y\u00f6netimi \u00f6\u011fretim \u00fcyesi Dr. G\u00fclpembe O\u011fuzhan bu durumu T\u00fcrkiye \u00f6zelinde de\u011ferlendirip, T\u00fcrkiye\u2019de yenilik\u00e7i \u00fcr\u00fcn fiyatlar\u0131n\u0131n \u00f6zellikle sabit kur d\u00fczenlemesine ve iskonto oranlar\u0131na ba\u011fl\u0131 olarak di\u011fer \u00fclkelere g\u00f6re daha d\u00fc\u015f\u00fck olurken, benzer \u00fcr\u00fcn fiyatlar\u0131n\u0131n di\u011fer \u00fclkelere g\u00f6re daha y\u00fcksek olabildi\u011fini vurgulad\u0131.<\/p>\n<p>Dr. G\u00fcven\u00e7 Ko\u00e7kaya ise T\u00fcrkiye ila\u00e7\/t\u0131bbi cihaz fiyatland\u0131rma politikalar\u0131n\u0131n yaln\u0131zca harcama y\u00f6n\u00fcyle de\u011fil orta ve uzun vadede harcamalar\u0131 da belirleyecek olan \u00fcretim ve ihracat y\u00f6n\u00fcyle de ele al\u0131nmas\u0131 gerekti\u011fini vurgulad\u0131.<\/p>\n","protected":false},"excerpt":{"rendered":"<p>SA\u011eLIK EKONOM\u0130S\u0130 VE POL\u0130T\u0130KASI DERNE\u011e\u0130 BA\u015eKANI DR. G\u00dcVEN\u00c7 KO\u00c7KAYA&#8217;NIN A\u00c7IKLAMALARINA G\u00d6RE 2020 KAMU B\u00dcT\u00c7ES\u0130NDE EN FAZLA KAYNAK SA\u011eLIK HARCAMALARINA AYRILDI.<\/p>\n","protected":false},"author":1,"featured_media":258652,"comment_status":"closed","ping_status":"open","sticky":false,"template":"","format":"standard","meta":{"jetpack_post_was_ever_published":false,"_jetpack_newsletter_access":"","_jetpack_dont_email_post_to_subs":false,"_jetpack_newsletter_tier_id":0,"_jetpack_memberships_contains_paywalled_content":false,"_jetpack_memberships_contains_paid_content":false,"footnotes":"","jetpack_publicize_message":"","jetpack_publicize_feature_enabled":true,"jetpack_social_post_already_shared":true,"jetpack_social_options":{"image_generator_settings":{"template":"highway","default_image_id":0,"font":"","enabled":false},"version":2}},"categories":[19],"tags":[29441,11539,1920,40070,60841,192,226,2981,982,734,22865,6266],"class_list":["post-258651","post","type-post","status-publish","format-standard","has-post-thumbnail","hentry","category-ekonomi","tag-29441","tag-11539","tag-1920","tag-duzeye","tag-harcamalari","tag-ile","tag-kamu","tag-milyar","tag-rekor","tag-saglik","tag-ulasacak","tag-yilinda"],"jetpack_publicize_connections":[],"jetpack_featured_media_url":"https:\/\/i0.wp.com\/www.tvturk.com\/wp-content\/uploads\/2020\/01\/2020-yilinda-kamu-saglik-harcamalari-1886-milyar-tl-ile-rekor-duzeye-ulasacak_71b5ec1.jpg?fit=865%2C1000","jetpack_sharing_enabled":true,"jetpack_shortlink":"https:\/\/wp.me\/paKIfm-15hN","_links":{"self":[{"href":"http:\/\/www.tvturk.com\/index.php\/wp-json\/wp\/v2\/posts\/258651","targetHints":{"allow":["GET"]}}],"collection":[{"href":"http:\/\/www.tvturk.com\/index.php\/wp-json\/wp\/v2\/posts"}],"about":[{"href":"http:\/\/www.tvturk.com\/index.php\/wp-json\/wp\/v2\/types\/post"}],"author":[{"embeddable":true,"href":"http:\/\/www.tvturk.com\/index.php\/wp-json\/wp\/v2\/users\/1"}],"replies":[{"embeddable":true,"href":"http:\/\/www.tvturk.com\/index.php\/wp-json\/wp\/v2\/comments?post=258651"}],"version-history":[{"count":0,"href":"http:\/\/www.tvturk.com\/index.php\/wp-json\/wp\/v2\/posts\/258651\/revisions"}],"wp:featuredmedia":[{"embeddable":true,"href":"http:\/\/www.tvturk.com\/index.php\/wp-json\/wp\/v2\/media\/258652"}],"wp:attachment":[{"href":"http:\/\/www.tvturk.com\/index.php\/wp-json\/wp\/v2\/media?parent=258651"}],"wp:term":[{"taxonomy":"category","embeddable":true,"href":"http:\/\/www.tvturk.com\/index.php\/wp-json\/wp\/v2\/categories?post=258651"},{"taxonomy":"post_tag","embeddable":true,"href":"http:\/\/www.tvturk.com\/index.php\/wp-json\/wp\/v2\/tags?post=258651"}],"curies":[{"name":"wp","href":"https:\/\/api.w.org\/{rel}","templated":true}]}}