{"id":258731,"date":"2020-01-22T11:17:34","date_gmt":"2020-01-22T08:17:34","guid":{"rendered":"http:\/\/www.tvturk.com\/index.php\/pawel-olkowski-umarim-genclerbirligi-macinda-puan-ya-da-puanlar-aliriz\/"},"modified":"2020-01-22T11:17:34","modified_gmt":"2020-01-22T08:17:34","slug":"pawel-olkowski-umarim-genclerbirligi-macinda-puan-ya-da-puanlar-aliriz","status":"publish","type":"post","link":"http:\/\/www.tvturk.com\/index.php\/pawel-olkowski-umarim-genclerbirligi-macinda-puan-ya-da-puanlar-aliriz\/","title":{"rendered":"Pawel Olkowski: &#8220;Umar\u0131m Gen\u00e7lerbirli\u011fi ma\u00e7\u0131nda puan ya da puanlar al\u0131r\u0131z&#8221;"},"content":{"rendered":"<p>Gaziantep Futbol Kul\u00fcb\u00fc futbolcusu Pawel Olkowski, Gen\u00e7lerbirli\u011fi ma\u00e7\u0131 ile ilgili de\u011ferlendirmelerde bulunarak, \u201cUmar\u0131m Gen\u00e7lerbirli\u011fi ma\u00e7\u0131nda puan ya da puanlar al\u0131r\u0131z\u201d dedi.<\/p>\n<p>Gaziantep Futbol Kul\u00fcb\u00fc, cuma g\u00fcn\u00fc deplasmanda oynayaca\u011f\u0131 Gen\u00e7lerbirli\u011fi ma\u00e7\u0131n\u0131n haz\u0131rl\u0131klar\u0131na ara vermeden devam ediyor. 29 ya\u015f\u0131ndaki Polonyal\u0131 savunmac\u0131 Pawel Olkowski, antrenman \u00f6ncesi bas\u0131n mensuplar\u0131na a\u00e7\u0131klamalarda bulundu.<\/p>\n<p>\u201cUmar\u0131m Gen\u00e7lerbirli\u011fi ma\u00e7\u0131nda puan ya da puanlar al\u0131r\u0131z\u201d<\/p>\n<p>Gen\u00e7lerbirli\u011fi ma\u00e7\u0131ndan puan ya da puanlar almak istediklerini belirten Pawel Olkowski, \u201cAnkara\u2019da belki de benim i\u00e7in ikinci bir \u015fans olacak. Ama \u00f6nemli olan bu de\u011fil. \u00d6nemli olan bizim ma\u00e7\u0131 kazanmam\u0131z gerekti\u011fi. Bir tak\u0131m hedefe ula\u015fmak i\u00e7in sadece 11 oyuncu gerekmiyor. 11 oyuncudan fazlas\u0131 gerekiyor. Biz de umar\u0131m Gen\u00e7lerbirli\u011fi ma\u00e7\u0131nda puan ya da puanlar al\u0131r\u0131z. Tek hedefimiz bu. \u00c7\u00fcnk\u00fc sezon \u00e7ok uzun ve tak\u0131m\u0131n her \u015fekilde b\u00fct\u00fcn oyunculara ihtiyac\u0131 var\u201d ifadelerini kulland\u0131.<\/p>\n<p>\u201cHer zaman \u00f6n\u00fcm\u00fczdeki ma\u00e7a odaklanmal\u0131y\u0131z\u201d<\/p>\n<p>Tak\u0131m\u0131n sezon hedefleri konusunda da de\u011ferlendirmelerde bulunan Olkowski, hedeflerine ma\u00e7 ma\u00e7 bakarak ula\u015fmak istediklerini vurgulayarak, \u201cBence bizim her zaman \u00f6n\u00fcm\u00fczdeki ma\u00e7a odaklanmam\u0131z laz\u0131m. Sezonu tamamen d\u00fc\u015f\u00fcnmeyi do\u011fru bulmuyorum. Her ma\u00e7\u0131 birer birer de\u011ferlendirmek laz\u0131m, her zaman \u00f6n\u00fcm\u00fczdeki ilk ma\u00e7a konsantre olmam\u0131z gerekiyor. O y\u00fczden her hafta \u00f6n\u00fcm\u00fczdeki ma\u00e7\u0131 d\u00fc\u015f\u00fcnerek gitmemiz gerekiyor\u201d diye konu\u015ftu.<\/p>\n<p>Teknik Direkt\u00f6r Marius Sumudica y\u00f6netiminde yap\u0131lan \u00e7al\u0131\u015fma yakla\u015f\u0131k 1 saat 20 dakika s\u00fcrd\u00fc. Is\u0131nma ve koordinasyon \u00e7al\u0131\u015fmalar\u0131yla ba\u015flayan antrenman \u00e7ift kale ma\u00e7la son buldu.<\/p>\n","protected":false},"excerpt":{"rendered":"<p>GAZ\u0130ANTEP FUTBOL KUL\u00dcB\u00dc, CUMA G\u00dcN\u00dc DEPLASMANDA OYNAYACA\u011eI GEN\u00c7LERB\u0130RL\u0130\u011e\u0130 MA\u00c7ININ HAZIRLIKLARINA ARA VERMEDEN DEVAM ED\u0130YOR. 29 YA\u015eINDAK\u0130 POLONYALI SAVUNMACI PAWEL OLKOWSK\u0130, ANTRENMAN \u00d6NCES\u0130 BASIN MENSUPLARINA A\u00c7IKLAMALARDA BULUNDU.<\/p>\n","protected":false},"author":1,"featured_media":258732,"comment_status":"closed","ping_status":"open","sticky":false,"template":"","format":"standard","meta":{"jetpack_post_was_ever_published":false,"_jetpack_newsletter_access":"","_jetpack_dont_email_post_to_subs":false,"_jetpack_newsletter_tier_id":0,"_jetpack_memberships_contains_paywalled_content":false,"_jetpack_memberships_contains_paid_content":false,"footnotes":"","jetpack_publicize_message":"","jetpack_publicize_feature_enabled":true,"jetpack_social_post_already_shared":true,"jetpack_social_options":{"image_generator_settings":{"template":"highway","default_image_id":0,"font":"","enabled":false},"version":2}},"categories":[657],"tags":[50984,21777,7850,4450,44215,44214,7080,8576],"class_list":["post-258731","post","type-post","status-publish","format-standard","has-post-thumbnail","hentry","category-spor","tag-umarim","tag-aliriz","tag-genclerbirligi","tag-macinda","tag-olkowski","tag-pawel","tag-puan","tag-puanlar"],"jetpack_publicize_connections":[],"jetpack_featured_media_url":"https:\/\/i0.wp.com\/www.tvturk.com\/wp-content\/uploads\/2020\/01\/pawel-olkowski-umarim-genclerbirligi-macinda-puan-ya-da-puanlar-aliriz_8c873a3.jpg?fit=1000%2C666","jetpack_sharing_enabled":true,"jetpack_shortlink":"https:\/\/wp.me\/paKIfm-15j5","_links":{"self":[{"href":"http:\/\/www.tvturk.com\/index.php\/wp-json\/wp\/v2\/posts\/258731","targetHints":{"allow":["GET"]}}],"collection":[{"href":"http:\/\/www.tvturk.com\/index.php\/wp-json\/wp\/v2\/posts"}],"about":[{"href":"http:\/\/www.tvturk.com\/index.php\/wp-json\/wp\/v2\/types\/post"}],"author":[{"embeddable":true,"href":"http:\/\/www.tvturk.com\/index.php\/wp-json\/wp\/v2\/users\/1"}],"replies":[{"embeddable":true,"href":"http:\/\/www.tvturk.com\/index.php\/wp-json\/wp\/v2\/comments?post=258731"}],"version-history":[{"count":0,"href":"http:\/\/www.tvturk.com\/index.php\/wp-json\/wp\/v2\/posts\/258731\/revisions"}],"wp:featuredmedia":[{"embeddable":true,"href":"http:\/\/www.tvturk.com\/index.php\/wp-json\/wp\/v2\/media\/258732"}],"wp:attachment":[{"href":"http:\/\/www.tvturk.com\/index.php\/wp-json\/wp\/v2\/media?parent=258731"}],"wp:term":[{"taxonomy":"category","embeddable":true,"href":"http:\/\/www.tvturk.com\/index.php\/wp-json\/wp\/v2\/categories?post=258731"},{"taxonomy":"post_tag","embeddable":true,"href":"http:\/\/www.tvturk.com\/index.php\/wp-json\/wp\/v2\/tags?post=258731"}],"curies":[{"name":"wp","href":"https:\/\/api.w.org\/{rel}","templated":true}]}}