{"id":258735,"date":"2020-01-22T11:32:03","date_gmt":"2020-01-22T08:32:03","guid":{"rendered":"http:\/\/www.tvturk.com\/index.php\/ozel-haber-tarihi-fabrika-yasayan-muze-olacak\/"},"modified":"2020-01-22T11:32:03","modified_gmt":"2020-01-22T08:32:03","slug":"ozel-haber-tarihi-fabrika-yasayan-muze-olacak","status":"publish","type":"post","link":"http:\/\/www.tvturk.com\/index.php\/ozel-haber-tarihi-fabrika-yasayan-muze-olacak\/","title":{"rendered":"(\u00d6zel Haber) Tarihi fabrika ya\u015fayan m\u00fcze olacak"},"content":{"rendered":"<p>Bal\u0131kesir\u2019in Edremit il\u00e7esinde yakla\u015f\u0131k 60 y\u0131ld\u0131r Ferhatolu ailesi taraf\u0131ndan i\u015fletilen ta\u015f bask\u0131 (sulu bask\u0131) \u00fcretim yapan zeytinya\u011f\u0131 fabrikas\u0131 son ticari \u00fcretimini yapt\u0131. Fabrika gelecek g\u00fcnlerde ya\u015fayan m\u00fczeye d\u00f6n\u00fc\u015ft\u00fcr\u00fclecek.<\/p>\n<p>60 y\u0131ld\u0131r Ferhato\u011flu ailesi taraf\u0131ndan as\u0131rl\u0131k \u00fcretim teknikleri ile zeytinya\u011f\u0131 \u00e7\u0131kartan fabrika son ticari \u00e7al\u0131\u015fmas\u0131n\u0131 tamamlad\u0131. Zeytin sezonunun sonuna gelindi\u011fi bu g\u00fcnlerde fabrikan\u0131n kap\u0131lar\u0131n\u0131 kapatmak yerine onu ya\u015fayan bir m\u00fcze yaparak turizme de\u011fer katmas\u0131n\u0131 isteyen Ferhato\u011flu ailesi gelecek y\u0131llarda zeytin sezonu boyunca turizm ama\u00e7l\u0131 \u00fcretime devam edilece\u011fini ifade ettiler.<\/p>\n<p>\u00c7al\u0131\u015fmalar hakk\u0131nda bilgi veren Ferhatolu Zeytincilik Genel Koordinat\u00f6r\u00fc Murat K\u00fc\u00e7\u00fck\u00e7ak\u0131r, \u201c\u0130\u00e7inde bulundu\u011fumuz zeytinya\u011f\u0131 fabrikas\u0131 geleneksel usul \u00e7al\u0131\u015fan bir zeytinya\u011f\u0131 fabrikas\u0131d\u0131r. Yakla\u015f\u0131k olarak 60 ya\u015f\u0131n daha \u00fczerindedir. Bu y\u0131l ta\u015f bask\u0131 zeytinya\u011f\u0131 fabrikam\u0131z\u0131 son kez kulland\u0131k. \u015eu anda \u00fcretimimizin son g\u00fcn\u00fcndeyiz. Bundan sonraki projemiz bu zeytinya\u011f\u0131 fabrikas\u0131n\u0131 b\u00f6lge k\u00fclt\u00fcr\u00fcne, b\u00f6lge turizmine katk\u0131da bulunmak \u00fczere ya\u015fayan m\u00fcze haline getirmek. Yakla\u015f\u0131k 3-4 ay sonra ayn\u0131 mekan\u0131 ya\u015fayan bir m\u00fcze olarak g\u00f6receksiniz. Ya\u015fayan m\u00fcze ne demek? Burada ayn\u0131 zamanda sezonda biz zeytinya\u011f\u0131 s\u0131k\u0131m\u0131n\u0131 yapaca\u011f\u0131z. Gelenler eski usul ta\u015f bask\u0131 veya sulu bask\u0131 denilen zeytinya\u011f\u0131 \u00fcretim tekni\u011fini burada bizzat ya\u015fayarak \u00f6\u011frenecek. Bunun yan\u0131nda zeytinya\u011f\u0131 tarihine \u0131\u015f\u0131k tutan bir \u00e7ok objeyi burada g\u00f6rme imkan\u0131 bulacak\u201d dedi.<\/p>\n<p>Fabrikan\u0131n m\u00fczeye d\u00f6n\u00fc\u015ft\u00fcr\u00fclmesi i\u00e7in \u00f6n\u00fcm\u00fczdeki g\u00fcnlerde \u00e7al\u0131\u015fmalar ba\u015flat\u0131lacak.<\/p>\n","protected":false},"excerpt":{"rendered":"<p>BALIKES\u0130R\u2019\u0130N EDREM\u0130T \u0130L\u00c7ES\u0130NDE YAKLA\u015eIK 60 YILDIR FERHATOLU A\u0130LES\u0130 TARAFINDAN \u0130\u015eLET\u0130LEN TA\u015e BASKI (SULU BASKI) \u00dcRET\u0130M YAPAN ZEYT\u0130NYA\u011eI FABR\u0130KASI SON T\u0130CAR\u0130 \u00dcRET\u0130M\u0130N\u0130 YAPTI. FABR\u0130KA GELECEK G\u00dcNLERDE YA\u015eAYAN M\u00dcZEYE D\u00d6N\u00dc\u015eT\u00dcR\u00dcLECEK.<\/p>\n","protected":false},"author":1,"featured_media":258736,"comment_status":"closed","ping_status":"open","sticky":false,"template":"","format":"standard","meta":{"jetpack_post_was_ever_published":false,"_jetpack_newsletter_access":"","_jetpack_dont_email_post_to_subs":false,"_jetpack_newsletter_tier_id":0,"_jetpack_memberships_contains_paywalled_content":false,"_jetpack_memberships_contains_paid_content":false,"footnotes":"","jetpack_publicize_message":"","jetpack_publicize_feature_enabled":true,"jetpack_social_post_already_shared":true,"jetpack_social_options":{"image_generator_settings":{"template":"highway","default_image_id":0,"font":"","enabled":false},"version":2}},"categories":[1],"tags":[1073,2271,1545,10594,1189,800,3462],"class_list":["post-258735","post","type-post","status-publish","format-standard","has-post-thumbnail","hentry","category-genel","tag-ozel","tag-fabrika","tag-haber","tag-muze","tag-olacak","tag-tarihi","tag-yasayan"],"jetpack_publicize_connections":[],"jetpack_featured_media_url":"https:\/\/i0.wp.com\/www.tvturk.com\/wp-content\/uploads\/2020\/01\/ozel-haber-tarihi-fabrika-yasayan-muze-olacak_41214b3.jpg?fit=1000%2C666","jetpack_sharing_enabled":true,"jetpack_shortlink":"https:\/\/wp.me\/paKIfm-15j9","_links":{"self":[{"href":"http:\/\/www.tvturk.com\/index.php\/wp-json\/wp\/v2\/posts\/258735","targetHints":{"allow":["GET"]}}],"collection":[{"href":"http:\/\/www.tvturk.com\/index.php\/wp-json\/wp\/v2\/posts"}],"about":[{"href":"http:\/\/www.tvturk.com\/index.php\/wp-json\/wp\/v2\/types\/post"}],"author":[{"embeddable":true,"href":"http:\/\/www.tvturk.com\/index.php\/wp-json\/wp\/v2\/users\/1"}],"replies":[{"embeddable":true,"href":"http:\/\/www.tvturk.com\/index.php\/wp-json\/wp\/v2\/comments?post=258735"}],"version-history":[{"count":0,"href":"http:\/\/www.tvturk.com\/index.php\/wp-json\/wp\/v2\/posts\/258735\/revisions"}],"wp:featuredmedia":[{"embeddable":true,"href":"http:\/\/www.tvturk.com\/index.php\/wp-json\/wp\/v2\/media\/258736"}],"wp:attachment":[{"href":"http:\/\/www.tvturk.com\/index.php\/wp-json\/wp\/v2\/media?parent=258735"}],"wp:term":[{"taxonomy":"category","embeddable":true,"href":"http:\/\/www.tvturk.com\/index.php\/wp-json\/wp\/v2\/categories?post=258735"},{"taxonomy":"post_tag","embeddable":true,"href":"http:\/\/www.tvturk.com\/index.php\/wp-json\/wp\/v2\/tags?post=258735"}],"curies":[{"name":"wp","href":"https:\/\/api.w.org\/{rel}","templated":true}]}}