{"id":258761,"date":"2020-01-22T11:46:55","date_gmt":"2020-01-22T08:46:55","guid":{"rendered":"http:\/\/www.tvturk.com\/index.php\/erbas-yazmasaydim-kamyon-soforu-olurdum\/"},"modified":"2020-01-22T11:46:55","modified_gmt":"2020-01-22T08:46:55","slug":"erbas-yazmasaydim-kamyon-soforu-olurdum","status":"publish","type":"post","link":"http:\/\/www.tvturk.com\/index.php\/erbas-yazmasaydim-kamyon-soforu-olurdum\/","title":{"rendered":"Erba\u015f: \u201cYazmasayd\u0131m kamyon \u015fof\u00f6r\u00fc olurdum\u201d"},"content":{"rendered":"<p>T\u00fcrkiye\u2019de toplumcu ger\u00e7ek\u00e7i \u015fairler aras\u0131nda g\u00f6sterilen \u015e\u00fckr\u00fc Erba\u015f, Nil\u00fcfer Belediyesi\u2019nin d\u00fczenledi\u011fi \u201c\u015eairin \u015eiir Evreni S\u00f6yle\u015fileri\u201dne konuk oldu.<\/p>\n<p>\u015e\u00fckr\u00fc Erba\u015f, Nil\u00fcfer Belediyesi\u2019nin her ay d\u00fczenledi\u011fi \u015fairin \u015fiir evreni s\u00f6yle\u015filerinin konu\u011fu oldu. N\u00e2z\u0131m Hikmet K\u00fclt\u00fcrevi\u2019nde okurlar\u0131yla bulu\u015fan Erba\u015f, Selahattin Yolgiden\u2019in y\u00f6netti\u011fi, T\u00fcrkiye\u2019de h\u00e2kim olan edebiyat atmosferi, hitap etti\u011fi okur kitlesi, yaz\u0131n hayat\u0131 ve \u015fiir- sosyal medya ili\u015fkisi gibi konularda merak edilen sorular\u0131 cevaplad\u0131. \u015eiir anlay\u0131\u015f\u0131 ve eserinin \u015fekillenme a\u015famas\u0131 hakk\u0131nda bilgi veren Erba\u015f \u201cD\u00f6nemin karakterinin de etkisi ile \u00e7ok erken ya\u015fta, benim ac\u0131lar\u0131m toplumun ac\u0131s\u0131, ayr\u0131l\u0131\u011f\u0131, toplumun ya\u015fad\u0131\u011f\u0131 \u015fiddet, bask\u0131, yoksulluk oldu ve dolay\u0131s\u0131yla b\u00fct\u00fcn bunlar benim \u015fiirimi toplumun \u015fiiri yapt\u0131. B\u00f6yle olunca da var olu\u015funuzu ba\u015fka hayatlar\u0131n kaidesi \u00fczerine oturtmaya ba\u015fl\u0131yorsunuz\u201d diye konu\u015ftu.<\/p>\n<p>\u015eair ve yazarlara s\u0131k\u00e7a sorulan \u201cyazmasayd\u0131n\u0131z ne yapard\u0131n\u0131z\u201d sorusunu ise \u201cYa kamyon \u015fof\u00f6r\u00fc ya da mafya babas\u0131 olurdum\u201d diyerek esprili bir \u015fekilde cevap veren \u015e\u00fckr\u00fc Erba\u015f, yazmama h\u00e2linin imk\u00e2ns\u0131zl\u0131\u011f\u0131n\u0131 \u201cYazmamak, ister istemez kalbimin ve akl\u0131m\u0131n y\u00fck\u00fcn\u00fc kald\u0131ramayaca\u011f\u0131m bir yere do\u011fru g\u00f6t\u00fcr\u00fcyor beni. \u015eiirden ba\u015fka elimden hi\u00e7 bir \u015fey gelmiyor, sadece yazarak insan oldu\u011fumu hissediyorum. Yazmad\u0131\u011f\u0131m zaman d\u00fcnyan\u0131n b\u00fct\u00fcn ac\u0131lar\u0131ndan, pisli\u011finden, zulm\u00fcnden ben sorumluyum diye inan\u0131lmaz bir sorumluluk duygusuyla ac\u0131 \u00e7ekmeye ba\u015fl\u0131yorum\u201d s\u00f6zleri ile ifade etti.<\/p>\n<p>Nil\u00fcfer Belediye Ba\u015fkan Yard\u0131mc\u0131s\u0131 Zafer Y\u0131ld\u0131z, keyifli s\u00f6yle\u015fi i\u00e7in \u015fairi kutlayarak, Erba\u015f\u2019a ba\u015far\u0131lar diledi.<\/p>\n","protected":false},"excerpt":{"rendered":"<p>T\u00dcRK\u0130YE\u2019DE TOPLUMCU GER\u00c7EK\u00c7\u0130 \u015eA\u0130RLER ARASINDA G\u00d6STER\u0130LEN \u015e\u00dcKR\u00dc ERBA\u015e, N\u0130L\u00dcFER BELED\u0130YES\u0130\u2019N\u0130N D\u00dcZENLED\u0130\u011e\u0130 \u201c\u015eA\u0130R\u0130N \u015e\u0130\u0130R EVREN\u0130 S\u00d6YLE\u015e\u0130LER\u0130\u201dNE KONUK OLDU.<\/p>\n","protected":false},"author":1,"featured_media":258762,"comment_status":"closed","ping_status":"open","sticky":false,"template":"","format":"standard","meta":{"jetpack_post_was_ever_published":false,"_jetpack_newsletter_access":"","_jetpack_dont_email_post_to_subs":false,"_jetpack_newsletter_tier_id":0,"_jetpack_memberships_contains_paywalled_content":false,"_jetpack_memberships_contains_paid_content":false,"footnotes":"","jetpack_publicize_message":"","jetpack_publicize_feature_enabled":true,"jetpack_social_post_already_shared":true,"jetpack_social_options":{"image_generator_settings":{"template":"highway","default_image_id":0,"font":"","enabled":false},"version":2}},"categories":[1],"tags":[63892,10687,834,63893,2709],"class_list":["post-258761","post","type-post","status-publish","format-standard","has-post-thumbnail","hentry","category-genel","tag-yazmasaydim","tag-erbas","tag-kamyon","tag-olurdum","tag-soforu"],"jetpack_publicize_connections":[],"jetpack_featured_media_url":"https:\/\/i0.wp.com\/www.tvturk.com\/wp-content\/uploads\/2020\/01\/erbas-yazmasaydim-kamyon-soforu-olurdum_d5b6db8.jpg?fit=1000%2C656","jetpack_sharing_enabled":true,"jetpack_shortlink":"https:\/\/wp.me\/paKIfm-15jz","_links":{"self":[{"href":"http:\/\/www.tvturk.com\/index.php\/wp-json\/wp\/v2\/posts\/258761","targetHints":{"allow":["GET"]}}],"collection":[{"href":"http:\/\/www.tvturk.com\/index.php\/wp-json\/wp\/v2\/posts"}],"about":[{"href":"http:\/\/www.tvturk.com\/index.php\/wp-json\/wp\/v2\/types\/post"}],"author":[{"embeddable":true,"href":"http:\/\/www.tvturk.com\/index.php\/wp-json\/wp\/v2\/users\/1"}],"replies":[{"embeddable":true,"href":"http:\/\/www.tvturk.com\/index.php\/wp-json\/wp\/v2\/comments?post=258761"}],"version-history":[{"count":0,"href":"http:\/\/www.tvturk.com\/index.php\/wp-json\/wp\/v2\/posts\/258761\/revisions"}],"wp:featuredmedia":[{"embeddable":true,"href":"http:\/\/www.tvturk.com\/index.php\/wp-json\/wp\/v2\/media\/258762"}],"wp:attachment":[{"href":"http:\/\/www.tvturk.com\/index.php\/wp-json\/wp\/v2\/media?parent=258761"}],"wp:term":[{"taxonomy":"category","embeddable":true,"href":"http:\/\/www.tvturk.com\/index.php\/wp-json\/wp\/v2\/categories?post=258761"},{"taxonomy":"post_tag","embeddable":true,"href":"http:\/\/www.tvturk.com\/index.php\/wp-json\/wp\/v2\/tags?post=258761"}],"curies":[{"name":"wp","href":"https:\/\/api.w.org\/{rel}","templated":true}]}}