{"id":258763,"date":"2020-01-22T11:47:34","date_gmt":"2020-01-22T08:47:34","guid":{"rendered":"http:\/\/www.tvturk.com\/index.php\/hekimoglu-trabzon-fk-erkut-satilmis-ile-4-5-yillik-sozlesme-imzaladi\/"},"modified":"2020-01-22T11:47:34","modified_gmt":"2020-01-22T08:47:34","slug":"hekimoglu-trabzon-fk-erkut-satilmis-ile-4-5-yillik-sozlesme-imzaladi","status":"publish","type":"post","link":"http:\/\/www.tvturk.com\/index.php\/hekimoglu-trabzon-fk-erkut-satilmis-ile-4-5-yillik-sozlesme-imzaladi\/","title":{"rendered":"Hekimo\u011flu Trabzon FK, Erkut Sat\u0131lm\u0131\u015f ile 4.5 y\u0131ll\u0131k s\u00f6zle\u015fme imzalad\u0131"},"content":{"rendered":"<p>TFF 2. Lig Beyaz Grup\u2019ta m\u00fccadele eden Hekimo\u011flu Trabzon FK, Almanya\u2019n\u0131n 1860 M\u00fcnih II tak\u0131m\u0131n\u0131n savunma oyuncusu Erkut Sat\u0131lm\u0131\u015f ile 4.5 y\u0131ll\u0131k s\u00f6zle\u015fme imzalad\u0131.<\/p>\n<p>Hekimo\u011flu Trabzon FK Tesisleri\u2019nde d\u00fczenlenen imza t\u00f6reninde Ba\u015fkan Vekili Suat Hekimo\u011flu haz\u0131r bulundu. Transfer oldu\u011fu i\u00e7in \u00e7ok mutlu oldu\u011funu ifade eden Erkut Sat\u0131lm\u0131\u015f, &#8220;Hedefi olan bir tak\u0131ma geldim. G\u00f6rd\u00fc\u011f\u00fcm yak\u0131n ilgi ve arkada\u015fl\u0131k ortam\u0131 beni etkiledi. T\u00fcrkiye\u2019ye kal\u0131c\u0131 olmak i\u00e7in geldim. Futbol \u015fehri olan Trabzon\u2019da futbola a\u015f\u0131k bir camiada oynayaca\u011f\u0131m i\u00e7in ger\u00e7ekten mutluyum. Kendimi yaln\u0131z hissetmeyece\u011fim bir kul\u00fcpte sadece i\u015fimi yapaca\u011f\u0131m i\u00e7in mutluyum. K\u0131sa s\u00fcrede kendimi kabul ettirece\u011fim&#8221; dedi.<\/p>\n<p>Hekimo\u011flu Trabzon FK Kul\u00fcp Ba\u015fkan Vekili Suat Hekimo\u011flu ise Erkut\u2019un takip ettikleri oyuncular aras\u0131nda yer ald\u0131\u011f\u0131n\u0131 belirterek, &#8220;Futbol alt yap\u0131s\u0131n\u0131 Almanya da alm\u0131\u015f gen\u00e7 bir karde\u015fimiz. Ba\u015far\u0131l\u0131 olaca\u011f\u0131na inanc\u0131m\u0131z tam. Kendisinden uzun s\u00fcre faydalanmak istiyoruz. Bu y\u00fczden 4.5 y\u0131ll\u0131k s\u00f6zle\u015fme imzalad\u0131k. T\u00fcrk futboluna ve tak\u0131m\u0131m\u0131za hay\u0131rl\u0131 olsun&#8221; dedi.<\/p>\n","protected":false},"excerpt":{"rendered":"<p>TFF 2 L\u0130G BEYAZ GRUPTA M\u00dcCADELE EDEN HEK\u0130MO\u011eLU TRABZON FK, ALMANYA\u2019NIN  1860  M\u00dcNCHEN II TAKIMININ SAVUNMA OYUNCUSU  ERKUT SATILMI\u015e  \u0130LE 4,5 YILLIK S\u00d6ZLE\u015eME \u0130MZALADI.<\/p>\n","protected":false},"author":1,"featured_media":258764,"comment_status":"closed","ping_status":"open","sticky":false,"template":"","format":"standard","meta":{"jetpack_post_was_ever_published":false,"_jetpack_newsletter_access":"","_jetpack_dont_email_post_to_subs":false,"_jetpack_newsletter_tier_id":0,"_jetpack_memberships_contains_paywalled_content":false,"_jetpack_memberships_contains_paid_content":false,"footnotes":"","jetpack_publicize_message":"","jetpack_publicize_feature_enabled":true,"jetpack_social_post_already_shared":true,"jetpack_social_options":{"image_generator_settings":{"template":"highway","default_image_id":0,"font":"","enabled":false},"version":2}},"categories":[657],"tags":[4605,22792,63894,8417,4693,192,2317,63895,4475,710],"class_list":["post-258763","post","type-post","status-publish","format-standard","has-post-thumbnail","hentry","category-spor","tag-trabzon","tag-4-5","tag-erkut","tag-fk","tag-hekimoglu","tag-ile","tag-imzaladi","tag-satilmis","tag-sozlesme","tag-yillik"],"jetpack_publicize_connections":[],"jetpack_featured_media_url":"https:\/\/i0.wp.com\/www.tvturk.com\/wp-content\/uploads\/2020\/01\/hekimoglu-trabzon-fk-erkut-satilmis-ile-45-yillik-sozlesme-imzaladi_d7fbadf.jpg?fit=1000%2C780","jetpack_sharing_enabled":true,"jetpack_shortlink":"https:\/\/wp.me\/paKIfm-15jB","_links":{"self":[{"href":"http:\/\/www.tvturk.com\/index.php\/wp-json\/wp\/v2\/posts\/258763","targetHints":{"allow":["GET"]}}],"collection":[{"href":"http:\/\/www.tvturk.com\/index.php\/wp-json\/wp\/v2\/posts"}],"about":[{"href":"http:\/\/www.tvturk.com\/index.php\/wp-json\/wp\/v2\/types\/post"}],"author":[{"embeddable":true,"href":"http:\/\/www.tvturk.com\/index.php\/wp-json\/wp\/v2\/users\/1"}],"replies":[{"embeddable":true,"href":"http:\/\/www.tvturk.com\/index.php\/wp-json\/wp\/v2\/comments?post=258763"}],"version-history":[{"count":0,"href":"http:\/\/www.tvturk.com\/index.php\/wp-json\/wp\/v2\/posts\/258763\/revisions"}],"wp:featuredmedia":[{"embeddable":true,"href":"http:\/\/www.tvturk.com\/index.php\/wp-json\/wp\/v2\/media\/258764"}],"wp:attachment":[{"href":"http:\/\/www.tvturk.com\/index.php\/wp-json\/wp\/v2\/media?parent=258763"}],"wp:term":[{"taxonomy":"category","embeddable":true,"href":"http:\/\/www.tvturk.com\/index.php\/wp-json\/wp\/v2\/categories?post=258763"},{"taxonomy":"post_tag","embeddable":true,"href":"http:\/\/www.tvturk.com\/index.php\/wp-json\/wp\/v2\/tags?post=258763"}],"curies":[{"name":"wp","href":"https:\/\/api.w.org\/{rel}","templated":true}]}}