{"id":258771,"date":"2020-01-22T12:03:10","date_gmt":"2020-01-22T09:03:10","guid":{"rendered":"http:\/\/www.tvturk.com\/index.php\/elazigin-kovancilar-ilcesi-yazibasi-koyunde-115-yil-once-yapilan-alibeykoy-konagi-yok-olmak-uzere\/"},"modified":"2020-01-22T12:03:10","modified_gmt":"2020-01-22T09:03:10","slug":"elazigin-kovancilar-ilcesi-yazibasi-koyunde-115-yil-once-yapilan-alibeykoy-konagi-yok-olmak-uzere","status":"publish","type":"post","link":"http:\/\/www.tvturk.com\/index.php\/elazigin-kovancilar-ilcesi-yazibasi-koyunde-115-yil-once-yapilan-alibeykoy-konagi-yok-olmak-uzere\/","title":{"rendered":"Elaz\u0131\u011f\u2019\u0131n Kovanc\u0131lar il\u00e7esi Yaz\u0131ba\u015f\u0131 k\u00f6y\u00fcnde 115 y\u0131l \u00f6nce yap\u0131lan  Alibeyk\u00f6y Kona\u011f\u0131 yok olmak \u00fczere"},"content":{"rendered":"<p>ELAZI\u011e (\u0130HA) \u2013Elaz\u0131\u011f\u2019\u0131n Kovanc\u0131lar il\u00e7esindeki zamanla yok olan 115 y\u0131ll\u0131k \u2018Alibeyk\u00f6y Kona\u011f\u0131\u2019n\u0131n k\u00f6yl\u00fclerin g\u00f6zetiminde bug\u00fcne kadar ayakta kalan kemerli giri\u015f kap\u0131s\u0131 restore edilmeyi bekliyor. Tarihi yap\u0131n\u0131n ta\u015flar\u0131n\u0131n d\u00fc\u015fmeye ba\u015flad\u0131\u011f\u0131n\u0131 belirten y\u00f6re sakinleri, \u00e7ocuklar\u0131n alt\u0131ndan ge\u00e7ti\u011fini, \u00fczerilerine devrilmesi halinde kurtulmalar\u0131n\u0131n \u00e7ok zor oldu\u011funu s\u00f6yledi.<\/p>\n<p>Kovanc\u0131lar il\u00e7esine ba\u011fl\u0131 Yaz\u0131ba\u015f\u0131 K\u00f6y\u00fc (Sekrat) s\u0131n\u0131rlar\u0131 i\u00e7erisinde bulunan tarihi \u2018Alibeyk\u00f6y Kona\u011f\u0131\u2019ndan geriye kalan  kap\u0131n\u0131n kemerli surlar\u0131 zamana kar\u015f\u0131 direniyor. 2. Abd\u00fclhamid d\u00f6neminde in\u015fa edildi\u011fi bilinen ve kap\u0131 surundaki kilitli ta\u015fta 1905 y\u0131l\u0131nda yap\u0131ld\u0131\u011f\u0131 yaz\u0131l\u0131 olan  tarihi konak zamanla yok oldu. Geleneksel mimari tekni\u011finden ziyade kilit sistemiyle yap\u0131lan ve \u00fczerinde Osmanl\u0131 d\u00f6nemine ait rakamlar\u0131n oldu\u011fu tarihi kap\u0131 suru, \u015fimdilerde mevsimsel ya\u011f\u0131\u015flar\u0131n da etkisiyle a\u015f\u0131nmaya ve zaman zaman ta\u015flar d\u00fc\u015fmeye ba\u015flad\u0131. K\u00f6y\u00fcn i\u00e7erisinde kalan y\u00fczy\u0131l\u0131 a\u015fk\u0131n tarihi ile sit alan\u0131 i\u00e7erisinde yer al\u0131p almad\u0131\u011f\u0131 k\u00f6y sakinleri taraf\u0131ndan bilinmiyor. Herhangi bir m\u00fcdahalede bulunmayan ancak giri\u015f \u00e7\u0131k\u0131\u015fta surlar\u0131n alt\u0131ndan ge\u00e7en k\u00f6y sakinlerinden Z\u00fclf\u00fc \u00c7elik, kap\u0131dan d\u00fc\u015fen ta\u015flar\u0131n \u00e7ocuklar\u0131 i\u00e7in b\u00fcy\u00fck tehlike arz etti\u011fini, restore edilerek sahip \u00e7\u0131k\u0131lmas\u0131n\u0131 istedi.<\/p>\n<p>\u00d6te yandan \u0130smet \u0130n\u00f6n\u00fc\u2019n\u00fcn hat\u0131ralar\u0131nda, 1. D\u00fcnya Sava\u015f\u0131 y\u0131llar\u0131nda Ali \u0130hsan Pa\u015fa komutas\u0131ndaki kolordunun o k\u00f6yde konaklad\u0131\u011f\u0131, ordu komutan\u0131n da Mustafa Kemal Atat\u00fcrk\u2019\u00fcn oldu\u011funu ve Alibeyk\u00f6y Kona\u011f\u0131\u2019nda misafir edildi\u011finin yer ald\u0131\u011f\u0131 \u00f6\u011frenildi.<\/p>\n<p>&#8220;Kap\u0131n\u0131n alt\u0131ndan korkarak ge\u00e7iyoruz&#8221;<\/p>\n<p>Tarihi kemer kap\u0131n\u0131n zamana direndi\u011fini ve zaman zaman d\u00fc\u015fen ta\u015f par\u00e7alar\u0131n\u0131n tehlike arz etti\u011fini dile getiren y\u00f6re sakini Z\u00fclf\u00fc \u00c7elik, \u201c Sorunumuz, k\u00f6y\u00fcm\u00fcz s\u0131n\u0131rlar\u0131 i\u00e7erisinde bulunan tarihi Alibeyk\u00f6y Kona\u011f\u0131\u2019n\u0131n giri\u015f kemer kap\u0131s\u0131n\u0131n y\u0131k\u0131lmaya y\u00fcz tutmas\u0131. Bug\u00fcne kadar hala ayakta duruyor. Ancak ya\u011f\u0131\u015flardan ve iklim \u015fartlar\u0131ndan dolay\u0131 y\u0131llar ge\u00e7tik\u00e7e a\u015f\u0131nmaya u\u011fruyor. Bizim de burada \u00e7ocuklar\u0131m\u0131z oynuyor, hayvanlar\u0131m\u0131z var. Bu kap\u0131n\u0131n alt\u0131ndan korkarak ge\u00e7iyoruz. \u0130nsandan daha de\u011ferli de\u011fil ama sonu\u00e7ta tarihi bir eser ve de\u011feri oldu\u011fu i\u00e7in biz de herhangi bir m\u00fcdahalede bulunam\u0131yoruz\u201d dedi.<\/p>\n<p>&#8220;Tarihi Ali Bey Kona\u011f\u0131 \u015fu anda yok&#8221;<\/p>\n<p>Kona\u011f\u0131n sadece kap\u0131s\u0131n\u0131n ayakta oldu\u011funa ve korumalar\u0131 alt\u0131nda oldu\u011funa dikkat \u00e7eken \u00c7elik, \u201cYetkililerin bu duruma el atmalar\u0131 ve durumumuzla ilgilenmeleri en b\u00fcy\u00fck ricam\u0131z. B\u00fcy\u00fcklerimiz m\u00fcmk\u00fcnse bizlere, yard\u0131mc\u0131 olsunlar. Kona\u011f\u0131n kap\u0131s\u0131n\u0131n ayakta durmas\u0131, bizim g\u00f6zetimimizde olmas\u0131ndan dolay\u0131d\u0131r. Bizlerin g\u00f6zetimi alt\u0131nda olmasayd\u0131 belki \u015fu anda kap\u0131 ayakta olmayabilirdi. Tarihi Alibeyk\u00f6y Kona\u011f\u0131 mevcut de\u011fil. Fakat kap\u0131 bizim kontrol\u00fcm\u00fcz alt\u0131nda\u201d \u015feklinde konu\u015ftu.<\/p>\n<p>&#8220;Kap\u0131n\u0131n ta\u015flar\u0131 d\u00fc\u015ft\u00fc d\u00fc\u015fecek &#8220;<\/p>\n<p>En b\u00fcy\u00fck korkular\u0131n\u0131n d\u00fc\u015fecek ta\u015flar\u0131n \u00e7ocuklara zarar vermesi oldu\u011funu dile getiren \u00c7elik,&#8221;Kap\u0131n\u0131n ta\u015flar\u0131 d\u00fc\u015ft\u00fc d\u00fc\u015fecek diye korkudan alt\u0131ndan ge\u00e7emiyoruz. Bizi ge\u00e7tik, bir \u015fekilde kendimizi koruyabiliriz ama \u00e7ocuklardan dolay\u0131 b\u00fcy\u00fck korkumuz var. Ta\u015flar d\u00fc\u015f\u00fcyor. Alt\u0131ndan ge\u00e7erken ta\u015flar d\u00fc\u015fm\u00fc\u015f olsa kurtulmam\u0131z \u00e7ok zor&#8221; ifadelerini kulland\u0131.<\/p>\n","protected":false},"excerpt":{"rendered":"<p>ELAZI\u011e\u2019IN KOVANCILAR \u0130L\u00c7ES\u0130NDEK\u0130 ZAMANLA YOK OLAN 115 YILLIK \u2018AL\u0130BEYK\u00d6Y KONA\u011eI\u2019NIN K\u00d6YL\u00dcLER\u0130N G\u00d6ZET\u0130M\u0130NDE BUG\u00dcNE KADAR AYAKTA KALAN KEMERL\u0130 G\u0130R\u0130\u015e KAPISI RESTORE ED\u0130LMEY\u0130 BEKL\u0130YOR.<\/p>\n","protected":false},"author":1,"featured_media":258772,"comment_status":"closed","ping_status":"open","sticky":false,"template":"","format":"standard","meta":{"jetpack_post_was_ever_published":false,"_jetpack_newsletter_access":"","_jetpack_dont_email_post_to_subs":false,"_jetpack_newsletter_tier_id":0,"_jetpack_memberships_contains_paywalled_content":false,"_jetpack_memberships_contains_paid_content":false,"footnotes":"","jetpack_publicize_message":"","jetpack_publicize_feature_enabled":true,"jetpack_social_post_already_shared":true,"jetpack_social_options":{"image_generator_settings":{"template":"highway","default_image_id":0,"font":"","enabled":false},"version":2}},"categories":[656],"tags":[5112,38556,36112,5675,716,63898,9591,1364,232,2150,530,63899,231,664],"class_list":["post-258771","post","type-post","status-publish","format-standard","has-post-thumbnail","hentry","category-kultur-sanat","tag-5112","tag-alibeykoy","tag-elazigin","tag-ilcesi","tag-konagi","tag-kovancilar","tag-koyunde","tag-olmak","tag-once","tag-uzere","tag-yapilan","tag-yazibasi","tag-yil","tag-yok"],"jetpack_publicize_connections":[],"jetpack_featured_media_url":"https:\/\/i0.wp.com\/www.tvturk.com\/wp-content\/uploads\/2020\/01\/elazigin-kovancilar-ilcesi-yazibasi-koyunde-115-yil-once-yapilan-alibeykoy-konagi-yok-olmak-uzere_d4d76fe.jpg?fit=1000%2C666","jetpack_sharing_enabled":true,"jetpack_shortlink":"https:\/\/wp.me\/paKIfm-15jJ","_links":{"self":[{"href":"http:\/\/www.tvturk.com\/index.php\/wp-json\/wp\/v2\/posts\/258771","targetHints":{"allow":["GET"]}}],"collection":[{"href":"http:\/\/www.tvturk.com\/index.php\/wp-json\/wp\/v2\/posts"}],"about":[{"href":"http:\/\/www.tvturk.com\/index.php\/wp-json\/wp\/v2\/types\/post"}],"author":[{"embeddable":true,"href":"http:\/\/www.tvturk.com\/index.php\/wp-json\/wp\/v2\/users\/1"}],"replies":[{"embeddable":true,"href":"http:\/\/www.tvturk.com\/index.php\/wp-json\/wp\/v2\/comments?post=258771"}],"version-history":[{"count":0,"href":"http:\/\/www.tvturk.com\/index.php\/wp-json\/wp\/v2\/posts\/258771\/revisions"}],"wp:featuredmedia":[{"embeddable":true,"href":"http:\/\/www.tvturk.com\/index.php\/wp-json\/wp\/v2\/media\/258772"}],"wp:attachment":[{"href":"http:\/\/www.tvturk.com\/index.php\/wp-json\/wp\/v2\/media?parent=258771"}],"wp:term":[{"taxonomy":"category","embeddable":true,"href":"http:\/\/www.tvturk.com\/index.php\/wp-json\/wp\/v2\/categories?post=258771"},{"taxonomy":"post_tag","embeddable":true,"href":"http:\/\/www.tvturk.com\/index.php\/wp-json\/wp\/v2\/tags?post=258771"}],"curies":[{"name":"wp","href":"https:\/\/api.w.org\/{rel}","templated":true}]}}