{"id":258775,"date":"2020-01-22T12:17:29","date_gmt":"2020-01-22T09:17:29","guid":{"rendered":"http:\/\/www.tvturk.com\/index.php\/goztepe-evine-donuyor-yeni-stadyum-kapilarini-aciyor\/"},"modified":"2020-01-22T12:17:29","modified_gmt":"2020-01-22T09:17:29","slug":"goztepe-evine-donuyor-yeni-stadyum-kapilarini-aciyor","status":"publish","type":"post","link":"http:\/\/www.tvturk.com\/index.php\/goztepe-evine-donuyor-yeni-stadyum-kapilarini-aciyor\/","title":{"rendered":"G\u00f6ztepe evine d\u00f6n\u00fcyor, yeni stadyum kap\u0131lar\u0131n\u0131 a\u00e7\u0131yor"},"content":{"rendered":"<p>G\u00f6ztepe\u2019nin yeni stadyumu G\u00fcrsel Aksel Spor ve Sa\u011fl\u0131kl\u0131 Ya\u015fam Merkezi, pazar g\u00fcn\u00fc oynanacak Be\u015fikta\u015f ma\u00e7\u0131 ile a\u00e7\u0131l\u0131yor. A\u00e7\u0131l\u0131\u015fa kat\u0131lacak olan Gen\u00e7lik ve Spor Bakan\u0131 Dr. Mehmet Muharrem Kasapo\u011flu, Cumhurba\u015fkan\u0131 Erdo\u011fan\u2019\u0131n \u00f6nderli\u011finde 2002 y\u0131l\u0131ndan bu yana tesisle\u015fmede adeta bir devrime imza att\u0131klar\u0131n\u0131 belirterek, \u201cD\u00fcnya ile rekabet edebilecek tam donan\u0131ml\u0131 bir tesisi daha \u0130zmirlilerin hizmetine sunuyoruz\u201d dedi.<\/p>\n<p>\u0130zmir\u2019in S\u00fcper Lig\u2019deki tek temsilcisi G\u00f6ztepe\u2019nin yeni stadyumu G\u00fcrsel Aksel Spor ve Sa\u011fl\u0131kl\u0131 Ya\u015fam Merkezi, pazar g\u00fcn\u00fc oynanacak Be\u015fikta\u015f ma\u00e7\u0131 ile a\u00e7\u0131l\u0131yor. A\u00e7\u0131l\u0131\u015fa kat\u0131lacak olan Gen\u00e7lik ve Spor Bakan\u0131 Dr. Mehmet Muharrem Kasapo\u011flu, Cumhurba\u015fkan\u0131 Recep Tayyip Erdo\u011fan\u2019\u0131n \u00f6nderli\u011finde 2002 y\u0131l\u0131ndan bu yana tesisle\u015fmede adeta bir devrime imza att\u0131klar\u0131n\u0131 belirterek, \u201cD\u00fcnya ile rekabet edebilecek tam donan\u0131ml\u0131 bir tesisi daha \u0130zmirlilerin hizmetine sunuyoruz\u201d diye konu\u015ftu.<\/p>\n<p>G\u00f6ztepe\u2019nin yeni stadyumu G\u00fcrsel Aksel Spor ve Sa\u011fl\u0131kl\u0131 Ya\u015fam Merkezi, pazar g\u00fcn\u00fc saat 16.00\u2019da oynanacak G\u00f6ztepe &#8211; Be\u015fikta\u015f kar\u015f\u0131la\u015fmas\u0131 ile a\u00e7\u0131lacak. A\u00e7\u0131l\u0131\u015f \u00f6ncesi bir a\u00e7\u0131klama yapan Bakan Kasapo\u011flu, T\u00fcrkiye\u2019nin 2002\u2019den beri pek \u00e7ok alanda oldu\u011fu gibi sporda da \u00e7ok \u00f6nemli bir devrimi ger\u00e7ekle\u015ftirdi\u011fini belirterek, &#8220;\u00dclkemizin her yan\u0131nda devasa tesislerimiz var. D\u00fcnya ile rekabet edebilecek tam donan\u0131ml\u0131 tesislere sahibiz. Bu tesisle\u015fmeyi spordaki ba\u015far\u0131lar\u0131 da yukar\u0131ya ta\u015f\u0131yarak ta\u00e7land\u0131r\u0131yoruz\u201d \u015feklinde konu\u015ftu.<\/p>\n<p>Bakan Kasapo\u011flu, Cumhurba\u015fkan\u0131 Recep Tayyip Erdo\u011fan\u2019\u0131n \u00f6nderli\u011finde son 18 y\u0131ld\u0131r tesisle\u015fmede adeta bir devrime imza att\u0131klar\u0131n\u0131 ve bu tesisle\u015fmenin, bu yat\u0131r\u0131mlar\u0131n meyvelerini art\u0131k toplamak istediklerini ifade etti. \u201cTesisle\u015fme konusunda zaten \u00e7ok ileri bir noktaday\u0131z\u201d diyen Bakan Kasapo\u011flu, ancak yat\u0131r\u0131mlar konusunda hi\u00e7bir zaman &#8220;yeterli&#8221; gibi bir anlay\u0131\u015flar\u0131 olmad\u0131\u011f\u0131n\u0131 s\u00f6yledi.<\/p>\n<p>Bakan Kasapo\u011flu, \u0130zmir\u2019de Cumhuriyet ile ya\u015f\u0131t, hatta cumhuriyetten \u00f6nce kurulan tak\u0131mlar oldu\u011funa ve bu tak\u0131mlar\u0131n ge\u00e7mi\u015fte b\u00fcy\u00fck ba\u015far\u0131lara imza att\u0131klar\u0131na i\u015faret etti. Pazar g\u00fcn\u00fc G\u00f6ztepe Stad\u0131\u2019n\u0131 a\u00e7acaklar\u0131n\u0131, Alsancak Stad\u0131\u2019nda da \u00e7al\u0131\u015fmalar\u0131n h\u0131zla s\u00fcrd\u00fc\u011f\u00fcn\u00fc dile getiren Bakan Kasapo\u011flu, \u201cG\u00fczel \u0130zmir\u2019imize, \u0130zmir halk\u0131m\u0131za, \u0130zmirli sporseverlere hay\u0131rl\u0131 olsun\u201d dedi.<\/p>\n<p>Yap\u0131m\u0131 iki y\u0131l s\u00fcren G\u00f6ztepe G\u00fcrsel Aksel Spor ve Sa\u011fl\u0131kl\u0131 Ya\u015fam Merkezi, UEFA ve Futbol Federasyonu kriterlerine uygun \u015fekilde tasarland\u0131. 20 bin ki\u015fi kapasiteye sahip stadyum, T\u00fcrkiye Futbol Federasyonu\u2019nun yapm\u0131\u015f oldu\u011fu talimat de\u011fi\u015fikli\u011fi ile kale arkalar\u0131na ayakta seyirci al\u0131nmas\u0131 kapsam\u0131nda, Be\u015fikta\u015f ma\u00e7\u0131n\u0131n ard\u0131ndan 25 bine \u00e7\u0131kar\u0131lacak. Stadyum, i\u00e7erisinde e\u011flence merkezleri, spor m\u00fczesi, sergi alanlar\u0131, yeme-i\u00e7me alanlar\u0131 ve kapal\u0131 otopark\u0131 ile \u00e7ok y\u00f6nl\u00fc hizmet verecek.<\/p>\n","protected":false},"excerpt":{"rendered":"<p>G\u00d6ZTEPE\u2019N\u0130N YEN\u0130 STADYUMU G\u00dcRSEL AKSEL SPOR VE SA\u011eLIKLI YA\u015eAM MERKEZ\u0130, PAZAR G\u00dcN\u00dc OYNANACAK BE\u015e\u0130KTA\u015e MA\u00c7I \u0130LE A\u00c7ILIYOR. A\u00c7ILI\u015eA KATILACAK OLAN GEN\u00c7L\u0130K VE SPOR BAKANI DR. MEHMET MUHARREM KASAPO\u011eLU, CUMHURBA\u015eKANI ERDO\u011eAN\u2019IN \u00d6NDERL\u0130\u011e\u0130NDE 2002 YILINDAN BU YANA TES\u0130SLE\u015eMEDE ADETA B\u0130R DEVR\u0130ME \u0130MZA ATTIKLARINI BEL\u0130RTEREK, \u201cD\u00dcNYA \u0130LE REKABET EDEB\u0130LECEK TAM DONANIMLI B\u0130R TES\u0130S\u0130 DAHA \u0130ZM\u0130RL\u0130LER\u0130N H\u0130ZMET\u0130NE SUNUYORUZ\u201d DED\u0130.<\/p>\n","protected":false},"author":1,"featured_media":258776,"comment_status":"closed","ping_status":"open","sticky":false,"template":"","format":"standard","meta":{"jetpack_post_was_ever_published":false,"_jetpack_newsletter_access":"","_jetpack_dont_email_post_to_subs":false,"_jetpack_newsletter_tier_id":0,"_jetpack_memberships_contains_paywalled_content":false,"_jetpack_memberships_contains_paid_content":false,"footnotes":"","jetpack_publicize_message":"","jetpack_publicize_feature_enabled":true,"jetpack_social_post_already_shared":true,"jetpack_social_options":{"image_generator_settings":{"template":"highway","default_image_id":0,"font":"","enabled":false},"version":2}},"categories":[657],"tags":[1561,722,2558,2633,1560,9521,87],"class_list":["post-258775","post","type-post","status-publish","format-standard","has-post-thumbnail","hentry","category-spor","tag-aciyor","tag-donuyor","tag-evine","tag-goztepe","tag-kapilarini","tag-stadyum","tag-yeni"],"jetpack_publicize_connections":[],"jetpack_featured_media_url":"https:\/\/i0.wp.com\/www.tvturk.com\/wp-content\/uploads\/2020\/01\/goztepe-evine-donuyor-yeni-stadyum-kapilarini-aciyor_ac11f2c.jpg?fit=1000%2C699","jetpack_sharing_enabled":true,"jetpack_shortlink":"https:\/\/wp.me\/paKIfm-15jN","_links":{"self":[{"href":"http:\/\/www.tvturk.com\/index.php\/wp-json\/wp\/v2\/posts\/258775","targetHints":{"allow":["GET"]}}],"collection":[{"href":"http:\/\/www.tvturk.com\/index.php\/wp-json\/wp\/v2\/posts"}],"about":[{"href":"http:\/\/www.tvturk.com\/index.php\/wp-json\/wp\/v2\/types\/post"}],"author":[{"embeddable":true,"href":"http:\/\/www.tvturk.com\/index.php\/wp-json\/wp\/v2\/users\/1"}],"replies":[{"embeddable":true,"href":"http:\/\/www.tvturk.com\/index.php\/wp-json\/wp\/v2\/comments?post=258775"}],"version-history":[{"count":0,"href":"http:\/\/www.tvturk.com\/index.php\/wp-json\/wp\/v2\/posts\/258775\/revisions"}],"wp:featuredmedia":[{"embeddable":true,"href":"http:\/\/www.tvturk.com\/index.php\/wp-json\/wp\/v2\/media\/258776"}],"wp:attachment":[{"href":"http:\/\/www.tvturk.com\/index.php\/wp-json\/wp\/v2\/media?parent=258775"}],"wp:term":[{"taxonomy":"category","embeddable":true,"href":"http:\/\/www.tvturk.com\/index.php\/wp-json\/wp\/v2\/categories?post=258775"},{"taxonomy":"post_tag","embeddable":true,"href":"http:\/\/www.tvturk.com\/index.php\/wp-json\/wp\/v2\/tags?post=258775"}],"curies":[{"name":"wp","href":"https:\/\/api.w.org\/{rel}","templated":true}]}}