{"id":258789,"date":"2020-01-22T12:32:55","date_gmt":"2020-01-22T09:32:55","guid":{"rendered":"http:\/\/www.tvturk.com\/index.php\/mert-hakan-evden-cok-tesiste-zaman-geciriyoruz\/"},"modified":"2020-01-22T12:32:55","modified_gmt":"2020-01-22T09:32:55","slug":"mert-hakan-evden-cok-tesiste-zaman-geciriyoruz","status":"publish","type":"post","link":"http:\/\/www.tvturk.com\/index.php\/mert-hakan-evden-cok-tesiste-zaman-geciriyoruz\/","title":{"rendered":"Mert Hakan: \u201cEvden \u00e7ok tesiste zaman ge\u00e7iriyoruz\u201d"},"content":{"rendered":"<p>Sivasspor\u2019un ba\u015far\u0131l\u0131 orta saha oyuncular\u0131ndan Mert Hakan Yanda\u015f, \u201cEvde zaman ge\u00e7irmek yerine gelip tesiste zaman ge\u00e7irmeyi tercih ediyoruz. Ligde g\u00fcl\u00fcp e\u011flenmeye iyice al\u0131\u015ft\u0131k. \u00c7ok g\u00fczel bir ortam\u0131m\u0131z var. Burada bulundu\u011fum i\u00e7in ger\u00e7ekten mutlu ve gururluyum\u201d dedi.<\/p>\n<p>Ziraat T\u00fcrkiye Kupas\u0131 Son 16 Turu r\u00f6van\u015f ma\u00e7\u0131nda deplasmanda Yeni Malatyaspor ile kar\u015f\u0131 kar\u015f\u0131ya gelecek olan Sivasspor, bu ma\u00e7\u0131n haz\u0131rl\u0131klar\u0131n\u0131 bu sabah yapt\u0131\u011f\u0131 idmanla tamamlad\u0131. Bu sezon sergiledi\u011fi performansla dikkat \u00e7eken 25 ya\u015f\u0131ndaki futbolcu Mert Hakan Yanda\u015f, antrenmanda a\u00e7\u0131klamalarda bulundu.<\/p>\n<p>\u201cY\u00fcrekten inanan bir ekip var\u201d<\/p>\n<p>Mert Hakan Yanda\u015f, tak\u0131m\u0131n gidi\u015fat\u0131n\u0131, tak\u0131mda her \u015feyin yolunda oldu\u011funu belirterek, \u201c\u0130lk \u00f6nce ben b\u00fct\u00fcn arkada\u015flar\u0131m\u0131 tebrik ediyorum. \u0130stanbul\u2019da m\u00fckemmel bir m\u00fccadele g\u00f6sterdiler. Biz haftalard\u0131r s\u00f6yl\u00fcyoruz, sezon ba\u015flad\u0131\u011f\u0131ndan beri. Kim oynuyor, kim oynam\u0131yor hi\u00e7 \u00f6nemli de\u011fil ger\u00e7ekten. Her hafta bizim kaybedece\u011fimizi bekleyenler yan\u0131l\u0131yor. \u0130n\u015fallah bu b\u00f6yle devam eder. Ger\u00e7ekten, y\u00fcrekten inanan bir ekip var burada. Her \u015fey yolunda bizim i\u00e7in. \u0130n\u015fallah bu b\u00f6yle devam eder. Hem kupada hem ligde istedi\u011fimiz yere ula\u015f\u0131r\u0131z\u201d dedi.<\/p>\n<p>\u201cKatk\u0131 sa\u011flayamaya devam edece\u011fim\u201d<\/p>\n<p>Bireysel hedefi ile ilgili y\u00f6neltilen soruya Yanda\u015f, \u201cBu hafta cezal\u0131yd\u0131m. \u0130n\u015fallah kupa ma\u00e7\u0131nda son b\u0131rakt\u0131\u011f\u0131m gibi devam ederim. Gol atmaya ve gol att\u0131rmaya devam ederim. Tak\u0131ma katk\u0131 sa\u011flamaya devam ederim. \u00c7\u00fcnk\u00fc ger\u00e7ekten aile ortam\u0131m\u0131z var. Biz burada olmaktan dolay\u0131 \u00e7ok mutluyuz. Evde zaman ge\u00e7irmek yerine gelip tesiste zaman ge\u00e7irmeyi tercih ediyoruz. Ligde g\u00fcl\u00fcp e\u011flenmeye iyice al\u0131\u015ft\u0131k. \u00c7ok g\u00fczel bir ortam\u0131m\u0131z var, burada bulundu\u011fum i\u00e7in ger\u00e7ekten mutlu ve gururluyum. \u0130n\u015fallah bu b\u00f6yle devam edecek. Ben de performans\u0131m\u0131 art\u0131rarak devam etmek istiyorum\u201d cevab\u0131n\u0131 verdi.<\/p>\n<p>\u201cKendimizi strese sokmaya gerek yok\u201d<\/p>\n<p>Yanda\u015f son olarak \u015fampiyonluk d\u00fc\u015f\u00fcncesi ile ilgili sorulan soruya ise \u015fu yan\u0131t\u0131 verdi:<\/p>\n<p>\u201c\u015eampiyonluk konu\u015fuluyor, biz de tabii ki istiyoruz. Kim istemez ki? Ger\u00e7ekten inan\u0131lmaz bir \u015feyi ba\u015farm\u0131\u015f oluruz. Bunu bir Bursaspor ba\u015fard\u0131. Onun \u00fczerine de baya\u011f\u0131 y\u0131llar ge\u00e7ti. \u015eimdi bizim yak\u0131n oldu\u011fumuz g\u00f6r\u00fcl\u00fcyor ama onu konu\u015fup kendimizi strese sokmaya da gerek yok. Biz ma\u00e7 ma\u00e7 iyi m\u00fccadele etmeye \u00e7al\u0131\u015f\u0131yoruz. Ger\u00e7ekten keyif almaya \u00e7al\u0131\u015f\u0131yoruz sahaya \u00e7\u0131kt\u0131\u011f\u0131m\u0131z zaman. \u0130lk \u00f6nce \u00e7ok iyi m\u00fccadele etmek istiyoruz. Akl\u0131m\u0131zda hep m\u00fccadele etmek var. Onu ba\u015fard\u0131ktan sonra zaten oyunumuzu oynamaya \u00e7al\u0131\u015f\u0131yoruz. Biz \u015fampiyonluktan ziyade hem kupada hem ligde iyi ma\u00e7lar oynayamaya \u00e7al\u0131\u015f\u0131yoruz. \u0130n\u015fallah sonra hem kupada hem de ligde istedi\u011fimiz gibi biter diye d\u00fc\u015f\u00fcn\u00fcyorum.\u201d<\/p>\n","protected":false},"excerpt":{"rendered":"<p>S\u0130VASSPOR\u2019UN BA\u015eARILI ORTA SAHA OYUNCULARINDAN MERT HAKAN YANDA\u015e, \u201cEVDE ZAMAN GE\u00c7\u0130RMEK YER\u0130NE GEL\u0130P TES\u0130STE ZAMAN GE\u00c7\u0130RMEY\u0130 TERC\u0130H ED\u0130YORUZ. L\u0130GDE G\u00dcL\u00dcP E\u011eLENMEYE \u0130Y\u0130CE ALI\u015eTIK. \u00c7OK G\u00dcZEL B\u0130R ORTAMIMIZ VAR. BURADA BULUNDU\u011eUM \u0130\u00c7\u0130N GER\u00c7EKTEN MUTLU VE GURURLUYUM\u201d DED\u0130.<\/p>\n","protected":false},"author":1,"featured_media":258790,"comment_status":"closed","ping_status":"open","sticky":false,"template":"","format":"standard","meta":{"jetpack_post_was_ever_published":false,"_jetpack_newsletter_access":"","_jetpack_dont_email_post_to_subs":false,"_jetpack_newsletter_tier_id":0,"_jetpack_memberships_contains_paywalled_content":false,"_jetpack_memberships_contains_paid_content":false,"footnotes":"","jetpack_publicize_message":"","jetpack_publicize_feature_enabled":true,"jetpack_social_post_already_shared":true,"jetpack_social_options":{"image_generator_settings":{"template":"highway","default_image_id":0,"font":"","enabled":false},"version":2}},"categories":[657],"tags":[105,1158,28017,3239,22199,16604,74],"class_list":["post-258789","post","type-post","status-publish","format-standard","has-post-thumbnail","hentry","category-spor","tag-cok","tag-evden","tag-geciriyoruz","tag-hakan","tag-mert","tag-tesiste","tag-zaman"],"jetpack_publicize_connections":[],"jetpack_featured_media_url":"https:\/\/i0.wp.com\/www.tvturk.com\/wp-content\/uploads\/2020\/01\/mert-hakan-evden-cok-tesiste-zaman-geciriyoruz_ec3e9a4.jpg?fit=1000%2C680","jetpack_sharing_enabled":true,"jetpack_shortlink":"https:\/\/wp.me\/paKIfm-15k1","_links":{"self":[{"href":"http:\/\/www.tvturk.com\/index.php\/wp-json\/wp\/v2\/posts\/258789","targetHints":{"allow":["GET"]}}],"collection":[{"href":"http:\/\/www.tvturk.com\/index.php\/wp-json\/wp\/v2\/posts"}],"about":[{"href":"http:\/\/www.tvturk.com\/index.php\/wp-json\/wp\/v2\/types\/post"}],"author":[{"embeddable":true,"href":"http:\/\/www.tvturk.com\/index.php\/wp-json\/wp\/v2\/users\/1"}],"replies":[{"embeddable":true,"href":"http:\/\/www.tvturk.com\/index.php\/wp-json\/wp\/v2\/comments?post=258789"}],"version-history":[{"count":0,"href":"http:\/\/www.tvturk.com\/index.php\/wp-json\/wp\/v2\/posts\/258789\/revisions"}],"wp:featuredmedia":[{"embeddable":true,"href":"http:\/\/www.tvturk.com\/index.php\/wp-json\/wp\/v2\/media\/258790"}],"wp:attachment":[{"href":"http:\/\/www.tvturk.com\/index.php\/wp-json\/wp\/v2\/media?parent=258789"}],"wp:term":[{"taxonomy":"category","embeddable":true,"href":"http:\/\/www.tvturk.com\/index.php\/wp-json\/wp\/v2\/categories?post=258789"},{"taxonomy":"post_tag","embeddable":true,"href":"http:\/\/www.tvturk.com\/index.php\/wp-json\/wp\/v2\/tags?post=258789"}],"curies":[{"name":"wp","href":"https:\/\/api.w.org\/{rel}","templated":true}]}}