{"id":258791,"date":"2020-01-22T12:46:19","date_gmt":"2020-01-22T09:46:19","guid":{"rendered":"http:\/\/www.tvturk.com\/index.php\/disisleri-bakani-cavusoglu-ummanli-mevkidasiyla-gorustu\/"},"modified":"2020-01-22T12:46:19","modified_gmt":"2020-01-22T09:46:19","slug":"disisleri-bakani-cavusoglu-ummanli-mevkidasiyla-gorustu","status":"publish","type":"post","link":"http:\/\/www.tvturk.com\/index.php\/disisleri-bakani-cavusoglu-ummanli-mevkidasiyla-gorustu\/","title":{"rendered":"D\u0131\u015fi\u015fleri Bakan\u0131 \u00c7avu\u015fo\u011flu, Ummanl\u0131 mevkida\u015f\u0131yla g\u00f6r\u00fc\u015ft\u00fc"},"content":{"rendered":"<p>D\u0131\u015fi\u015fleri Bakan\u0131 Mevl\u00fct \u00c7avu\u015fo\u011flu, Umman D\u0131\u015fi\u015fleri Bakan\u0131 Yusuf bin Alawi bin Abdullah ile Davos\u2019ta ikili g\u00f6r\u00fc\u015fmelerde bulundu.<\/p>\n<p>\u0130svi\u00e7re\u2019nin Davos kasabas\u0131nda bu y\u0131l 50\u2019ncisi ger\u00e7ekle\u015ftirilen D\u00fcnya Ekonomik Forum (WEF) toplant\u0131lar\u0131na kat\u0131lan D\u0131\u015fi\u015fleri Bakan\u0131 Mevl\u00fct \u00c7avu\u015fo\u011flu, Umman D\u0131\u015fi\u015fleri Bakan\u0131 Yusuf bin Alawi bin Abdullah ile g\u00f6r\u00fc\u015ft\u00fc. Forum kapsam\u0131nda oturumlara kat\u0131lan \u00c7avu\u015fo\u011flu daha sonra zirveye kat\u0131lan meslekta\u015flar\u0131yla bir araya gelerek ikili g\u00f6r\u00fc\u015fmelerini s\u00fcrd\u00fcr\u00fcyor.<\/p>\n","protected":false},"excerpt":{"rendered":"<p>DI\u015e\u0130\u015eLER\u0130 BAKANI MEVL\u00dcT \u00c7AVU\u015eO\u011eLU, UMMAN DI\u015e\u0130\u015eLER\u0130 BAKANI YUSUF B\u0130N ALAW\u0130 B\u0130N ABDULLAH \u0130LE DAVOS&#8217;TA \u0130K\u0130L\u0130 G\u00d6R\u00dc\u015eMELERDE BULUNDU.<\/p>\n","protected":false},"author":1,"featured_media":258792,"comment_status":"closed","ping_status":"open","sticky":false,"template":"","format":"standard","meta":{"jetpack_post_was_ever_published":false,"_jetpack_newsletter_access":"","_jetpack_dont_email_post_to_subs":false,"_jetpack_newsletter_tier_id":0,"_jetpack_memberships_contains_paywalled_content":false,"_jetpack_memberships_contains_paid_content":false,"footnotes":"","jetpack_publicize_message":"","jetpack_publicize_feature_enabled":true,"jetpack_social_post_already_shared":true,"jetpack_social_options":{"image_generator_settings":{"template":"highway","default_image_id":0,"font":"","enabled":false},"version":2}},"categories":[10],"tags":[933,1499,1498,316,14378,63903],"class_list":["post-258791","post","type-post","status-publish","format-standard","has-post-thumbnail","hentry","category-dunya","tag-bakani","tag-cavusoglu","tag-disisleri","tag-gorustu","tag-mevkidasiyla","tag-ummanli"],"jetpack_publicize_connections":[],"jetpack_featured_media_url":"https:\/\/i0.wp.com\/www.tvturk.com\/wp-content\/uploads\/2020\/01\/disisleri-bakani-cavusoglu-ummanli-mevkidasiyla-gorustu_2f75bf1.jpg?fit=1000%2C750","jetpack_sharing_enabled":true,"jetpack_shortlink":"https:\/\/wp.me\/paKIfm-15k3","_links":{"self":[{"href":"http:\/\/www.tvturk.com\/index.php\/wp-json\/wp\/v2\/posts\/258791","targetHints":{"allow":["GET"]}}],"collection":[{"href":"http:\/\/www.tvturk.com\/index.php\/wp-json\/wp\/v2\/posts"}],"about":[{"href":"http:\/\/www.tvturk.com\/index.php\/wp-json\/wp\/v2\/types\/post"}],"author":[{"embeddable":true,"href":"http:\/\/www.tvturk.com\/index.php\/wp-json\/wp\/v2\/users\/1"}],"replies":[{"embeddable":true,"href":"http:\/\/www.tvturk.com\/index.php\/wp-json\/wp\/v2\/comments?post=258791"}],"version-history":[{"count":0,"href":"http:\/\/www.tvturk.com\/index.php\/wp-json\/wp\/v2\/posts\/258791\/revisions"}],"wp:featuredmedia":[{"embeddable":true,"href":"http:\/\/www.tvturk.com\/index.php\/wp-json\/wp\/v2\/media\/258792"}],"wp:attachment":[{"href":"http:\/\/www.tvturk.com\/index.php\/wp-json\/wp\/v2\/media?parent=258791"}],"wp:term":[{"taxonomy":"category","embeddable":true,"href":"http:\/\/www.tvturk.com\/index.php\/wp-json\/wp\/v2\/categories?post=258791"},{"taxonomy":"post_tag","embeddable":true,"href":"http:\/\/www.tvturk.com\/index.php\/wp-json\/wp\/v2\/tags?post=258791"}],"curies":[{"name":"wp","href":"https:\/\/api.w.org\/{rel}","templated":true}]}}