{"id":258797,"date":"2020-01-22T12:46:51","date_gmt":"2020-01-22T09:46:51","guid":{"rendered":"http:\/\/www.tvturk.com\/index.php\/turkiyenin-ilk-oz-markali-organik-sutu-raflardaki-yerini-aldi\/"},"modified":"2020-01-22T12:46:51","modified_gmt":"2020-01-22T09:46:51","slug":"turkiyenin-ilk-oz-markali-organik-sutu-raflardaki-yerini-aldi","status":"publish","type":"post","link":"http:\/\/www.tvturk.com\/index.php\/turkiyenin-ilk-oz-markali-organik-sutu-raflardaki-yerini-aldi\/","title":{"rendered":"T\u00fcrkiye\u2019nin ilk \u00f6z markal\u0131 organik s\u00fct\u00fc raflardaki yerini ald\u0131"},"content":{"rendered":"<p>T\u00fcrkiye g\u0131da perakendecili\u011finin ilk \u00f6z markal\u0131 (private label) organik s\u00fct\u00fc olan Carrefour Bio Organik S\u00fct, raflardaki yerini ald\u0131. Katk\u0131 maddesi i\u00e7ermeyen s\u00fct, UHT olarak bilinen, \u00fcr\u00fcn\u00fcn besin de\u011ferini etkilemeyecek \u015fekilde, k\u0131sa s\u00fcre ile y\u00fcksek \u0131s\u0131l i\u015flem uygulanarak hijyenik ortamda paketleniyor.<\/p>\n<p>CarrefourSA, kaliteli ve g\u00fcvenilir \u00fcr\u00fcnleri en uygun fiyat politikas\u0131yla m\u00fc\u015fterileriyle bulu\u015fturmak ad\u0131na ilklere imza atmaya devam ediyor. Bu \u00e7er\u00e7evede CarrefourSA, T\u00fcrkiye g\u0131da perakendecili\u011finin ilk \u00f6z markal\u0131 (private label) organik s\u00fct\u00fc Carrefour Bio Organik S\u00fct\u2019\u00fc, raflar\u0131na ta\u015f\u0131yarak m\u00fc\u015fterileriyle bulu\u015fturdu.<\/p>\n<p>Carrefour Bio Organik S\u00fct, CarrefourSA taraf\u0131ndan uluslararas\u0131 standartlarda denetlenen Ak G\u0131da taraf\u0131ndan \u00fcretiliyor. S\u00fct\u00fcn uzun s\u00fcre ilk g\u00fcnk\u00fc tazeli\u011fini ve do\u011fall\u0131\u011f\u0131n\u0131 koruyabilmesi i\u00e7in UHT olarak bilinen, \u00fcr\u00fcn\u00fcn besin de\u011ferini etkilemeyecek \u015fekilde, k\u0131sa s\u00fcre ile y\u00fcksek \u0131s\u0131l i\u015flem uygulanarak hijyenik ortamda paketlendi.<\/p>\n<p>Do\u011fal, katk\u0131s\u0131z ve minimum y\u00fczde 3 s\u00fct ya\u011f\u0131 i\u00e7eren s\u00fct, organik tar\u0131m mevzuatlar\u0131na uygun oldu\u011fu Ecocert Imo Denetim Ve Belgelendirme Ltd. \u015eti. (TR-OT-003) taraf\u0131ndan sertifikaland\u0131r\u0131ld\u0131.<\/p>\n<p>Carrefour Bio Organik S\u00fct, ilk etapta Gurme CarrefourSA\u2019larda 6,45 TL\u2019den sat\u0131\u015fa \u00e7\u0131karken yak\u0131n zamanda firman\u0131n t\u00fcm marketlerinde yerini alacak.<\/p>\n","protected":false},"excerpt":{"rendered":"<p>T\u00dcRK\u0130YE GIDA PERAKENDEC\u0130L\u0130\u011e\u0130N\u0130N \u0130LK \u00d6Z MARKALI (PR\u0130VATE LABEL) ORGAN\u0130K S\u00dcT\u00dc OLAN CARREFOUR B\u0130O ORGAN\u0130K S\u00dcT, RAFLARDAK\u0130 YER\u0130N\u0130 ALDI. KATKI MADDES\u0130 \u0130\u00c7ERMEYEN S\u00dcT, UHT OLARAK B\u0130L\u0130NEN, \u00dcR\u00dcN\u00dcN BES\u0130N DE\u011eER\u0130N\u0130 ETK\u0130LEMEYECEK \u015eEK\u0130LDE, KISA S\u00dcRE \u0130LE Y\u00dcKSEK ISIL \u0130\u015eLEM UYGULANARAK H\u0130JYEN\u0130K ORTAMDA PAKETLEN\u0130YOR.<\/p>\n","protected":false},"author":1,"featured_media":258798,"comment_status":"closed","ping_status":"open","sticky":false,"template":"","format":"standard","meta":{"jetpack_post_was_ever_published":false,"_jetpack_newsletter_access":"","_jetpack_dont_email_post_to_subs":false,"_jetpack_newsletter_tier_id":0,"_jetpack_memberships_contains_paywalled_content":false,"_jetpack_memberships_contains_paid_content":false,"footnotes":"","jetpack_publicize_message":"","jetpack_publicize_feature_enabled":true,"jetpack_social_post_already_shared":true,"jetpack_social_options":{"image_generator_settings":{"template":"highway","default_image_id":0,"font":"","enabled":false},"version":2}},"categories":[1],"tags":[1075,37,53984,4645,7101,1468,18396,177,1469],"class_list":["post-258797","post","type-post","status-publish","format-standard","has-post-thumbnail","hentry","category-genel","tag-aldi","tag-ilk","tag-markali","tag-organik","tag-oz","tag-raflardaki","tag-sutu","tag-turkiyenin","tag-yerini"],"jetpack_publicize_connections":[],"jetpack_featured_media_url":"https:\/\/i0.wp.com\/www.tvturk.com\/wp-content\/uploads\/2020\/01\/turkiyenin-ilk-oz-markali-organik-sutu-raflardaki-yerini-aldi_3c5a5bf.jpg?fit=810%2C1000","jetpack_sharing_enabled":true,"jetpack_shortlink":"https:\/\/wp.me\/paKIfm-15k9","_links":{"self":[{"href":"http:\/\/www.tvturk.com\/index.php\/wp-json\/wp\/v2\/posts\/258797","targetHints":{"allow":["GET"]}}],"collection":[{"href":"http:\/\/www.tvturk.com\/index.php\/wp-json\/wp\/v2\/posts"}],"about":[{"href":"http:\/\/www.tvturk.com\/index.php\/wp-json\/wp\/v2\/types\/post"}],"author":[{"embeddable":true,"href":"http:\/\/www.tvturk.com\/index.php\/wp-json\/wp\/v2\/users\/1"}],"replies":[{"embeddable":true,"href":"http:\/\/www.tvturk.com\/index.php\/wp-json\/wp\/v2\/comments?post=258797"}],"version-history":[{"count":0,"href":"http:\/\/www.tvturk.com\/index.php\/wp-json\/wp\/v2\/posts\/258797\/revisions"}],"wp:featuredmedia":[{"embeddable":true,"href":"http:\/\/www.tvturk.com\/index.php\/wp-json\/wp\/v2\/media\/258798"}],"wp:attachment":[{"href":"http:\/\/www.tvturk.com\/index.php\/wp-json\/wp\/v2\/media?parent=258797"}],"wp:term":[{"taxonomy":"category","embeddable":true,"href":"http:\/\/www.tvturk.com\/index.php\/wp-json\/wp\/v2\/categories?post=258797"},{"taxonomy":"post_tag","embeddable":true,"href":"http:\/\/www.tvturk.com\/index.php\/wp-json\/wp\/v2\/tags?post=258797"}],"curies":[{"name":"wp","href":"https:\/\/api.w.org\/{rel}","templated":true}]}}