{"id":258813,"date":"2020-01-22T13:16:57","date_gmt":"2020-01-22T10:16:57","guid":{"rendered":"http:\/\/www.tvturk.com\/index.php\/esi-terk-etti-tek-basina-verdigi-hayat-mucadelesinde-is-yeri-sahibi-oldu\/"},"modified":"2020-01-22T13:16:57","modified_gmt":"2020-01-22T10:16:57","slug":"esi-terk-etti-tek-basina-verdigi-hayat-mucadelesinde-is-yeri-sahibi-oldu","status":"publish","type":"post","link":"http:\/\/www.tvturk.com\/index.php\/esi-terk-etti-tek-basina-verdigi-hayat-mucadelesinde-is-yeri-sahibi-oldu\/","title":{"rendered":"E\u015fi terk etti, tek ba\u015f\u0131na verdi\u011fi hayat m\u00fccadelesinde i\u015f yeri sahibi oldu"},"content":{"rendered":"<p>Siirt\u2019te e\u015finin terk etmesi ile yaln\u0131z ba\u015f\u0131na kalan 4 \u00e7ocuk annesi 33 ya\u015f\u0131ndaki Halime Timur, a\u00e7t\u0131\u011f\u0131 lokantada yapt\u0131\u011f\u0131 ev yemeklerini satarak \u00e7ocuklar\u0131n\u0131 okutmaya \u00e7al\u0131\u015f\u0131yor.<\/p>\n<p>20 y\u0131l s\u00fcren evlili\u011finde ya\u015fad\u0131\u011f\u0131 ge\u00e7imsizlik sonucu kocas\u0131ndan ayr\u0131lan 33 ya\u015f\u0131ndaki Halime Timur, Helvac\u0131lar \u00c7ar\u015f\u0131s\u0131\u2019nda \u2018Halimenin Sofras\u0131 Ev Yemekleri Lokantas\u0131\u2019n\u0131 a\u00e7arak i\u015f hayat\u0131na at\u0131ld\u0131. Her g\u00fcn erken saatlerde ev yemekleri yap\u0131p satarak hem evini ge\u00e7indirmeye hem de \u00e7ocuklar\u0131n\u0131 okutmaya \u00e7al\u0131\u015fan Timur, hayat m\u00fccadelesini i\u015finin patronu olarak kazand\u0131\u011f\u0131n\u0131 dile getirdi. Timur, \u201c4 \u00e7ocuk annesiyim. 5 y\u0131l \u00f6nce e\u015fimden ayr\u0131ld\u0131m. Tek ba\u015f\u0131ma hayatla m\u00fccadele ettim. Kad\u0131n konuk evine girdim. Allah devletimden raz\u0131 olsun. Sahip \u00e7\u0131kt\u0131lar. Ayr\u0131ld\u0131m oradan kendime k\u00fc\u00e7\u00fck bir ev tuttum. 4-5 y\u0131ld\u0131r hayatla m\u00fccadele ediyorum. Bu k\u00fc\u00e7\u00fck i\u015f yerini a\u00e7t\u0131m. Bir kad\u0131n bir erkekten daha g\u00fc\u00e7l\u00fcd\u00fcr. Onu anlad\u0131m hayattan. Kendi i\u015f yerimi a\u00e7t\u0131m. Ev yemeklerini yap\u0131yorum, esnaflar\u0131m\u0131z destek \u00e7\u0131kt\u0131, Allah onlardan raz\u0131 olsun. K\u0131z\u0131m\u0131 dershaneye g\u00f6nderdim. \u015euanda k\u0131z\u0131m kazanm\u0131\u015f \u00fcniversite okuyor. Di\u011fer \u00e7ocuklar\u0131m\u0131 da okutuyorum\u201d dedi.<\/p>\n<p>\u00c7ar\u015f\u0131 esnaflar\u0131ndan Veysel Nimet, Halime Timur\u2019un kendi \u00e7abalar\u0131yla b\u00f6yle bir i\u015f yeri a\u00e7mas\u0131n\u0131 takdirle kar\u015f\u0131lad\u0131klar\u0131n\u0131 s\u00f6yledi. Nimet, &#8220;Bir esnaf olarak ablam\u0131z Siirt\u2019te bir ilki yapm\u0131\u015f. Siirt\u2019te \u00e7ok nadir g\u00f6r\u00fcnen bir \u015fey. Lokanta a\u00e7an kimse yok. Bizde kendilerine destek vermek i\u00e7in burada s\u00fcrekli yemek yiyoruz. Yemekleri de gayet g\u00fczel ve lezzetli. Herhangi bir lokantadan kat be kat daha g\u00fczel. \u00c7ok be\u011feniyoruz. Kendilerine de ba\u015far\u0131lar diliyoruz. 4 tane \u00e7ocu\u011funun masraflar\u0131n\u0131 da buradan kar\u015f\u0131l\u0131yor. Biz de onun i\u00e7in destek veriyoruz\u201d diye konu\u015ftu.<\/p>\n<p>Burak Han Arak adl\u0131 m\u00fc\u015fteri ise, \u201c\u00c7ar\u015f\u0131 esnaf\u0131y\u0131m. Yeni kom\u015fumuzdan \u00e7ok memnunuz. Yemeklerinden memnunuz. Kendi ayaklar\u0131n\u0131n \u00fczerinde durmas\u0131 bizlere de g\u00fc\u00e7 kuvvet veriyor. Bu vesileyle kendilerine ba\u015far\u0131lar diliyorum. Allah r\u0131zk\u0131n\u0131 bol etsin\u201d dedi.<\/p>\n","protected":false},"excerpt":{"rendered":"<p>S\u0130\u0130RT\u2019TE, E\u015e\u0130N\u0130N KEND\u0130LER\u0130N\u0130 TERK ETMES\u0130 SONUCU YALNIZ BA\u015eINA KALAN 4 \u00c7OCUK ANNES\u0130 33 YA\u015eINDAK\u0130 HAL\u0130ME T\u0130MUR, A\u00c7TI\u011eI LOKANTADA YAPTI\u011eI EV YEMEKLER\u0130N\u0130 SATARAK \u00c7OCUKLARINI OKUTMAYA \u00c7ALI\u015eIYOR.<\/p>\n","protected":false},"author":1,"featured_media":258814,"comment_status":"closed","ping_status":"open","sticky":false,"template":"","format":"standard","meta":{"jetpack_post_was_ever_published":false,"_jetpack_newsletter_access":"","_jetpack_dont_email_post_to_subs":false,"_jetpack_newsletter_tier_id":0,"_jetpack_memberships_contains_paywalled_content":false,"_jetpack_memberships_contains_paid_content":false,"footnotes":"","jetpack_publicize_message":"","jetpack_publicize_feature_enabled":true,"jetpack_social_post_already_shared":true,"jetpack_social_options":{"image_generator_settings":{"template":"highway","default_image_id":0,"font":"","enabled":false},"version":2}},"categories":[1],"tags":[5684,4703,207,606,432,25819,77,5966,366,9869,7149,488],"class_list":["post-258813","post","type-post","status-publish","format-standard","has-post-thumbnail","hentry","category-genel","tag-basina","tag-esi","tag-etti","tag-hayat","tag-is","tag-mucadelesinde","tag-oldu","tag-sahibi","tag-tek","tag-terk","tag-verdigi","tag-yeri"],"jetpack_publicize_connections":[],"jetpack_featured_media_url":"https:\/\/i0.wp.com\/www.tvturk.com\/wp-content\/uploads\/2020\/01\/esi-terk-etti-tek-basina-verdigi-hayat-mucadelesinde-is-yeri-sahibi-oldu_b962ac5.jpg?fit=1000%2C609","jetpack_sharing_enabled":true,"jetpack_shortlink":"https:\/\/wp.me\/paKIfm-15kp","_links":{"self":[{"href":"http:\/\/www.tvturk.com\/index.php\/wp-json\/wp\/v2\/posts\/258813","targetHints":{"allow":["GET"]}}],"collection":[{"href":"http:\/\/www.tvturk.com\/index.php\/wp-json\/wp\/v2\/posts"}],"about":[{"href":"http:\/\/www.tvturk.com\/index.php\/wp-json\/wp\/v2\/types\/post"}],"author":[{"embeddable":true,"href":"http:\/\/www.tvturk.com\/index.php\/wp-json\/wp\/v2\/users\/1"}],"replies":[{"embeddable":true,"href":"http:\/\/www.tvturk.com\/index.php\/wp-json\/wp\/v2\/comments?post=258813"}],"version-history":[{"count":0,"href":"http:\/\/www.tvturk.com\/index.php\/wp-json\/wp\/v2\/posts\/258813\/revisions"}],"wp:featuredmedia":[{"embeddable":true,"href":"http:\/\/www.tvturk.com\/index.php\/wp-json\/wp\/v2\/media\/258814"}],"wp:attachment":[{"href":"http:\/\/www.tvturk.com\/index.php\/wp-json\/wp\/v2\/media?parent=258813"}],"wp:term":[{"taxonomy":"category","embeddable":true,"href":"http:\/\/www.tvturk.com\/index.php\/wp-json\/wp\/v2\/categories?post=258813"},{"taxonomy":"post_tag","embeddable":true,"href":"http:\/\/www.tvturk.com\/index.php\/wp-json\/wp\/v2\/tags?post=258813"}],"curies":[{"name":"wp","href":"https:\/\/api.w.org\/{rel}","templated":true}]}}