{"id":258819,"date":"2020-01-22T13:17:34","date_gmt":"2020-01-22T10:17:34","guid":{"rendered":"http:\/\/www.tvturk.com\/index.php\/kor-olan-hastalar-isyan-etti\/"},"modified":"2020-01-22T13:17:34","modified_gmt":"2020-01-22T10:17:34","slug":"kor-olan-hastalar-isyan-etti","status":"publish","type":"post","link":"http:\/\/www.tvturk.com\/index.php\/kor-olan-hastalar-isyan-etti\/","title":{"rendered":"K\u00f6r olan hastalar isyan etti"},"content":{"rendered":"<p>K\u0131r\u0131kkale \u00dcniversitesi T\u0131p Fak\u00fcltesi Hastanesinde vurulan i\u011fne sonras\u0131nda g\u00f6rme kayb\u0131 ya\u015fayan ve Ankara\u2019daki \u00e7e\u015fitli hastanelerde ameliyat olan hastalar, sa\u011fl\u0131na kavu\u015famad\u0131klar\u0131 gerek\u00e7esiyle adeta isyan etti.<\/p>\n<p>K\u0131r\u0131kkale \u00dcniversitesi T\u0131p Fak\u00fcltesi Hastanesi G\u00f6z Hastal\u0131klar\u0131 Poliklini\u011finde bir s\u00fcredir tedavi g\u00f6ren hastalar, iddiaya g\u00f6re yap\u0131lan i\u011fne sonras\u0131nda g\u00f6rme yetene\u011fini kaybetti. K\u0131r\u0131kkale \u00dcniversitesi T\u0131p Fak\u00fcltesi Hastanesinde sa\u011fl\u0131\u011f\u0131na kavu\u015famayan hastalar, Ankara\u2019daki \u00e7e\u015fitli hastanelere sevk edilerek ameliyata al\u0131nd\u0131. Tedavileri devam eden ma\u011fdur hastalar, hen\u00fcz g\u00f6rme yetene\u011fine kavu\u015famad\u0131\u011f\u0131 isyanlar\u0131n\u0131 dile getirdi.<\/p>\n<p>&#8220;Kontrolden sonra g\u00f6zlerimde a\u011fr\u0131 ba\u015flad\u0131&#8221;<\/p>\n<p>K\u0131r\u0131kkale T\u0131p Fak\u00fcltesi Hastanesinde cuma g\u00fcn\u00fc i\u011fne vuruldu\u011funu dile getiren Mustafa Tufan, &#8220;17 Ocak\u2019ta T\u0131p Fak\u00fcltesi Hastanesine g\u00f6z\u00fcm\u00fcze i\u011fne vurulmak i\u00e7in gittik. Cumartesi g\u00fcn\u00fc kontrole gittik. Kontrolden sonra g\u00f6zlerimde a\u011fr\u0131 ba\u015flad\u0131. Cumartesi-Pazar g\u00fcn\u00fc ise temelli a\u011fr\u0131maya ba\u015flad\u0131. Pazartesi g\u00fcn\u00fc tekrar hastaneye geldim. G\u00f6rm\u00fcyorum. Bizi acilen GATA\u2019ya havale ettiler. \u015eu anda g\u00f6rm\u00fcyorum. Ben ma\u011fdurum&#8221; \u015feklinde konu\u015ftu.<\/p>\n<p>&#8220;Hastanedeyim, ameliyat oldum yine g\u00f6rm\u00fcyor&#8221;<\/p>\n<p>\u015eu anda g\u00f6zlerinin hi\u00e7 g\u00f6rmedi\u011fini anlatan Sultan Bozku\u015f, &#8220;K\u0131r\u0131kkale\u2019ye i\u011fne vurulmaya geldim. S\u0131ram\u0131z geldi i\u011fneye girdik. Bir g\u00fcn sonra kontrole geldim. Kontrole gelip gittikten sonra feci a\u011fr\u0131lar. G\u00f6z\u00fcm k\u00f6r oldu hi\u00e7 g\u00f6rmedi. \u00c7\u0131ld\u0131ra \u00e7\u0131ld\u0131ra idare ettik. \u015eu anda hi\u00e7 g\u00f6rm\u00fcyor. Hastanedeyim, ameliyat oldum yine g\u00f6rm\u00fcyor&#8221; diye konu\u015ftu.<\/p>\n<p>\u015eeker hastas\u0131 oldu\u011fu i\u00e7in T\u0131p Fak\u00fcltesi Hastanesine tedavi ama\u00e7l\u0131 gitti\u011fini dile getiren Hatice Erkol (64), &#8220;Ben \u015feker hastas\u0131yd\u0131m. K\u0131r\u0131kkale T\u0131p Fak\u00fcltesi Hastanesinde i\u011fne vuruldum. \u0130\u011fne vurdular Cumartesi ak\u015fam\u0131 g\u00f6z\u00fcm\u00fcz g\u00f6rmedi. G\u00f6z\u00fcm\u00fc istiyorum \u015fik\u00e2yet\u00e7iyim&#8221; dedi.<\/p>\n<p>G\u00f6zlerinin g\u00f6rmedi\u011fini \u00f6ne s\u00fcren Osman Bekta\u015f (58) ise doktorlar\u0131n i\u011fne vurma sonras\u0131nda g\u00f6zlerinin k\u00f6r oldu\u011funu s\u00f6yledi.<\/p>\n<p>Arap \u00d6v\u00fcn\u00e7 (67) ise i\u011fne y\u00fcz\u00fcnden k\u00f6r oldu\u011funu ve tedavi i\u00e7in Ankara\u2019ya sevk ettiklerini belirtti.<\/p>\n<p>CHP\u2019li vekil meclise \u00f6nerge sundu<\/p>\n<p>Cumhuriyet Halk Partisi (CHP) K\u0131r\u0131kkale Milletvekili Ahmet \u00d6nal, K\u0131r\u0131kkale \u00dcniversitesi T\u0131p Fak\u00fcltesi Hastanesinde vurulan i\u011fne sonras\u0131nda g\u00f6rme kayb\u0131 ya\u015fad\u0131\u011f\u0131 iddia edilen hasta say\u0131s\u0131n\u0131n 36\u2019ya y\u00fckseldi\u011fini s\u00f6yleyerek T\u00fcrkiye B\u00fcy\u00fck Millet Meclisi\u2019ne (TBMM) ara\u015ft\u0131rma \u00f6nergesi sundu\u011funu kaydetmi\u015fti.<\/p>\n","protected":false},"excerpt":{"rendered":"<p>HAT\u0130CE ERKOL (64), \u015eEKER HASTASI OLDU\u011eU \u0130\u00c7\u0130N TIP FAK\u00dcLTES\u0130 HASTANES\u0130NE TEDAV\u0130 AMA\u00c7LI G\u0130TT\u0130\u011e\u0130N\u0130 D\u0130LE GET\u0130RD\u0130.<\/p>\n","protected":false},"author":1,"featured_media":258820,"comment_status":"closed","ping_status":"open","sticky":false,"template":"","format":"standard","meta":{"jetpack_post_was_ever_published":false,"_jetpack_newsletter_access":"","_jetpack_dont_email_post_to_subs":false,"_jetpack_newsletter_tier_id":0,"_jetpack_memberships_contains_paywalled_content":false,"_jetpack_memberships_contains_paid_content":false,"footnotes":"","jetpack_publicize_message":"","jetpack_publicize_feature_enabled":true,"jetpack_social_post_already_shared":true,"jetpack_social_options":{"image_generator_settings":{"template":"highway","default_image_id":0,"font":"","enabled":false},"version":2}},"categories":[1],"tags":[207,9420,5623,22368,572],"class_list":["post-258819","post","type-post","status-publish","format-standard","has-post-thumbnail","hentry","category-genel","tag-etti","tag-hastalar","tag-isyan","tag-kor","tag-olan"],"jetpack_publicize_connections":[],"jetpack_featured_media_url":"https:\/\/i0.wp.com\/www.tvturk.com\/wp-content\/uploads\/2020\/01\/kor-olan-hastalar-isyan-etti_9b036f6.jpg?fit=1000%2C572","jetpack_sharing_enabled":true,"jetpack_shortlink":"https:\/\/wp.me\/paKIfm-15kv","_links":{"self":[{"href":"http:\/\/www.tvturk.com\/index.php\/wp-json\/wp\/v2\/posts\/258819","targetHints":{"allow":["GET"]}}],"collection":[{"href":"http:\/\/www.tvturk.com\/index.php\/wp-json\/wp\/v2\/posts"}],"about":[{"href":"http:\/\/www.tvturk.com\/index.php\/wp-json\/wp\/v2\/types\/post"}],"author":[{"embeddable":true,"href":"http:\/\/www.tvturk.com\/index.php\/wp-json\/wp\/v2\/users\/1"}],"replies":[{"embeddable":true,"href":"http:\/\/www.tvturk.com\/index.php\/wp-json\/wp\/v2\/comments?post=258819"}],"version-history":[{"count":0,"href":"http:\/\/www.tvturk.com\/index.php\/wp-json\/wp\/v2\/posts\/258819\/revisions"}],"wp:featuredmedia":[{"embeddable":true,"href":"http:\/\/www.tvturk.com\/index.php\/wp-json\/wp\/v2\/media\/258820"}],"wp:attachment":[{"href":"http:\/\/www.tvturk.com\/index.php\/wp-json\/wp\/v2\/media?parent=258819"}],"wp:term":[{"taxonomy":"category","embeddable":true,"href":"http:\/\/www.tvturk.com\/index.php\/wp-json\/wp\/v2\/categories?post=258819"},{"taxonomy":"post_tag","embeddable":true,"href":"http:\/\/www.tvturk.com\/index.php\/wp-json\/wp\/v2\/tags?post=258819"}],"curies":[{"name":"wp","href":"https:\/\/api.w.org\/{rel}","templated":true}]}}