{"id":25889,"date":"2019-02-12T15:45:59","date_gmt":"2019-02-12T12:45:59","guid":{"rendered":"http:\/\/www.tvturk.com\/index.php\/sozlu-meclis-uyeleriyle-hasret-giderdi\/"},"modified":"2019-02-12T15:46:03","modified_gmt":"2019-02-12T12:46:03","slug":"sozlu-meclis-uyeleriyle-hasret-giderdi","status":"publish","type":"post","link":"http:\/\/www.tvturk.com\/index.php\/sozlu-meclis-uyeleriyle-hasret-giderdi\/","title":{"rendered":"S\u00f6zl\u00fc meclis \u00fcyeleriyle hasret giderdi"},"content":{"rendered":"<p>Adana B\u00fcy\u00fck\u015fehir Belediye Meclisi\u2019ne 3 ayd\u0131r kat\u0131lmayan H\u00fcseyin S\u00f6zl\u00fc, bug\u00fcn yap\u0131lan meclise kat\u0131larak toplant\u0131ya ba\u015fkanl\u0131k etti. Meclis \u00fcyeleri, \u201cSizi \u00f6zledik\u201d s\u00f6zlerine Ba\u015fkan H\u00fcseyin S\u00f6zl\u00fc, \u201cBen de sizleri \u00f6zledim, onun i\u00e7in geldim\u201d dedi.<\/p>\n<p>Ba\u015fkan S\u00f6zl\u00fc, Ahmet Tanr\u0131verdi ve Vedat \u00d6zder ba\u015fkanl\u0131\u011f\u0131nda toplanan mecliste g\u00fcndem d\u0131\u015f\u0131 s\u00f6z alan olmad\u0131. G\u00fcndemin birinci maddesinde, B\u00fcy\u00fck\u015fehir Belediyesinin yan k\u0131sm\u0131nda bulunan Meryem-Abdurrahim Gizer Ortaokulu\u2019nun yerinin meydan olarak d\u00fczenlenmesi ve bu okula kar\u015f\u0131l\u0131k 2 okul yapt\u0131r\u0131lmas\u0131 hakk\u0131ndaki imar de\u011fi\u015fikli\u011fine ait teklif ilgili komisyonlara sevk edildi.<\/p>\n<p>Daha \u00f6nce T\u00fcrk Hava Kurumu binas\u0131n\u0131n kamula\u015ft\u0131r\u0131ld\u0131\u011f\u0131n\u0131 ve meydana d\u00f6n\u00fc\u015ft\u00fcr\u00fcld\u00fc\u011f\u00fcn\u00fc hat\u0131rlatan S\u00f6zl\u00fc, \u015fimdi de ortaokul yerinin da ayn\u0131 \u015fekilde y\u0131k\u0131laca\u011f\u0131n\u0131 ve b\u00fcy\u00fck bir meydan haline getirilece\u011fini kaydetti.<\/p>\n<p>Di\u011fer teklif olan 9 madde ilgili komisyonlara sevk edilirken, 5. Madde ise idareden \u015fekliyle oybirli\u011fi halinde kabul edildi.<\/p>\n<p>G\u00fcndemin 10. Maddesi ise 60 milyon liral\u0131k bor\u00e7lanmaya ili\u015fkin komisyon raporu CHP\u2019li Bahri Ula\u015f \u00c7etinkaya\u2019n\u0131n ret oyuna kar\u015f\u0131l\u0131k, rapor oy \u00e7oklu\u011fu ile kabul edildi.<\/p>\n<p>Adana B\u00fcy\u00fck\u015fehir Belediye Meclisi \u00e7al\u0131\u015fmalar\u0131na yar\u0131n saat 15.00\u2019te devam edecek.<div class=\"tiled-gallery type-rectangular tiled-gallery-unresized\" data-original-width=\"500\" data-carousel-extra='null' itemscope itemtype=\"http:\/\/schema.org\/ImageGallery\" > <div class=\"gallery-row\" style=\"width: 500px; height: 225px;\" data-original-width=\"500\" data-original-height=\"225\" > <div class=\"gallery-group images-1\" style=\"width: 334px; height: 225px;\" data-original-width=\"334\" data-original-height=\"225\" > <div class=\"tiled-gallery-item tiled-gallery-item-large\" itemprop=\"associatedMedia\" itemscope itemtype=\"http:\/\/schema.org\/ImageObject\"> <a href=\"http:\/\/www.tvturk.com\/index.php\/sozlu-meclis-uyeleriyle-hasret-giderdi\/sozlu-meclis-uyeleriyle-hasret-giderdi-3\/\" border=\"0\" itemprop=\"url\"> <meta itemprop=\"width\" content=\"330\"> <meta itemprop=\"height\" content=\"221\"> <img decoding=\"async\" class=\"\" data-attachment-id=\"25891\" data-orig-file=\"http:\/\/www.tvturk.com\/wp-content\/uploads\/2019\/02\/sozlu-meclis-uyeleriyle-hasret-giderdi_49df56e.jpg\" data-orig-size=\"1000,669\" data-comments-opened=\"\" data-image-meta=\"{&quot;aperture&quot;:&quot;0&quot;,&quot;credit&quot;:&quot;IHA&quot;,&quot;camera&quot;:&quot;&quot;,&quot;caption&quot;:&quot;G\\u00dcNDEM\\u0130N B\\u0130R\\u0130NC\\u0130 MADDES\\u0130NDE, B\\u00dcY\\u00dcK\\u015eEH\\u0130R BELED\\u0130YES\\u0130N\\u0130N YAN KISMINDA BULUNAN MERYEM- ABDURRAH\\u0130M G\\u0130ZER ORTAOKULU\\u2019NUN YER\\u0130N\\u0130N MEYDAN OLARAK D\\u00dcZENLENMES\\u0130 VE BU OKULA KAR\\u015eILIK 2 OKUL YAPTIRILMASI HAKKINDAK\\u0130 \\u0130MAR DE\\u011e\\u0130\\u015e\\u0130KL\\u0130\\u011e\\u0130NE A\\u0130T TEKL\\u0130F \\u0130LG\\u0130L\\u0130 KOM\\u0130SYONLARA SEVK ED\\u0130LD\\u0130. (VAH\\u0130T \\u015eAH\\u0130N\\\/ADANA-\\u0130HA)&quot;,&quot;created_timestamp&quot;:&quot;0&quot;,&quot;copyright&quot;:&quot;\\u0130HLAS HABER AJANSI, www.iha.com.tr&quot;,&quot;focal_length&quot;:&quot;0&quot;,&quot;iso&quot;:&quot;0&quot;,&quot;shutter_speed&quot;:&quot;0&quot;,&quot;title&quot;:&quot;S\\u00d6ZL\\u00dc MECL\\u0130S \\u00dcYELER\\u0130YLE HASRET G\\u0130DERD\\u0130 MECL\\u0130S \\u00dcYELER\\u0130N\\u0130N, \\u201cS\\u0130Z\\u0130 \\u00d6ZLED\\u0130K\\u201d S\\u00d6ZLER\\u0130NE BA\\u015eKAN H\\u00dcSEY\\u0130N S\\u00d6ZL\\u00dc, \\u201cBEN DE S\\u0130ZLER\\u0130 \\u00d6ZLED\\u0130M, ONUN \\u0130\\u00c7\\u0130N GELD\\u0130M\\u201d DED\\u0130 B\\u00dcY\\u00dcK\\u015eEH\\u0130R BELED\\u0130YES\\u0130N\\u0130N YAN KISMINDA BULUNAN MERYEM-ABDURRAH\\u0130M G\\u0130ZER ORTAOKULU\\u2019NUN YER\\u0130N\\u0130N MEYDAN OLARAK D\\u00dcZENLENMES\\u0130 VE BU OKULA KAR\\u015eILIK 2 OKUL YAPTIRILMASI HAKKINDAK\\u0130 \\u0130MAR DE\\u011e\\u0130\\u015e\\u0130KL\\u0130\\u011e\\u0130NE A\\u0130T TEKL\\u0130F \\u0130LG\\u0130L\\u0130 KOM\\u0130SYONLARA SEVK ED\\u0130LD\\u0130&quot;,&quot;orientation&quot;:&quot;0&quot;}\" data-image-title=\"S\u00f6zl\u00fc meclis \u00fcyeleriyle hasret giderdi\" data-image-description=\"&lt;p&gt;S\u00f6zl\u00fc meclis \u00fcyeleriyle hasret giderdi&lt;\/p&gt; \" data-medium-file=\"https:\/\/i0.wp.com\/www.tvturk.com\/wp-content\/uploads\/2019\/02\/sozlu-meclis-uyeleriyle-hasret-giderdi_49df56e.jpg?fit=300%2C201\" data-large-file=\"https:\/\/i0.wp.com\/www.tvturk.com\/wp-content\/uploads\/2019\/02\/sozlu-meclis-uyeleriyle-hasret-giderdi_49df56e.jpg?fit=1000%2C669\" src=\"https:\/\/i0.wp.com\/www.tvturk.com\/wp-content\/uploads\/2019\/02\/sozlu-meclis-uyeleriyle-hasret-giderdi_49df56e.jpg?w=330&#038;h=221\" srcset=\"https:\/\/i0.wp.com\/www.tvturk.com\/wp-content\/uploads\/2019\/02\/sozlu-meclis-uyeleriyle-hasret-giderdi_49df56e.jpg?w=1000 1000w, https:\/\/i0.wp.com\/www.tvturk.com\/wp-content\/uploads\/2019\/02\/sozlu-meclis-uyeleriyle-hasret-giderdi_49df56e.jpg?resize=150%2C100 150w, https:\/\/i0.wp.com\/www.tvturk.com\/wp-content\/uploads\/2019\/02\/sozlu-meclis-uyeleriyle-hasret-giderdi_49df56e.jpg?resize=300%2C200 300w, https:\/\/i0.wp.com\/www.tvturk.com\/wp-content\/uploads\/2019\/02\/sozlu-meclis-uyeleriyle-hasret-giderdi_49df56e.jpg?resize=768%2C514 768w, https:\/\/i0.wp.com\/www.tvturk.com\/wp-content\/uploads\/2019\/02\/sozlu-meclis-uyeleriyle-hasret-giderdi_49df56e.jpg?resize=170%2C113 170w, https:\/\/i0.wp.com\/www.tvturk.com\/wp-content\/uploads\/2019\/02\/sozlu-meclis-uyeleriyle-hasret-giderdi_49df56e.jpg?resize=120%2C80 120w, https:\/\/i0.wp.com\/www.tvturk.com\/wp-content\/uploads\/2019\/02\/sozlu-meclis-uyeleriyle-hasret-giderdi_49df56e.jpg?resize=80%2C55 80w\" width=\"330\" height=\"221\" loading=\"lazy\" data-original-width=\"330\" data-original-height=\"221\" itemprop=\"http:\/\/schema.org\/image\" title=\"S\u00f6zl\u00fc meclis \u00fcyeleriyle hasret giderdi\" alt=\"S\u00f6zl\u00fc meclis \u00fcyeleriyle hasret giderdi\" style=\"width: 330px; height: 221px;\" \/> <\/a> <\/div> <\/div> <!-- close group --> <div class=\"gallery-group images-2\" style=\"width: 166px; height: 225px;\" data-original-width=\"166\" data-original-height=\"225\" > <div class=\"tiled-gallery-item tiled-gallery-item-small\" itemprop=\"associatedMedia\" itemscope itemtype=\"http:\/\/schema.org\/ImageObject\"> <a href=\"http:\/\/www.tvturk.com\/index.php\/sozlu-meclis-uyeleriyle-hasret-giderdi\/sozlu-meclis-uyeleriyle-hasret-giderdi-4\/\" border=\"0\" itemprop=\"url\"> <meta itemprop=\"width\" content=\"162\"> <meta itemprop=\"height\" content=\"109\"> <img decoding=\"async\" class=\"\" data-attachment-id=\"25892\" data-orig-file=\"http:\/\/www.tvturk.com\/wp-content\/uploads\/2019\/02\/sozlu-meclis-uyeleriyle-hasret-giderdi_f679a2f.jpg\" data-orig-size=\"1000,669\" data-comments-opened=\"\" data-image-meta=\"{&quot;aperture&quot;:&quot;0&quot;,&quot;credit&quot;:&quot;IHA&quot;,&quot;camera&quot;:&quot;&quot;,&quot;caption&quot;:&quot;MECL\\u0130S \\u00dcYELER\\u0130, \\u201cS\\u0130Z\\u0130 \\u00d6ZLED\\u0130K\\u201d S\\u00d6ZLER\\u0130NE BA\\u015eKAN H\\u00dcSEY\\u0130N S\\u00d6ZL\\u00dc, \\u201cBEN DE S\\u0130ZLER\\u0130 \\u00d6ZLED\\u0130M, ONUN \\u0130\\u00c7\\u0130N GELD\\u0130M\\u201d DED\\u0130. (VAH\\u0130T \\u015eAH\\u0130N\\\/ADANA-\\u0130HA)&quot;,&quot;created_timestamp&quot;:&quot;0&quot;,&quot;copyright&quot;:&quot;\\u0130HLAS HABER AJANSI, www.iha.com.tr&quot;,&quot;focal_length&quot;:&quot;0&quot;,&quot;iso&quot;:&quot;0&quot;,&quot;shutter_speed&quot;:&quot;0&quot;,&quot;title&quot;:&quot;S\\u00d6ZL\\u00dc MECL\\u0130S \\u00dcYELER\\u0130YLE HASRET G\\u0130DERD\\u0130 MECL\\u0130S \\u00dcYELER\\u0130N\\u0130N, \\u201cS\\u0130Z\\u0130 \\u00d6ZLED\\u0130K\\u201d S\\u00d6ZLER\\u0130NE BA\\u015eKAN H\\u00dcSEY\\u0130N S\\u00d6ZL\\u00dc, \\u201cBEN DE S\\u0130ZLER\\u0130 \\u00d6ZLED\\u0130M, ONUN \\u0130\\u00c7\\u0130N GELD\\u0130M\\u201d DED\\u0130 B\\u00dcY\\u00dcK\\u015eEH\\u0130R BELED\\u0130YES\\u0130N\\u0130N YAN KISMINDA BULUNAN MERYEM-ABDURRAH\\u0130M G\\u0130ZER ORTAOKULU\\u2019NUN YER\\u0130N\\u0130N MEYDAN OLARAK D\\u00dcZENLENMES\\u0130 VE BU OKULA KAR\\u015eILIK 2 OKUL YAPTIRILMASI HAKKINDAK\\u0130 \\u0130MAR DE\\u011e\\u0130\\u015e\\u0130KL\\u0130\\u011e\\u0130NE A\\u0130T TEKL\\u0130F \\u0130LG\\u0130L\\u0130 KOM\\u0130SYONLARA SEVK ED\\u0130LD\\u0130&quot;,&quot;orientation&quot;:&quot;0&quot;}\" data-image-title=\"S\u00f6zl\u00fc meclis \u00fcyeleriyle hasret giderdi\" data-image-description=\"&lt;p&gt;S\u00f6zl\u00fc meclis \u00fcyeleriyle hasret giderdi&lt;\/p&gt; \" data-medium-file=\"https:\/\/i0.wp.com\/www.tvturk.com\/wp-content\/uploads\/2019\/02\/sozlu-meclis-uyeleriyle-hasret-giderdi_f679a2f.jpg?fit=300%2C201\" data-large-file=\"https:\/\/i0.wp.com\/www.tvturk.com\/wp-content\/uploads\/2019\/02\/sozlu-meclis-uyeleriyle-hasret-giderdi_f679a2f.jpg?fit=1000%2C669\" src=\"https:\/\/i0.wp.com\/www.tvturk.com\/wp-content\/uploads\/2019\/02\/sozlu-meclis-uyeleriyle-hasret-giderdi_f679a2f.jpg?w=162&#038;h=109\" srcset=\"https:\/\/i0.wp.com\/www.tvturk.com\/wp-content\/uploads\/2019\/02\/sozlu-meclis-uyeleriyle-hasret-giderdi_f679a2f.jpg?w=1000 1000w, https:\/\/i0.wp.com\/www.tvturk.com\/wp-content\/uploads\/2019\/02\/sozlu-meclis-uyeleriyle-hasret-giderdi_f679a2f.jpg?resize=150%2C100 150w, https:\/\/i0.wp.com\/www.tvturk.com\/wp-content\/uploads\/2019\/02\/sozlu-meclis-uyeleriyle-hasret-giderdi_f679a2f.jpg?resize=300%2C200 300w, https:\/\/i0.wp.com\/www.tvturk.com\/wp-content\/uploads\/2019\/02\/sozlu-meclis-uyeleriyle-hasret-giderdi_f679a2f.jpg?resize=768%2C514 768w, https:\/\/i0.wp.com\/www.tvturk.com\/wp-content\/uploads\/2019\/02\/sozlu-meclis-uyeleriyle-hasret-giderdi_f679a2f.jpg?resize=170%2C113 170w, https:\/\/i0.wp.com\/www.tvturk.com\/wp-content\/uploads\/2019\/02\/sozlu-meclis-uyeleriyle-hasret-giderdi_f679a2f.jpg?resize=120%2C80 120w, https:\/\/i0.wp.com\/www.tvturk.com\/wp-content\/uploads\/2019\/02\/sozlu-meclis-uyeleriyle-hasret-giderdi_f679a2f.jpg?resize=80%2C55 80w\" width=\"162\" height=\"109\" loading=\"lazy\" data-original-width=\"162\" data-original-height=\"109\" itemprop=\"http:\/\/schema.org\/image\" title=\"S\u00f6zl\u00fc meclis \u00fcyeleriyle hasret giderdi\" alt=\"S\u00f6zl\u00fc meclis \u00fcyeleriyle hasret giderdi\" style=\"width: 162px; height: 109px;\" \/> <\/a> <\/div> <div class=\"tiled-gallery-item tiled-gallery-item-small\" itemprop=\"associatedMedia\" itemscope itemtype=\"http:\/\/schema.org\/ImageObject\"> <a href=\"http:\/\/www.tvturk.com\/index.php\/sozlu-meclis-uyeleriyle-hasret-giderdi\/sozlu-meclis-uyeleriyle-hasret-giderdi-5\/\" border=\"0\" itemprop=\"url\"> <meta itemprop=\"width\" content=\"162\"> <meta itemprop=\"height\" content=\"108\"> <img decoding=\"async\" class=\"\" data-attachment-id=\"25893\" data-orig-file=\"http:\/\/www.tvturk.com\/wp-content\/uploads\/2019\/02\/sozlu-meclis-uyeleriyle-hasret-giderdi_d07f20b.jpg\" data-orig-size=\"1000,669\" data-comments-opened=\"\" data-image-meta=\"{&quot;aperture&quot;:&quot;0&quot;,&quot;credit&quot;:&quot;IHA&quot;,&quot;camera&quot;:&quot;&quot;,&quot;caption&quot;:&quot;MECL\\u0130S \\u00dcYELER\\u0130, \\u201cS\\u0130Z\\u0130 \\u00d6ZLED\\u0130K\\u201d S\\u00d6ZLER\\u0130NE BA\\u015eKAN H\\u00dcSEY\\u0130N S\\u00d6ZL\\u00dc, \\u201cBEN DE S\\u0130ZLER\\u0130 \\u00d6ZLED\\u0130M, ONUN \\u0130\\u00c7\\u0130N GELD\\u0130M\\u201d DED\\u0130. (VAH\\u0130T \\u015eAH\\u0130N\\\/ADANA-\\u0130HA)&quot;,&quot;created_timestamp&quot;:&quot;0&quot;,&quot;copyright&quot;:&quot;\\u0130HLAS HABER AJANSI, www.iha.com.tr&quot;,&quot;focal_length&quot;:&quot;0&quot;,&quot;iso&quot;:&quot;0&quot;,&quot;shutter_speed&quot;:&quot;0&quot;,&quot;title&quot;:&quot;S\\u00d6ZL\\u00dc MECL\\u0130S \\u00dcYELER\\u0130YLE HASRET G\\u0130DERD\\u0130 MECL\\u0130S \\u00dcYELER\\u0130N\\u0130N, \\u201cS\\u0130Z\\u0130 \\u00d6ZLED\\u0130K\\u201d S\\u00d6ZLER\\u0130NE BA\\u015eKAN H\\u00dcSEY\\u0130N S\\u00d6ZL\\u00dc, \\u201cBEN DE S\\u0130ZLER\\u0130 \\u00d6ZLED\\u0130M, ONUN \\u0130\\u00c7\\u0130N GELD\\u0130M\\u201d DED\\u0130 B\\u00dcY\\u00dcK\\u015eEH\\u0130R BELED\\u0130YES\\u0130N\\u0130N YAN KISMINDA BULUNAN MERYEM-ABDURRAH\\u0130M G\\u0130ZER ORTAOKULU\\u2019NUN YER\\u0130N\\u0130N MEYDAN OLARAK D\\u00dcZENLENMES\\u0130 VE BU OKULA KAR\\u015eILIK 2 OKUL YAPTIRILMASI HAKKINDAK\\u0130 \\u0130MAR DE\\u011e\\u0130\\u015e\\u0130KL\\u0130\\u011e\\u0130NE A\\u0130T TEKL\\u0130F \\u0130LG\\u0130L\\u0130 KOM\\u0130SYONLARA SEVK ED\\u0130LD\\u0130&quot;,&quot;orientation&quot;:&quot;0&quot;}\" data-image-title=\"S\u00f6zl\u00fc meclis \u00fcyeleriyle hasret giderdi\" data-image-description=\"&lt;p&gt;S\u00f6zl\u00fc meclis \u00fcyeleriyle hasret giderdi&lt;\/p&gt; \" data-medium-file=\"https:\/\/i0.wp.com\/www.tvturk.com\/wp-content\/uploads\/2019\/02\/sozlu-meclis-uyeleriyle-hasret-giderdi_d07f20b.jpg?fit=300%2C201\" data-large-file=\"https:\/\/i0.wp.com\/www.tvturk.com\/wp-content\/uploads\/2019\/02\/sozlu-meclis-uyeleriyle-hasret-giderdi_d07f20b.jpg?fit=1000%2C669\" src=\"https:\/\/i0.wp.com\/www.tvturk.com\/wp-content\/uploads\/2019\/02\/sozlu-meclis-uyeleriyle-hasret-giderdi_d07f20b.jpg?w=162&#038;h=108\" srcset=\"https:\/\/i0.wp.com\/www.tvturk.com\/wp-content\/uploads\/2019\/02\/sozlu-meclis-uyeleriyle-hasret-giderdi_d07f20b.jpg?w=1000 1000w, https:\/\/i0.wp.com\/www.tvturk.com\/wp-content\/uploads\/2019\/02\/sozlu-meclis-uyeleriyle-hasret-giderdi_d07f20b.jpg?resize=150%2C100 150w, https:\/\/i0.wp.com\/www.tvturk.com\/wp-content\/uploads\/2019\/02\/sozlu-meclis-uyeleriyle-hasret-giderdi_d07f20b.jpg?resize=300%2C200 300w, https:\/\/i0.wp.com\/www.tvturk.com\/wp-content\/uploads\/2019\/02\/sozlu-meclis-uyeleriyle-hasret-giderdi_d07f20b.jpg?resize=768%2C514 768w, https:\/\/i0.wp.com\/www.tvturk.com\/wp-content\/uploads\/2019\/02\/sozlu-meclis-uyeleriyle-hasret-giderdi_d07f20b.jpg?resize=170%2C113 170w, https:\/\/i0.wp.com\/www.tvturk.com\/wp-content\/uploads\/2019\/02\/sozlu-meclis-uyeleriyle-hasret-giderdi_d07f20b.jpg?resize=120%2C80 120w\" width=\"162\" height=\"108\" loading=\"lazy\" data-original-width=\"162\" data-original-height=\"108\" itemprop=\"http:\/\/schema.org\/image\" title=\"S\u00f6zl\u00fc meclis \u00fcyeleriyle hasret giderdi\" alt=\"S\u00f6zl\u00fc meclis \u00fcyeleriyle hasret giderdi\" style=\"width: 162px; height: 108px;\" \/> <\/a> <\/div> <\/div> <!-- close group --> <\/div> <!-- close row --> <div class=\"gallery-row\" style=\"width: 500px; height: 169px;\" data-original-width=\"500\" data-original-height=\"169\" > <div class=\"gallery-group images-1\" style=\"width: 250px; height: 169px;\" data-original-width=\"250\" data-original-height=\"169\" > <div class=\"tiled-gallery-item tiled-gallery-item-small\" itemprop=\"associatedMedia\" itemscope itemtype=\"http:\/\/schema.org\/ImageObject\"> <a href=\"http:\/\/www.tvturk.com\/index.php\/sozlu-meclis-uyeleriyle-hasret-giderdi\/sozlu-meclis-uyeleriyle-hasret-giderdi-6\/\" border=\"0\" itemprop=\"url\"> <meta itemprop=\"width\" content=\"246\"> <meta itemprop=\"height\" content=\"165\"> <img decoding=\"async\" class=\"\" data-attachment-id=\"25894\" data-orig-file=\"http:\/\/www.tvturk.com\/wp-content\/uploads\/2019\/02\/sozlu-meclis-uyeleriyle-hasret-giderdi_c289c3f.jpg\" data-orig-size=\"1000,669\" data-comments-opened=\"\" data-image-meta=\"{&quot;aperture&quot;:&quot;0&quot;,&quot;credit&quot;:&quot;IHA&quot;,&quot;camera&quot;:&quot;&quot;,&quot;caption&quot;:&quot;TEKL\\u0130F OLAN 9 MADDE \\u0130LG\\u0130L\\u0130 KOM\\u0130SYONLARA SEVK ED\\u0130L\\u0130RKEN, 5. MADDE \\u0130SE \\u0130DAREDEN \\u015eEKL\\u0130YLE OYB\\u0130RL\\u0130\\u011e\\u0130 HAL\\u0130NDE KABUL ED\\u0130LD\\u0130 (VAH\\u0130T \\u015eAH\\u0130N\\\/ADANA-\\u0130HA)&quot;,&quot;created_timestamp&quot;:&quot;0&quot;,&quot;copyright&quot;:&quot;\\u0130HLAS HABER AJANSI, www.iha.com.tr&quot;,&quot;focal_length&quot;:&quot;0&quot;,&quot;iso&quot;:&quot;0&quot;,&quot;shutter_speed&quot;:&quot;0&quot;,&quot;title&quot;:&quot;S\\u00d6ZL\\u00dc MECL\\u0130S \\u00dcYELER\\u0130YLE HASRET G\\u0130DERD\\u0130 MECL\\u0130S \\u00dcYELER\\u0130N\\u0130N, \\u201cS\\u0130Z\\u0130 \\u00d6ZLED\\u0130K\\u201d S\\u00d6ZLER\\u0130NE BA\\u015eKAN H\\u00dcSEY\\u0130N S\\u00d6ZL\\u00dc, \\u201cBEN DE S\\u0130ZLER\\u0130 \\u00d6ZLED\\u0130M, ONUN \\u0130\\u00c7\\u0130N GELD\\u0130M\\u201d DED\\u0130 B\\u00dcY\\u00dcK\\u015eEH\\u0130R BELED\\u0130YES\\u0130N\\u0130N YAN KISMINDA BULUNAN MERYEM-ABDURRAH\\u0130M G\\u0130ZER ORTAOKULU\\u2019NUN YER\\u0130N\\u0130N MEYDAN OLARAK D\\u00dcZENLENMES\\u0130 VE BU OKULA KAR\\u015eILIK 2 OKUL YAPTIRILMASI HAKKINDAK\\u0130 \\u0130MAR DE\\u011e\\u0130\\u015e\\u0130KL\\u0130\\u011e\\u0130NE A\\u0130T TEKL\\u0130F \\u0130LG\\u0130L\\u0130 KOM\\u0130SYONLARA SEVK ED\\u0130LD\\u0130&quot;,&quot;orientation&quot;:&quot;0&quot;}\" data-image-title=\"S\u00f6zl\u00fc meclis \u00fcyeleriyle hasret giderdi\" data-image-description=\"&lt;p&gt;S\u00f6zl\u00fc meclis \u00fcyeleriyle hasret giderdi&lt;\/p&gt; \" data-medium-file=\"https:\/\/i0.wp.com\/www.tvturk.com\/wp-content\/uploads\/2019\/02\/sozlu-meclis-uyeleriyle-hasret-giderdi_c289c3f.jpg?fit=300%2C201\" data-large-file=\"https:\/\/i0.wp.com\/www.tvturk.com\/wp-content\/uploads\/2019\/02\/sozlu-meclis-uyeleriyle-hasret-giderdi_c289c3f.jpg?fit=1000%2C669\" src=\"https:\/\/i0.wp.com\/www.tvturk.com\/wp-content\/uploads\/2019\/02\/sozlu-meclis-uyeleriyle-hasret-giderdi_c289c3f.jpg?w=246&#038;h=165\" srcset=\"https:\/\/i0.wp.com\/www.tvturk.com\/wp-content\/uploads\/2019\/02\/sozlu-meclis-uyeleriyle-hasret-giderdi_c289c3f.jpg?w=1000 1000w, https:\/\/i0.wp.com\/www.tvturk.com\/wp-content\/uploads\/2019\/02\/sozlu-meclis-uyeleriyle-hasret-giderdi_c289c3f.jpg?resize=150%2C100 150w, https:\/\/i0.wp.com\/www.tvturk.com\/wp-content\/uploads\/2019\/02\/sozlu-meclis-uyeleriyle-hasret-giderdi_c289c3f.jpg?resize=300%2C200 300w, https:\/\/i0.wp.com\/www.tvturk.com\/wp-content\/uploads\/2019\/02\/sozlu-meclis-uyeleriyle-hasret-giderdi_c289c3f.jpg?resize=768%2C514 768w, https:\/\/i0.wp.com\/www.tvturk.com\/wp-content\/uploads\/2019\/02\/sozlu-meclis-uyeleriyle-hasret-giderdi_c289c3f.jpg?resize=170%2C113 170w, https:\/\/i0.wp.com\/www.tvturk.com\/wp-content\/uploads\/2019\/02\/sozlu-meclis-uyeleriyle-hasret-giderdi_c289c3f.jpg?resize=120%2C80 120w, https:\/\/i0.wp.com\/www.tvturk.com\/wp-content\/uploads\/2019\/02\/sozlu-meclis-uyeleriyle-hasret-giderdi_c289c3f.jpg?resize=80%2C55 80w\" width=\"246\" height=\"165\" loading=\"lazy\" data-original-width=\"246\" data-original-height=\"165\" itemprop=\"http:\/\/schema.org\/image\" title=\"S\u00f6zl\u00fc meclis \u00fcyeleriyle hasret giderdi\" alt=\"S\u00f6zl\u00fc meclis \u00fcyeleriyle hasret giderdi\" style=\"width: 246px; height: 165px;\" \/> <\/a> <\/div> <\/div> <!-- close group --> <div class=\"gallery-group images-1\" style=\"width: 250px; height: 169px;\" data-original-width=\"250\" data-original-height=\"169\" > <div class=\"tiled-gallery-item tiled-gallery-item-small\" itemprop=\"associatedMedia\" itemscope itemtype=\"http:\/\/schema.org\/ImageObject\"> <a href=\"http:\/\/www.tvturk.com\/index.php\/sozlu-meclis-uyeleriyle-hasret-giderdi\/sozlu-meclis-uyeleriyle-hasret-giderdi-7\/\" border=\"0\" itemprop=\"url\"> <meta itemprop=\"width\" content=\"246\"> <meta itemprop=\"height\" content=\"165\"> <img decoding=\"async\" class=\"\" data-attachment-id=\"25895\" data-orig-file=\"http:\/\/www.tvturk.com\/wp-content\/uploads\/2019\/02\/sozlu-meclis-uyeleriyle-hasret-giderdi_98cd9fe.jpg\" data-orig-size=\"1000,669\" data-comments-opened=\"\" data-image-meta=\"{&quot;aperture&quot;:&quot;0&quot;,&quot;credit&quot;:&quot;IHA&quot;,&quot;camera&quot;:&quot;&quot;,&quot;caption&quot;:&quot;TEKL\\u0130F OLAN 9 MADDE \\u0130LG\\u0130L\\u0130 KOM\\u0130SYONLARA SEVK ED\\u0130L\\u0130RKEN, 5. MADDE \\u0130SE \\u0130DAREDEN \\u015eEKL\\u0130YLE OYB\\u0130RL\\u0130\\u011e\\u0130 HAL\\u0130NDE KABUL ED\\u0130LD\\u0130 (VAH\\u0130T \\u015eAH\\u0130N\\\/ADANA-\\u0130HA)&quot;,&quot;created_timestamp&quot;:&quot;0&quot;,&quot;copyright&quot;:&quot;\\u0130HLAS HABER AJANSI, www.iha.com.tr&quot;,&quot;focal_length&quot;:&quot;0&quot;,&quot;iso&quot;:&quot;0&quot;,&quot;shutter_speed&quot;:&quot;0&quot;,&quot;title&quot;:&quot;S\\u00d6ZL\\u00dc MECL\\u0130S \\u00dcYELER\\u0130YLE HASRET G\\u0130DERD\\u0130 MECL\\u0130S \\u00dcYELER\\u0130N\\u0130N, \\u201cS\\u0130Z\\u0130 \\u00d6ZLED\\u0130K\\u201d S\\u00d6ZLER\\u0130NE BA\\u015eKAN H\\u00dcSEY\\u0130N S\\u00d6ZL\\u00dc, \\u201cBEN DE S\\u0130ZLER\\u0130 \\u00d6ZLED\\u0130M, ONUN \\u0130\\u00c7\\u0130N GELD\\u0130M\\u201d DED\\u0130 B\\u00dcY\\u00dcK\\u015eEH\\u0130R BELED\\u0130YES\\u0130N\\u0130N YAN KISMINDA BULUNAN MERYEM-ABDURRAH\\u0130M G\\u0130ZER ORTAOKULU\\u2019NUN YER\\u0130N\\u0130N MEYDAN OLARAK D\\u00dcZENLENMES\\u0130 VE BU OKULA KAR\\u015eILIK 2 OKUL YAPTIRILMASI HAKKINDAK\\u0130 \\u0130MAR DE\\u011e\\u0130\\u015e\\u0130KL\\u0130\\u011e\\u0130NE A\\u0130T TEKL\\u0130F \\u0130LG\\u0130L\\u0130 KOM\\u0130SYONLARA SEVK ED\\u0130LD\\u0130&quot;,&quot;orientation&quot;:&quot;0&quot;}\" data-image-title=\"S\u00f6zl\u00fc meclis \u00fcyeleriyle hasret giderdi\" data-image-description=\"&lt;p&gt;S\u00f6zl\u00fc meclis \u00fcyeleriyle hasret giderdi&lt;\/p&gt; \" data-medium-file=\"https:\/\/i0.wp.com\/www.tvturk.com\/wp-content\/uploads\/2019\/02\/sozlu-meclis-uyeleriyle-hasret-giderdi_98cd9fe.jpg?fit=300%2C201\" data-large-file=\"https:\/\/i0.wp.com\/www.tvturk.com\/wp-content\/uploads\/2019\/02\/sozlu-meclis-uyeleriyle-hasret-giderdi_98cd9fe.jpg?fit=1000%2C669\" src=\"https:\/\/i0.wp.com\/www.tvturk.com\/wp-content\/uploads\/2019\/02\/sozlu-meclis-uyeleriyle-hasret-giderdi_98cd9fe.jpg?w=246&#038;h=165\" srcset=\"https:\/\/i0.wp.com\/www.tvturk.com\/wp-content\/uploads\/2019\/02\/sozlu-meclis-uyeleriyle-hasret-giderdi_98cd9fe.jpg?w=1000 1000w, https:\/\/i0.wp.com\/www.tvturk.com\/wp-content\/uploads\/2019\/02\/sozlu-meclis-uyeleriyle-hasret-giderdi_98cd9fe.jpg?resize=150%2C100 150w, https:\/\/i0.wp.com\/www.tvturk.com\/wp-content\/uploads\/2019\/02\/sozlu-meclis-uyeleriyle-hasret-giderdi_98cd9fe.jpg?resize=300%2C200 300w, https:\/\/i0.wp.com\/www.tvturk.com\/wp-content\/uploads\/2019\/02\/sozlu-meclis-uyeleriyle-hasret-giderdi_98cd9fe.jpg?resize=768%2C514 768w, https:\/\/i0.wp.com\/www.tvturk.com\/wp-content\/uploads\/2019\/02\/sozlu-meclis-uyeleriyle-hasret-giderdi_98cd9fe.jpg?resize=170%2C113 170w, https:\/\/i0.wp.com\/www.tvturk.com\/wp-content\/uploads\/2019\/02\/sozlu-meclis-uyeleriyle-hasret-giderdi_98cd9fe.jpg?resize=120%2C80 120w, https:\/\/i0.wp.com\/www.tvturk.com\/wp-content\/uploads\/2019\/02\/sozlu-meclis-uyeleriyle-hasret-giderdi_98cd9fe.jpg?resize=80%2C55 80w\" width=\"246\" height=\"165\" loading=\"lazy\" data-original-width=\"246\" data-original-height=\"165\" itemprop=\"http:\/\/schema.org\/image\" title=\"S\u00f6zl\u00fc meclis \u00fcyeleriyle hasret giderdi\" alt=\"S\u00f6zl\u00fc meclis \u00fcyeleriyle hasret giderdi\" style=\"width: 246px; height: 165px;\" \/> <\/a> <\/div> <\/div> <!-- close group --> <\/div> <!-- close row --> <\/div><\/p>\n","protected":false},"excerpt":{"rendered":"<p>ADANA B\u00dcY\u00dcK\u015eEH\u0130R BELED\u0130YE MECL\u0130S\u0130\u2019NE 3 AYDIR KATILMAYAN H\u00dcSEY\u0130N S\u00d6ZL\u00dc, BUG\u00dcN YAPILAN MECL\u0130SE KATILARAK TOPLANTIYA BA\u015eKANLIK ETT\u0130.<\/p>\n","protected":false},"author":1,"featured_media":25890,"comment_status":"closed","ping_status":"open","sticky":false,"template":"","format":"standard","meta":{"jetpack_post_was_ever_published":false,"_jetpack_newsletter_access":"","_jetpack_dont_email_post_to_subs":false,"_jetpack_newsletter_tier_id":0,"_jetpack_memberships_contains_paywalled_content":false,"_jetpack_memberships_contains_paid_content":false,"footnotes":"","jetpack_publicize_message":"","jetpack_publicize_feature_enabled":true,"jetpack_social_post_already_shared":false,"jetpack_social_options":{"image_generator_settings":{"template":"highway","default_image_id":0,"font":"","enabled":false},"version":2}},"categories":[655],"tags":[10731,10730,1909,7073,1557],"class_list":["post-25889","post","type-post","status-publish","format-standard","has-post-thumbnail","hentry","category-son-dakika","tag-giderdi","tag-hasret","tag-meclis","tag-sozlu","tag-uyeleriyle"],"jetpack_publicize_connections":[],"jetpack_featured_media_url":"https:\/\/i0.wp.com\/www.tvturk.com\/wp-content\/uploads\/2019\/02\/sozlu-meclis-uyeleriyle-hasret-giderdi_af6add9.jpg?fit=1000%2C669","jetpack_sharing_enabled":true,"jetpack_shortlink":"https:\/\/wp.me\/paKIfm-6Jz","_links":{"self":[{"href":"http:\/\/www.tvturk.com\/index.php\/wp-json\/wp\/v2\/posts\/25889","targetHints":{"allow":["GET"]}}],"collection":[{"href":"http:\/\/www.tvturk.com\/index.php\/wp-json\/wp\/v2\/posts"}],"about":[{"href":"http:\/\/www.tvturk.com\/index.php\/wp-json\/wp\/v2\/types\/post"}],"author":[{"embeddable":true,"href":"http:\/\/www.tvturk.com\/index.php\/wp-json\/wp\/v2\/users\/1"}],"replies":[{"embeddable":true,"href":"http:\/\/www.tvturk.com\/index.php\/wp-json\/wp\/v2\/comments?post=25889"}],"version-history":[{"count":1,"href":"http:\/\/www.tvturk.com\/index.php\/wp-json\/wp\/v2\/posts\/25889\/revisions"}],"predecessor-version":[{"id":25896,"href":"http:\/\/www.tvturk.com\/index.php\/wp-json\/wp\/v2\/posts\/25889\/revisions\/25896"}],"wp:featuredmedia":[{"embeddable":true,"href":"http:\/\/www.tvturk.com\/index.php\/wp-json\/wp\/v2\/media\/25890"}],"wp:attachment":[{"href":"http:\/\/www.tvturk.com\/index.php\/wp-json\/wp\/v2\/media?parent=25889"}],"wp:term":[{"taxonomy":"category","embeddable":true,"href":"http:\/\/www.tvturk.com\/index.php\/wp-json\/wp\/v2\/categories?post=25889"},{"taxonomy":"post_tag","embeddable":true,"href":"http:\/\/www.tvturk.com\/index.php\/wp-json\/wp\/v2\/tags?post=25889"}],"curies":[{"name":"wp","href":"https:\/\/api.w.org\/{rel}","templated":true}]}}