{"id":258891,"date":"2020-01-22T15:02:27","date_gmt":"2020-01-22T12:02:27","guid":{"rendered":"http:\/\/www.tvturk.com\/index.php\/toprak-dede-son-yolculuguna-ugurlandi\/"},"modified":"2020-01-22T15:02:27","modified_gmt":"2020-01-22T12:02:27","slug":"toprak-dede-son-yolculuguna-ugurlandi","status":"publish","type":"post","link":"http:\/\/www.tvturk.com\/index.php\/toprak-dede-son-yolculuguna-ugurlandi\/","title":{"rendered":"Toprak Dede son yolculu\u011funa u\u011furland\u0131"},"content":{"rendered":"<p>Toprak Dede diye bilinen TEMA Vakf\u0131\u2019n\u0131n kurucusu ve Onursal Ba\u015fkan\u0131 Hayrettin Karaca, Fatih Camii\u2019nde k\u0131l\u0131nan cenaze namaz\u0131 akabinde son yolculu\u011funa u\u011furland\u0131.<\/p>\n<p>97 ya\u015f\u0131nda hayat\u0131n\u0131 kaybeden Toprak Dede diye bilinen  TEMA Vakf\u0131 Kurucusu ve Onursal Ba\u015fkan\u0131 Hayrettin Karaca i\u00e7in Fatih Camii\u2019nde cenaze namaz\u0131 k\u0131l\u0131nd\u0131. \u00d6\u011fle namaz\u0131na m\u00fcteakip k\u0131l\u0131nan cenaze namaz\u0131na, TEMA Vakf\u0131 y\u00f6neticileri ve sevenleri kat\u0131ld\u0131. Ailesi taziyeleri kabul etti. K\u0131z\u0131 K\u0131na Karaca, damad\u0131 Serkan \u0130rem, torunlar\u0131 Oktay Karaca, Can Karaca, \u0130smail Karaca ve Ye\u015fne Karaca\u2019n\u0131n \u00fcz\u00fcnt\u00fcl\u00fc olduklar\u0131 g\u00f6r\u00fcld\u00fc. Karaca\u2019n\u0131n cenazesi Edirnekap\u0131 Mezarl\u0131\u011f\u0131\u2019na defnedilecek.<\/p>\n","protected":false},"excerpt":{"rendered":"<p>TOPRAK DEDE D\u0130YE B\u0130L\u0130NEN TEMA VAKFI\u2019NIN KURUCUSU VE ONURSAL BA\u015eKANI HAYRETT\u0130N KARACA, FAT\u0130H CAM\u0130\u0130\u2019NDE KILINAN CENAZE NAMAZI AKAB\u0130NDE SON YOLCULU\u011eUNA U\u011eURLANDI.<\/p>\n","protected":false},"author":1,"featured_media":258892,"comment_status":"closed","ping_status":"open","sticky":false,"template":"","format":"standard","meta":{"jetpack_post_was_ever_published":false,"_jetpack_newsletter_access":"","_jetpack_dont_email_post_to_subs":false,"_jetpack_newsletter_tier_id":0,"_jetpack_memberships_contains_paywalled_content":false,"_jetpack_memberships_contains_paid_content":false,"footnotes":"","jetpack_publicize_message":"","jetpack_publicize_feature_enabled":true,"jetpack_social_post_already_shared":true,"jetpack_social_options":{"image_generator_settings":{"template":"highway","default_image_id":0,"font":"","enabled":false},"version":2}},"categories":[1],"tags":[15878,1240,9353,2516,2515],"class_list":["post-258891","post","type-post","status-publish","format-standard","has-post-thumbnail","hentry","category-genel","tag-dede","tag-son","tag-toprak","tag-ugurlandi","tag-yolculuguna"],"jetpack_publicize_connections":[],"jetpack_featured_media_url":"https:\/\/i0.wp.com\/www.tvturk.com\/wp-content\/uploads\/2020\/01\/toprak-dede-son-yolculuguna-ugurlandi_066df37.jpg?fit=1000%2C750","jetpack_sharing_enabled":true,"jetpack_shortlink":"https:\/\/wp.me\/paKIfm-15lF","_links":{"self":[{"href":"http:\/\/www.tvturk.com\/index.php\/wp-json\/wp\/v2\/posts\/258891","targetHints":{"allow":["GET"]}}],"collection":[{"href":"http:\/\/www.tvturk.com\/index.php\/wp-json\/wp\/v2\/posts"}],"about":[{"href":"http:\/\/www.tvturk.com\/index.php\/wp-json\/wp\/v2\/types\/post"}],"author":[{"embeddable":true,"href":"http:\/\/www.tvturk.com\/index.php\/wp-json\/wp\/v2\/users\/1"}],"replies":[{"embeddable":true,"href":"http:\/\/www.tvturk.com\/index.php\/wp-json\/wp\/v2\/comments?post=258891"}],"version-history":[{"count":0,"href":"http:\/\/www.tvturk.com\/index.php\/wp-json\/wp\/v2\/posts\/258891\/revisions"}],"wp:featuredmedia":[{"embeddable":true,"href":"http:\/\/www.tvturk.com\/index.php\/wp-json\/wp\/v2\/media\/258892"}],"wp:attachment":[{"href":"http:\/\/www.tvturk.com\/index.php\/wp-json\/wp\/v2\/media?parent=258891"}],"wp:term":[{"taxonomy":"category","embeddable":true,"href":"http:\/\/www.tvturk.com\/index.php\/wp-json\/wp\/v2\/categories?post=258891"},{"taxonomy":"post_tag","embeddable":true,"href":"http:\/\/www.tvturk.com\/index.php\/wp-json\/wp\/v2\/tags?post=258891"}],"curies":[{"name":"wp","href":"https:\/\/api.w.org\/{rel}","templated":true}]}}