{"id":258897,"date":"2020-01-22T15:17:29","date_gmt":"2020-01-22T12:17:29","guid":{"rendered":"http:\/\/www.tvturk.com\/index.php\/samsunspor-burak-calik-ile-15-yillik-sozlesme-imzaladi\/"},"modified":"2020-01-22T15:17:29","modified_gmt":"2020-01-22T12:17:29","slug":"samsunspor-burak-calik-ile-15-yillik-sozlesme-imzaladi","status":"publish","type":"post","link":"http:\/\/www.tvturk.com\/index.php\/samsunspor-burak-calik-ile-15-yillik-sozlesme-imzaladi\/","title":{"rendered":"Samsunspor Burak \u00c7al\u0131k ile 1,5 y\u0131ll\u0131k s\u00f6zle\u015fme imzalad\u0131"},"content":{"rendered":"<p>Samsunspor, Burak \u00c7al\u0131k\u2019\u0131 1,5 y\u0131ll\u0131\u011f\u0131na renklerine ba\u011flad\u0131.<\/p>\n<p>Nuri Asan Tesislerinde imza t\u00f6reni d\u00fczenlendi. \u0130mza t\u00f6reni \u00f6ncesi konu\u015fan Genel Menajer Mustafa Aztopal, \u201c\u00c7ok tecr\u00fcbeli, \u015fampiyonluklar ya\u015fam\u0131\u015f, lider bir oyuncuyu kadromuza katt\u0131\u011f\u0131m\u0131z i\u00e7in son derece mutluyuz. Burak\u2019\u0131n burada yar\u0131m kalan bir hikayesi vard\u0131. \u0130n\u015fallah \u015fimdi o hikayeyi birlikte ba\u015far\u0131larla dolu olarak tamamlayaca\u011f\u0131z. Kendisine \u2018ho\u015f geldin\u2019 diyor ba\u015far\u0131lar diliyorum\u201d dedi.<\/p>\n<p>Samsunspor\u2019a geldi\u011fi i\u00e7in mutlu oldu\u011funu belirten Burak \u00c7al\u0131k, \u201cHer iki taraf i\u00e7in de hay\u0131rl\u0131s\u0131 olsun. Bizde in\u015fallah Samsunspor\u2019un \u015fampiyonlu\u011funda yard\u0131m eden oyunculardan biri oluruz. Bir projeye ve hedefe geldik. \u0130n\u015fallah hep beraber bunu ba\u015far\u0131r\u0131z. Sezon sonunda da \u015fampiyonlukta bizim de eme\u011fimiz olur\u201d diye konu\u015ftu.<\/p>\n","protected":false},"excerpt":{"rendered":"<p>SAMSUNSPOR, BURAK \u00c7ALIK\u2019I 1,5 YILLI\u011eINA RENKLER\u0130NE BA\u011eLADI. NUR\u0130 ASAN TES\u0130SLER\u0130NDE \u0130MZA T\u00d6REN\u0130 D\u00dcZENLEND\u0130.<\/p>\n","protected":false},"author":1,"featured_media":258898,"comment_status":"closed","ping_status":"open","sticky":false,"template":"","format":"standard","meta":{"jetpack_post_was_ever_published":false,"_jetpack_newsletter_access":"","_jetpack_dont_email_post_to_subs":false,"_jetpack_newsletter_tier_id":0,"_jetpack_memberships_contains_paywalled_content":false,"_jetpack_memberships_contains_paid_content":false,"footnotes":"","jetpack_publicize_message":"","jetpack_publicize_feature_enabled":true,"jetpack_social_post_already_shared":true,"jetpack_social_options":{"image_generator_settings":{"template":"highway","default_image_id":0,"font":"","enabled":false},"version":2}},"categories":[657],"tags":[1878,1801,7932,8725,192,2317,8450,4475,710],"class_list":["post-258897","post","type-post","status-publish","format-standard","has-post-thumbnail","hentry","category-spor","tag-1878","tag-1801","tag-burak","tag-calik","tag-ile","tag-imzaladi","tag-samsunspor","tag-sozlesme","tag-yillik"],"jetpack_publicize_connections":[],"jetpack_featured_media_url":"https:\/\/i0.wp.com\/www.tvturk.com\/wp-content\/uploads\/2020\/01\/samsunspor-burak-calik-ile-15-yillik-sozlesme-imzaladi_21bbae4.jpg?fit=1000%2C666","jetpack_sharing_enabled":true,"jetpack_shortlink":"https:\/\/wp.me\/paKIfm-15lL","_links":{"self":[{"href":"http:\/\/www.tvturk.com\/index.php\/wp-json\/wp\/v2\/posts\/258897","targetHints":{"allow":["GET"]}}],"collection":[{"href":"http:\/\/www.tvturk.com\/index.php\/wp-json\/wp\/v2\/posts"}],"about":[{"href":"http:\/\/www.tvturk.com\/index.php\/wp-json\/wp\/v2\/types\/post"}],"author":[{"embeddable":true,"href":"http:\/\/www.tvturk.com\/index.php\/wp-json\/wp\/v2\/users\/1"}],"replies":[{"embeddable":true,"href":"http:\/\/www.tvturk.com\/index.php\/wp-json\/wp\/v2\/comments?post=258897"}],"version-history":[{"count":0,"href":"http:\/\/www.tvturk.com\/index.php\/wp-json\/wp\/v2\/posts\/258897\/revisions"}],"wp:featuredmedia":[{"embeddable":true,"href":"http:\/\/www.tvturk.com\/index.php\/wp-json\/wp\/v2\/media\/258898"}],"wp:attachment":[{"href":"http:\/\/www.tvturk.com\/index.php\/wp-json\/wp\/v2\/media?parent=258897"}],"wp:term":[{"taxonomy":"category","embeddable":true,"href":"http:\/\/www.tvturk.com\/index.php\/wp-json\/wp\/v2\/categories?post=258897"},{"taxonomy":"post_tag","embeddable":true,"href":"http:\/\/www.tvturk.com\/index.php\/wp-json\/wp\/v2\/tags?post=258897"}],"curies":[{"name":"wp","href":"https:\/\/api.w.org\/{rel}","templated":true}]}}